{"id":57929,"date":"2025-03-14T09:58:47","date_gmt":"2025-03-14T13:58:47","guid":{"rendered":"https:\/\/www.cec.org\/renforcement-de-la-conservation-du-monarque-grace-a-une-collaboration-fondee-sur-des-donnees-probantes\/"},"modified":"2025-03-18T10:58:30","modified_gmt":"2025-03-18T14:58:30","slug":"renforcement-de-la-conservation-du-monarque-grace-a-une-collaboration-fondee-sur-des-donnees-probantes","status":"publish","type":"post","link":"https:\/\/www.cec.org\/fr\/renforcement-de-la-conservation-du-monarque-grace-a-une-collaboration-fondee-sur-des-donnees-probantes\/","title":{"rendered":"Renforcement de la conservation du monarque gr\u00e2ce \u00e0 une collaboration fond\u00e9e sur des donn\u00e9es probantes"},"content":{"rendered":"<p>La population de papillons monarques (les \u00ab monarques \u00bb) a connu un d\u00e9clin important au cours des derni\u00e8res d\u00e9cennies. Bien que la saison d\u2019hivernage 2024-2025 ait connu une augmentation par rapport \u00e0 l'ann\u00e9e pr\u00e9c\u00e9dente, la taille de la population reste l'une des plus faibles jamais enregistr\u00e9es et souligne les d\u00e9fis continus pour la conservation des monarques, ainsi que l\u2019urgence de mener des travaux de conservation coordonn\u00e9s et fond\u00e9s sur des donn\u00e9es probantes. Le Canada, le Mexique et les \u00c9tats-Unis ont \u00e9tabli le Partenariat scientifique trinational pour la conservation du monarque (PSTCM) par suite de la population hivernante extr\u00eamement faible observ\u00e9e en 2013-2014. Ce partenariat a jou\u00e9 un r\u00f4le crucial pour relever de fa\u00e7on collaborative les d\u00e9fis li\u00e9s \u00e0 la conservation du monarque. Le projet permettra d\u2019organiser des r\u00e9unions virtuelles cibl\u00e9es entre le PSTCM et d\u2019autres protagonistes cl\u00e9s en mati\u00e8re de conservation, qui feront le point sur les travaux de collecte de donn\u00e9es probantes et tireront des enseignements de la mise en \u0153uvre de ces travaux et de leurs r\u00e9sultats. Une r\u00e9union conjointe en personne facilitera la collaboration inclusive et permettra de d\u00e9finir les besoins, les obstacles et les possibilit\u00e9s concernant la conservation du monarque sur le terrain, les mesures prioritaires fond\u00e9es sur des donn\u00e9es probantes et une approche commune de la gestion de ces mesures. Le projet vise \u00e0 guider les futures strat\u00e9gies de conservation et appuyer les travaux continus du PSTCM et de sp\u00e9cialistes de la conservation du monarque pour r\u00e9tablir les populations de monarques en Am\u00e9rique du Nord.<\/p>\n","protected":false},"excerpt":{"rendered":"<p>La population de papillons monarques (les \u00ab monarques \u00bb) a connu un d\u00e9clin important au cours des derni\u00e8res d\u00e9cennies. Bien que la saison d\u2019hivernage 2024-2025 ait connu une augmentation par rapport \u00e0 l&rsquo;ann\u00e9e pr\u00e9c\u00e9dente, la taille de la population reste l&rsquo;une des plus faibles jamais enregistr\u00e9es et souligne les d\u00e9fis continus pour la conservation des [&hellip;]<\/p>\n","protected":false},"author":1,"featured_media":57922,"comment_status":"closed","ping_status":"","sticky":false,"template":"","format":"standard","meta":{"_acf_changed":false,"footnotes":""},"categories":[673,46],"tags":[],"class_list":["post-57929","post","type-post","status-publish","format-standard","has-post-thumbnail","hentry","category-conservation-des-monarques-et-autres-pollinisateurs","category-ecosystemes","status-conclu"],"acf":[],"yoast_head":"<!-- This site is optimized with the Yoast SEO Premium plugin v27.4 (Yoast SEO v27.4) - https:\/\/yoast.com\/product\/yoast-seo-premium-wordpress\/ -->\n<title>Renforcement de la conservation du monarque gr\u00e2ce \u00e0 une collaboration fond\u00e9e sur des donn\u00e9es probantes<\/title>\n<meta name=\"description\" content=\"La population de papillons monarques (les \u00ab monarques \u00bb) a connu un d\u00e9clin important au cours des derni\u00e8res d\u00e9cennies. Bien que la saison d\u2019hivernage\" \/>\n<meta name=\"robots\" content=\"index, follow, max-snippet:-1, max-image-preview:large, max-video-preview:-1\" \/>\n<link rel=\"canonical\" href=\"https:\/\/www.cec.org\/fr\/renforcement-de-la-conservation-du-monarque-grace-a-une-collaboration-fondee-sur-des-donnees-probantes\/\" \/>\n<meta property=\"og:locale\" content=\"fr_FR\" \/>\n<meta property=\"og:type\" content=\"article\" \/>\n<meta property=\"og:title\" content=\"Renforcement de la conservation du monarque gr\u00e2ce \u00e0 une collaboration fond\u00e9e sur des donn\u00e9es probantes\" \/>\n<meta property=\"og:description\" content=\"La population de papillons monarques (les \u00ab monarques \u00bb) a connu un d\u00e9clin important au cours des derni\u00e8res d\u00e9cennies. Bien que la saison d\u2019hivernage\" \/>\n<meta property=\"og:url\" content=\"https:\/\/www.cec.org\/fr\/renforcement-de-la-conservation-du-monarque-grace-a-une-collaboration-fondee-sur-des-donnees-probantes\/\" \/>\n<meta property=\"og:site_name\" content=\"Commission de coop\u00e9ration environnementale\" \/>\n<meta property=\"article:publisher\" content=\"https:\/\/www.facebook.com\/CECconnect\" \/>\n<meta property=\"article:published_time\" content=\"2025-03-14T13:58:47+00:00\" \/>\n<meta property=\"article:modified_time\" content=\"2025-03-18T14:58:30+00:00\" \/>\n<meta property=\"og:image\" content=\"https:\/\/www.cec.org\/wp-content\/uploads\/Monarch-Butterfly-Conservation.webp\" \/>\n\t<meta property=\"og:image:width\" content=\"1200\" \/>\n\t<meta property=\"og:image:height\" content=\"684\" \/>\n\t<meta property=\"og:image:type\" content=\"image\/webp\" \/>\n<meta name=\"author\" content=\"cecmain_adm\" \/>\n<meta name=\"twitter:card\" content=\"summary_large_image\" \/>\n<meta name=\"twitter:creator\" content=\"@CECweb\" \/>\n<meta name=\"twitter:site\" content=\"@CECweb\" \/>\n<script type=\"application\/ld+json\" class=\"yoast-schema-graph\">{\"@context\":\"https:\\\/\\\/schema.org\",\"@graph\":[{\"@type\":\"Article\",\"@id\":\"https:\\\/\\\/www.cec.org\\\/fr\\\/renforcement-de-la-conservation-du-monarque-grace-a-une-collaboration-fondee-sur-des-donnees-probantes\\\/#article\",\"isPartOf\":{\"@id\":\"https:\\\/\\\/www.cec.org\\\/fr\\\/renforcement-de-la-conservation-du-monarque-grace-a-une-collaboration-fondee-sur-des-donnees-probantes\\\/\"},\"author\":{\"name\":\"cecmain_adm\",\"@id\":\"https:\\\/\\\/www.cec.org\\\/fr\\\/#\\\/schema\\\/person\\\/cfaad09db438c516cb646ff4ea6f47bd\"},\"headline\":\"Renforcement de la conservation du monarque gr\u00e2ce \u00e0 une collaboration fond\u00e9e sur des donn\u00e9es probantes\",\"datePublished\":\"2025-03-14T13:58:47+00:00\",\"dateModified\":\"2025-03-18T14:58:30+00:00\",\"mainEntityOfPage\":{\"@id\":\"https:\\\/\\\/www.cec.org\\\/fr\\\/renforcement-de-la-conservation-du-monarque-grace-a-une-collaboration-fondee-sur-des-donnees-probantes\\\/\"},\"wordCount\":300,\"image\":{\"@id\":\"https:\\\/\\\/www.cec.org\\\/fr\\\/renforcement-de-la-conservation-du-monarque-grace-a-une-collaboration-fondee-sur-des-donnees-probantes\\\/#primaryimage\"},\"thumbnailUrl\":\"https:\\\/\\\/www.cec.org\\\/wp-content\\\/uploads\\\/Monarch-Butterfly-Conservation.webp\",\"articleSection\":[\"Conservation des monarques et autres pollinisateurs\",\"\u00c9cosyst\u00e8mes\"],\"inLanguage\":\"fr-FR\"},{\"@type\":\"WebPage\",\"@id\":\"https:\\\/\\\/www.cec.org\\\/fr\\\/renforcement-de-la-conservation-du-monarque-grace-a-une-collaboration-fondee-sur-des-donnees-probantes\\\/\",\"url\":\"https:\\\/\\\/www.cec.org\\\/fr\\\/renforcement-de-la-conservation-du-monarque-grace-a-une-collaboration-fondee-sur-des-donnees-probantes\\\/\",\"name\":\"Renforcement de la conservation du monarque gr\u00e2ce \u00e0 une collaboration fond\u00e9e sur des donn\u00e9es probantes\",\"isPartOf\":{\"@id\":\"https:\\\/\\\/www.cec.org\\\/fr\\\/#website\"},\"primaryImageOfPage\":{\"@id\":\"https:\\\/\\\/www.cec.org\\\/fr\\\/renforcement-de-la-conservation-du-monarque-grace-a-une-collaboration-fondee-sur-des-donnees-probantes\\\/#primaryimage\"},\"image\":{\"@id\":\"https:\\\/\\\/www.cec.org\\\/fr\\\/renforcement-de-la-conservation-du-monarque-grace-a-une-collaboration-fondee-sur-des-donnees-probantes\\\/#primaryimage\"},\"thumbnailUrl\":\"https:\\\/\\\/www.cec.org\\\/wp-content\\\/uploads\\\/Monarch-Butterfly-Conservation.webp\",\"datePublished\":\"2025-03-14T13:58:47+00:00\",\"dateModified\":\"2025-03-18T14:58:30+00:00\",\"author\":{\"@id\":\"https:\\\/\\\/www.cec.org\\\/fr\\\/#\\\/schema\\\/person\\\/cfaad09db438c516cb646ff4ea6f47bd\"},\"description\":\"La population de papillons monarques (les \u00ab monarques \u00bb) a connu un d\u00e9clin important au cours des derni\u00e8res d\u00e9cennies. Bien que la saison d\u2019hivernage\",\"breadcrumb\":{\"@id\":\"https:\\\/\\\/www.cec.org\\\/fr\\\/renforcement-de-la-conservation-du-monarque-grace-a-une-collaboration-fondee-sur-des-donnees-probantes\\\/#breadcrumb\"},\"inLanguage\":\"fr-FR\",\"potentialAction\":[{\"@type\":\"ReadAction\",\"target\":[\"https:\\\/\\\/www.cec.org\\\/fr\\\/renforcement-de-la-conservation-du-monarque-grace-a-une-collaboration-fondee-sur-des-donnees-probantes\\\/\"]}]},{\"@type\":\"ImageObject\",\"inLanguage\":\"fr-FR\",\"@id\":\"https:\\\/\\\/www.cec.org\\\/fr\\\/renforcement-de-la-conservation-du-monarque-grace-a-une-collaboration-fondee-sur-des-donnees-probantes\\\/#primaryimage\",\"url\":\"https:\\\/\\\/www.cec.org\\\/wp-content\\\/uploads\\\/Monarch-Butterfly-Conservation.webp\",\"contentUrl\":\"https:\\\/\\\/www.cec.org\\\/wp-content\\\/uploads\\\/Monarch-Butterfly-Conservation.webp\",\"width\":1200,\"height\":684,\"caption\":\"Monarch Butterfly Conservation\"},{\"@type\":\"BreadcrumbList\",\"@id\":\"https:\\\/\\\/www.cec.org\\\/fr\\\/renforcement-de-la-conservation-du-monarque-grace-a-une-collaboration-fondee-sur-des-donnees-probantes\\\/#breadcrumb\",\"itemListElement\":[{\"@type\":\"ListItem\",\"position\":1,\"name\":\"Accueil\",\"item\":\"https:\\\/\\\/www.cec.org\\\/fr\\\/\"},{\"@type\":\"ListItem\",\"position\":2,\"name\":\"Renforcement de la conservation du monarque gr\u00e2ce \u00e0 une collaboration fond\u00e9e sur des donn\u00e9es probantes\"}]},{\"@type\":\"WebSite\",\"@id\":\"https:\\\/\\\/www.cec.org\\\/fr\\\/#website\",\"url\":\"https:\\\/\\\/www.cec.org\\\/fr\\\/\",\"name\":\"Commission for Environmental Cooperation\",\"description\":\"Three countries working together to protect our shared environment\",\"alternateName\":\"CEC - CCA -CCE\",\"potentialAction\":[{\"@type\":\"SearchAction\",\"target\":{\"@type\":\"EntryPoint\",\"urlTemplate\":\"https:\\\/\\\/www.cec.org\\\/fr\\\/?s={search_term_string}\"},\"query-input\":{\"@type\":\"PropertyValueSpecification\",\"valueRequired\":true,\"valueName\":\"search_term_string\"}}],\"inLanguage\":\"fr-FR\"},{\"@type\":\"Person\",\"@id\":\"https:\\\/\\\/www.cec.org\\\/fr\\\/#\\\/schema\\\/person\\\/cfaad09db438c516cb646ff4ea6f47bd\",\"name\":\"cecmain_adm\",\"image\":{\"@type\":\"ImageObject\",\"inLanguage\":\"fr-FR\",\"@id\":\"https:\\\/\\\/secure.gravatar.com\\\/avatar\\\/a8f608e33cee97f3c3c65bd1a9f0c7bf3e6726944b6bfc60ad0a39ccaf49f67a?s=96&d=mm&r=g\",\"url\":\"https:\\\/\\\/secure.gravatar.com\\\/avatar\\\/a8f608e33cee97f3c3c65bd1a9f0c7bf3e6726944b6bfc60ad0a39ccaf49f67a?s=96&d=mm&r=g\",\"contentUrl\":\"https:\\\/\\\/secure.gravatar.com\\\/avatar\\\/a8f608e33cee97f3c3c65bd1a9f0c7bf3e6726944b6bfc60ad0a39ccaf49f67a?s=96&d=mm&r=g\",\"caption\":\"cecmain_adm\"}}]}<\/script>\n<!-- \/ Yoast SEO Premium plugin. -->","yoast_head_json":{"title":"Renforcement de la conservation du monarque gr\u00e2ce \u00e0 une collaboration fond\u00e9e sur des donn\u00e9es probantes","description":"La population de papillons monarques (les \u00ab monarques \u00bb) a connu un d\u00e9clin important au cours des derni\u00e8res d\u00e9cennies. Bien que la saison d\u2019hivernage","robots":{"index":"index","follow":"follow","max-snippet":"max-snippet:-1","max-image-preview":"max-image-preview:large","max-video-preview":"max-video-preview:-1"},"canonical":"https:\/\/www.cec.org\/fr\/renforcement-de-la-conservation-du-monarque-grace-a-une-collaboration-fondee-sur-des-donnees-probantes\/","og_locale":"fr_FR","og_type":"article","og_title":"Renforcement de la conservation du monarque gr\u00e2ce \u00e0 une collaboration fond\u00e9e sur des donn\u00e9es probantes","og_description":"La population de papillons monarques (les \u00ab monarques \u00bb) a connu un d\u00e9clin important au cours des derni\u00e8res d\u00e9cennies. Bien que la saison d\u2019hivernage","og_url":"https:\/\/www.cec.org\/fr\/renforcement-de-la-conservation-du-monarque-grace-a-une-collaboration-fondee-sur-des-donnees-probantes\/","og_site_name":"Commission de coop\u00e9ration environnementale","article_publisher":"https:\/\/www.facebook.com\/CECconnect","article_published_time":"2025-03-14T13:58:47+00:00","article_modified_time":"2025-03-18T14:58:30+00:00","og_image":[{"width":1200,"height":684,"url":"https:\/\/www.cec.org\/wp-content\/uploads\/Monarch-Butterfly-Conservation.webp","type":"image\/webp"}],"author":"cecmain_adm","twitter_card":"summary_large_image","twitter_creator":"@CECweb","twitter_site":"@CECweb","schema":{"@context":"https:\/\/schema.org","@graph":[{"@type":"Article","@id":"https:\/\/www.cec.org\/fr\/renforcement-de-la-conservation-du-monarque-grace-a-une-collaboration-fondee-sur-des-donnees-probantes\/#article","isPartOf":{"@id":"https:\/\/www.cec.org\/fr\/renforcement-de-la-conservation-du-monarque-grace-a-une-collaboration-fondee-sur-des-donnees-probantes\/"},"author":{"name":"cecmain_adm","@id":"https:\/\/www.cec.org\/fr\/#\/schema\/person\/cfaad09db438c516cb646ff4ea6f47bd"},"headline":"Renforcement de la conservation du monarque gr\u00e2ce \u00e0 une collaboration fond\u00e9e sur des donn\u00e9es probantes","datePublished":"2025-03-14T13:58:47+00:00","dateModified":"2025-03-18T14:58:30+00:00","mainEntityOfPage":{"@id":"https:\/\/www.cec.org\/fr\/renforcement-de-la-conservation-du-monarque-grace-a-une-collaboration-fondee-sur-des-donnees-probantes\/"},"wordCount":300,"image":{"@id":"https:\/\/www.cec.org\/fr\/renforcement-de-la-conservation-du-monarque-grace-a-une-collaboration-fondee-sur-des-donnees-probantes\/#primaryimage"},"thumbnailUrl":"https:\/\/www.cec.org\/wp-content\/uploads\/Monarch-Butterfly-Conservation.webp","articleSection":["Conservation des monarques et autres pollinisateurs","\u00c9cosyst\u00e8mes"],"inLanguage":"fr-FR"},{"@type":"WebPage","@id":"https:\/\/www.cec.org\/fr\/renforcement-de-la-conservation-du-monarque-grace-a-une-collaboration-fondee-sur-des-donnees-probantes\/","url":"https:\/\/www.cec.org\/fr\/renforcement-de-la-conservation-du-monarque-grace-a-une-collaboration-fondee-sur-des-donnees-probantes\/","name":"Renforcement de la conservation du monarque gr\u00e2ce \u00e0 une collaboration fond\u00e9e sur des donn\u00e9es probantes","isPartOf":{"@id":"https:\/\/www.cec.org\/fr\/#website"},"primaryImageOfPage":{"@id":"https:\/\/www.cec.org\/fr\/renforcement-de-la-conservation-du-monarque-grace-a-une-collaboration-fondee-sur-des-donnees-probantes\/#primaryimage"},"image":{"@id":"https:\/\/www.cec.org\/fr\/renforcement-de-la-conservation-du-monarque-grace-a-une-collaboration-fondee-sur-des-donnees-probantes\/#primaryimage"},"thumbnailUrl":"https:\/\/www.cec.org\/wp-content\/uploads\/Monarch-Butterfly-Conservation.webp","datePublished":"2025-03-14T13:58:47+00:00","dateModified":"2025-03-18T14:58:30+00:00","author":{"@id":"https:\/\/www.cec.org\/fr\/#\/schema\/person\/cfaad09db438c516cb646ff4ea6f47bd"},"description":"La population de papillons monarques (les \u00ab monarques \u00bb) a connu un d\u00e9clin important au cours des derni\u00e8res d\u00e9cennies. Bien que la saison d\u2019hivernage","breadcrumb":{"@id":"https:\/\/www.cec.org\/fr\/renforcement-de-la-conservation-du-monarque-grace-a-une-collaboration-fondee-sur-des-donnees-probantes\/#breadcrumb"},"inLanguage":"fr-FR","potentialAction":[{"@type":"ReadAction","target":["https:\/\/www.cec.org\/fr\/renforcement-de-la-conservation-du-monarque-grace-a-une-collaboration-fondee-sur-des-donnees-probantes\/"]}]},{"@type":"ImageObject","inLanguage":"fr-FR","@id":"https:\/\/www.cec.org\/fr\/renforcement-de-la-conservation-du-monarque-grace-a-une-collaboration-fondee-sur-des-donnees-probantes\/#primaryimage","url":"https:\/\/www.cec.org\/wp-content\/uploads\/Monarch-Butterfly-Conservation.webp","contentUrl":"https:\/\/www.cec.org\/wp-content\/uploads\/Monarch-Butterfly-Conservation.webp","width":1200,"height":684,"caption":"Monarch Butterfly Conservation"},{"@type":"BreadcrumbList","@id":"https:\/\/www.cec.org\/fr\/renforcement-de-la-conservation-du-monarque-grace-a-une-collaboration-fondee-sur-des-donnees-probantes\/#breadcrumb","itemListElement":[{"@type":"ListItem","position":1,"name":"Accueil","item":"https:\/\/www.cec.org\/fr\/"},{"@type":"ListItem","position":2,"name":"Renforcement de la conservation du monarque gr\u00e2ce \u00e0 une collaboration fond\u00e9e sur des donn\u00e9es probantes"}]},{"@type":"WebSite","@id":"https:\/\/www.cec.org\/fr\/#website","url":"https:\/\/www.cec.org\/fr\/","name":"Commission for Environmental Cooperation","description":"Three countries working together to protect our shared environment","alternateName":"CEC - CCA -CCE","potentialAction":[{"@type":"SearchAction","target":{"@type":"EntryPoint","urlTemplate":"https:\/\/www.cec.org\/fr\/?s={search_term_string}"},"query-input":{"@type":"PropertyValueSpecification","valueRequired":true,"valueName":"search_term_string"}}],"inLanguage":"fr-FR"},{"@type":"Person","@id":"https:\/\/www.cec.org\/fr\/#\/schema\/person\/cfaad09db438c516cb646ff4ea6f47bd","name":"cecmain_adm","image":{"@type":"ImageObject","inLanguage":"fr-FR","@id":"https:\/\/secure.gravatar.com\/avatar\/a8f608e33cee97f3c3c65bd1a9f0c7bf3e6726944b6bfc60ad0a39ccaf49f67a?s=96&d=mm&r=g","url":"https:\/\/secure.gravatar.com\/avatar\/a8f608e33cee97f3c3c65bd1a9f0c7bf3e6726944b6bfc60ad0a39ccaf49f67a?s=96&d=mm&r=g","contentUrl":"https:\/\/secure.gravatar.com\/avatar\/a8f608e33cee97f3c3c65bd1a9f0c7bf3e6726944b6bfc60ad0a39ccaf49f67a?s=96&d=mm&r=g","caption":"cecmain_adm"}}]}},"_links":{"self":[{"href":"https:\/\/www.cec.org\/fr\/wp-json\/wp\/v2\/posts\/57929","targetHints":{"allow":["GET"]}}],"collection":[{"href":"https:\/\/www.cec.org\/fr\/wp-json\/wp\/v2\/posts"}],"about":[{"href":"https:\/\/www.cec.org\/fr\/wp-json\/wp\/v2\/types\/post"}],"author":[{"embeddable":true,"href":"https:\/\/www.cec.org\/fr\/wp-json\/wp\/v2\/users\/1"}],"replies":[{"embeddable":true,"href":"https:\/\/www.cec.org\/fr\/wp-json\/wp\/v2\/comments?post=57929"}],"version-history":[{"count":1,"href":"https:\/\/www.cec.org\/fr\/wp-json\/wp\/v2\/posts\/57929\/revisions"}],"predecessor-version":[{"id":57957,"href":"https:\/\/www.cec.org\/fr\/wp-json\/wp\/v2\/posts\/57929\/revisions\/57957"}],"wp:featuredmedia":[{"embeddable":true,"href":"https:\/\/www.cec.org\/fr\/wp-json\/wp\/v2\/media\/57922"}],"wp:attachment":[{"href":"https:\/\/www.cec.org\/fr\/wp-json\/wp\/v2\/media?parent=57929"}],"wp:term":[{"taxonomy":"category","embeddable":true,"href":"https:\/\/www.cec.org\/fr\/wp-json\/wp\/v2\/categories?post=57929"},{"taxonomy":"post_tag","embeddable":true,"href":"https:\/\/www.cec.org\/fr\/wp-json\/wp\/v2\/tags?post=57929"}],"curies":[{"name":"wp","href":"https:\/\/api.w.org\/{rel}","templated":true}]}}