{"id":11545,"date":"2011-10-18T17:29:59","date_gmt":"2011-10-18T21:29:59","guid":{"rendered":"http:\/\/www.cec.org\/gestion-rationnelle-des-dechets-electroniques-en-amerique-du-nord\/"},"modified":"2024-07-11T13:28:38","modified_gmt":"2024-07-11T17:28:38","slug":"gestion-rationnelle-des-dechets-electroniques-en-amerique-du-nord","status":"publish","type":"post","link":"https:\/\/www.cec.org\/fr\/gestion-rationnelle-des-dechets-electroniques-en-amerique-du-nord\/","title":{"rendered":"Gestion rationnelle des d\u00e9chets \u00e9lectroniques en Am\u00e9rique du Nord"},"content":{"rendered":"<p>Les appareils \u00e9lectroniques \u2013 t\u00e9l\u00e9visions, t\u00e9l\u00e9phones intelligents et ordinateurs \u2013 font partie int\u00e9grante de la vie d\u2019aujourd\u2019hui. Ils sont plus abordables que jamais, sauf qu\u2019ils deviennent tr\u00e8s rapidement d\u00e9suets. Lorsque c\u2019est le cas, la plupart d\u2019entre eux sont mis au rebut, entrepos\u00e9s ou exp\u00e9di\u00e9s vers des pays o\u00f9 le recyclage ne s\u2019effectue pas toujours de fa\u00e7on respectueuse de l\u2019environnement. Les appareils \u00e9lectroniques contiennent quelque 40 \u00e0 60 composants et m\u00e9taux qui, lorsqu\u2019ils ne sont pas g\u00e9r\u00e9s ad\u00e9quatement, peuvent pr\u00e9senter d\u2019importants risques pour la sant\u00e9 et l\u2019environnement en raison de la lixiviation de m\u00e9taux tels que le plomb, le mercure et le cadmium, ou l\u2019\u00e9coulement de compos\u00e9s \u00e9ventuellement dangereux tels que les produits ignifuges \u00e0 base de brome.<\/p>\n<p>La gestion \u00e9cologiquement rationnelle (GER) des d\u00e9chets \u00e9lectroniques est une question pr\u00e9occupante en Am\u00e9rique du Nord, en raison du nombre toujours plus grand d\u2019appareils \u00e9lectroniques mis au rebut chaque ann\u00e9e qui contiennent des mati\u00e8res et substances dangereuses. Pour cette raison, le Canada, le Mexique et les \u00c9tats-Unis ont mis un projet sur pied afin de dresser un portrait des mouvements transfrontaliers, ou flux, des ordinateurs, des moniteurs et des autres appareils \u00e9lectroniques usag\u00e9s et en fin de vie utile en Am\u00e9rique du Nord. Ce projet a pour but de quantifier et de caract\u00e9riser les importations et les exportations de mat\u00e9riel \u00e9lectronique usag\u00e9 \u00e0 partir et \u00e0 destination de l\u2019Am\u00e9rique du Nord, et de fournir ainsi aux d\u00e9cideurs de l\u2019information dont ils peuvent se servir pour \u00e9laborer des politiques et des strat\u00e9gies et les appliquer afin de r\u00e9soudre ce probl\u00e8me \u00e0 l\u2019\u00e9chelle du continent.<\/p>\n","protected":false},"excerpt":{"rendered":"<p>Les appareils \u00e9lectroniques \u2013 t\u00e9l\u00e9visions, t\u00e9l\u00e9phones intelligents et ordinateurs \u2013 font partie int\u00e9grante de la vie d\u2019aujourd\u2019hui. Ils sont plus abordables que jamais, sauf qu\u2019ils deviennent tr\u00e8s rapidement d\u00e9suets. Lorsque c\u2019est le cas, la plupart d\u2019entre eux sont mis au rebut, entrepos\u00e9s ou exp\u00e9di\u00e9s vers des pays o\u00f9 le recyclage ne s\u2019effectue pas toujours de [&hellip;]<\/p>\n","protected":false},"author":1,"featured_media":4458,"comment_status":"closed","ping_status":"closed","sticky":false,"template":"","format":"standard","meta":{"_acf_changed":false,"footnotes":""},"categories":[44],"tags":[],"class_list":["post-11545","post","type-post","status-publish","format-standard","has-post-thumbnail","hentry","category-modes-de-vie-et-economies-durables","status-conclu"],"acf":[],"yoast_head":"<!-- This site is optimized with the Yoast SEO Premium plugin v27.4 (Yoast SEO v27.4) - https:\/\/yoast.com\/product\/yoast-seo-premium-wordpress\/ -->\n<title>Gestion rationnelle des d\u00e9chets \u00e9lectroniques en Am\u00e9rique du Nord<\/title>\n<meta name=\"description\" content=\"Les appareils \u00e9lectroniques \u2013 t\u00e9l\u00e9visions, t\u00e9l\u00e9phones intelligents et ordinateurs \u2013 font partie int\u00e9grante de la vie d\u2019aujourd\u2019hui. Ils sont plus\" \/>\n<meta name=\"robots\" content=\"index, follow, max-snippet:-1, max-image-preview:large, max-video-preview:-1\" \/>\n<link rel=\"canonical\" href=\"https:\/\/www.cec.org\/fr\/gestion-rationnelle-des-dechets-electroniques-en-amerique-du-nord\/\" \/>\n<meta property=\"og:locale\" content=\"fr_FR\" \/>\n<meta property=\"og:type\" content=\"article\" \/>\n<meta property=\"og:title\" content=\"Gestion rationnelle des d\u00e9chets \u00e9lectroniques en Am\u00e9rique du Nord\" \/>\n<meta property=\"og:description\" content=\"Les appareils \u00e9lectroniques \u2013 t\u00e9l\u00e9visions, t\u00e9l\u00e9phones intelligents et ordinateurs \u2013 font partie int\u00e9grante de la vie d\u2019aujourd\u2019hui. Ils sont plus\" \/>\n<meta property=\"og:url\" content=\"https:\/\/www.cec.org\/fr\/gestion-rationnelle-des-dechets-electroniques-en-amerique-du-nord\/\" \/>\n<meta property=\"og:site_name\" content=\"Commission de coop\u00e9ration environnementale\" \/>\n<meta property=\"article:publisher\" content=\"https:\/\/www.facebook.com\/CECconnect\" \/>\n<meta property=\"article:published_time\" content=\"2011-10-18T21:29:59+00:00\" \/>\n<meta property=\"article:modified_time\" content=\"2024-07-11T17:28:38+00:00\" \/>\n<meta property=\"og:image\" content=\"https:\/\/www.cec.org\/wp-content\/uploads\/2019\/10\/ge_sm_ewaste.png\" \/>\n\t<meta property=\"og:image:width\" content=\"600\" \/>\n\t<meta property=\"og:image:height\" content=\"342\" \/>\n\t<meta property=\"og:image:type\" content=\"image\/png\" \/>\n<meta name=\"author\" content=\"cecmain_adm\" \/>\n<meta name=\"twitter:card\" content=\"summary_large_image\" \/>\n<meta name=\"twitter:creator\" content=\"@CECweb\" \/>\n<meta name=\"twitter:site\" content=\"@CECweb\" \/>\n<script type=\"application\/ld+json\" class=\"yoast-schema-graph\">{\"@context\":\"https:\\\/\\\/schema.org\",\"@graph\":[{\"@type\":\"Article\",\"@id\":\"https:\\\/\\\/www.cec.org\\\/fr\\\/gestion-rationnelle-des-dechets-electroniques-en-amerique-du-nord\\\/#article\",\"isPartOf\":{\"@id\":\"https:\\\/\\\/www.cec.org\\\/fr\\\/gestion-rationnelle-des-dechets-electroniques-en-amerique-du-nord\\\/\"},\"author\":{\"name\":\"cecmain_adm\",\"@id\":\"https:\\\/\\\/www.cec.org\\\/fr\\\/#\\\/schema\\\/person\\\/cfaad09db438c516cb646ff4ea6f47bd\"},\"headline\":\"Gestion rationnelle des d\u00e9chets \u00e9lectroniques en Am\u00e9rique du Nord\",\"datePublished\":\"2011-10-18T21:29:59+00:00\",\"dateModified\":\"2024-07-11T17:28:38+00:00\",\"mainEntityOfPage\":{\"@id\":\"https:\\\/\\\/www.cec.org\\\/fr\\\/gestion-rationnelle-des-dechets-electroniques-en-amerique-du-nord\\\/\"},\"wordCount\":309,\"image\":{\"@id\":\"https:\\\/\\\/www.cec.org\\\/fr\\\/gestion-rationnelle-des-dechets-electroniques-en-amerique-du-nord\\\/#primaryimage\"},\"thumbnailUrl\":\"https:\\\/\\\/www.cec.org\\\/wp-content\\\/uploads\\\/2019\\\/10\\\/ge_sm_ewaste.png\",\"articleSection\":[\"Modes de vie et \u00e9conomies durables\"],\"inLanguage\":\"fr-FR\"},{\"@type\":\"WebPage\",\"@id\":\"https:\\\/\\\/www.cec.org\\\/fr\\\/gestion-rationnelle-des-dechets-electroniques-en-amerique-du-nord\\\/\",\"url\":\"https:\\\/\\\/www.cec.org\\\/fr\\\/gestion-rationnelle-des-dechets-electroniques-en-amerique-du-nord\\\/\",\"name\":\"Gestion rationnelle des d\u00e9chets \u00e9lectroniques en Am\u00e9rique du Nord\",\"isPartOf\":{\"@id\":\"https:\\\/\\\/www.cec.org\\\/fr\\\/#website\"},\"primaryImageOfPage\":{\"@id\":\"https:\\\/\\\/www.cec.org\\\/fr\\\/gestion-rationnelle-des-dechets-electroniques-en-amerique-du-nord\\\/#primaryimage\"},\"image\":{\"@id\":\"https:\\\/\\\/www.cec.org\\\/fr\\\/gestion-rationnelle-des-dechets-electroniques-en-amerique-du-nord\\\/#primaryimage\"},\"thumbnailUrl\":\"https:\\\/\\\/www.cec.org\\\/wp-content\\\/uploads\\\/2019\\\/10\\\/ge_sm_ewaste.png\",\"datePublished\":\"2011-10-18T21:29:59+00:00\",\"dateModified\":\"2024-07-11T17:28:38+00:00\",\"author\":{\"@id\":\"https:\\\/\\\/www.cec.org\\\/fr\\\/#\\\/schema\\\/person\\\/cfaad09db438c516cb646ff4ea6f47bd\"},\"description\":\"Les appareils \u00e9lectroniques \u2013 t\u00e9l\u00e9visions, t\u00e9l\u00e9phones intelligents et ordinateurs \u2013 font partie int\u00e9grante de la vie d\u2019aujourd\u2019hui. Ils sont plus\",\"breadcrumb\":{\"@id\":\"https:\\\/\\\/www.cec.org\\\/fr\\\/gestion-rationnelle-des-dechets-electroniques-en-amerique-du-nord\\\/#breadcrumb\"},\"inLanguage\":\"fr-FR\",\"potentialAction\":[{\"@type\":\"ReadAction\",\"target\":[\"https:\\\/\\\/www.cec.org\\\/fr\\\/gestion-rationnelle-des-dechets-electroniques-en-amerique-du-nord\\\/\"]}]},{\"@type\":\"ImageObject\",\"inLanguage\":\"fr-FR\",\"@id\":\"https:\\\/\\\/www.cec.org\\\/fr\\\/gestion-rationnelle-des-dechets-electroniques-en-amerique-du-nord\\\/#primaryimage\",\"url\":\"https:\\\/\\\/www.cec.org\\\/wp-content\\\/uploads\\\/2019\\\/10\\\/ge_sm_ewaste.png\",\"contentUrl\":\"https:\\\/\\\/www.cec.org\\\/wp-content\\\/uploads\\\/2019\\\/10\\\/ge_sm_ewaste.png\",\"width\":600,\"height\":342,\"caption\":\"CEC Projects - E-waste\"},{\"@type\":\"BreadcrumbList\",\"@id\":\"https:\\\/\\\/www.cec.org\\\/fr\\\/gestion-rationnelle-des-dechets-electroniques-en-amerique-du-nord\\\/#breadcrumb\",\"itemListElement\":[{\"@type\":\"ListItem\",\"position\":1,\"name\":\"Accueil\",\"item\":\"https:\\\/\\\/www.cec.org\\\/fr\\\/\"},{\"@type\":\"ListItem\",\"position\":2,\"name\":\"Gestion rationnelle des d\u00e9chets \u00e9lectroniques en Am\u00e9rique du Nord\"}]},{\"@type\":\"WebSite\",\"@id\":\"https:\\\/\\\/www.cec.org\\\/fr\\\/#website\",\"url\":\"https:\\\/\\\/www.cec.org\\\/fr\\\/\",\"name\":\"Commission for Environmental Cooperation\",\"description\":\"Three countries working together to protect our shared environment\",\"alternateName\":\"CEC - CCA -CCE\",\"potentialAction\":[{\"@type\":\"SearchAction\",\"target\":{\"@type\":\"EntryPoint\",\"urlTemplate\":\"https:\\\/\\\/www.cec.org\\\/fr\\\/?s={search_term_string}\"},\"query-input\":{\"@type\":\"PropertyValueSpecification\",\"valueRequired\":true,\"valueName\":\"search_term_string\"}}],\"inLanguage\":\"fr-FR\"},{\"@type\":\"Person\",\"@id\":\"https:\\\/\\\/www.cec.org\\\/fr\\\/#\\\/schema\\\/person\\\/cfaad09db438c516cb646ff4ea6f47bd\",\"name\":\"cecmain_adm\",\"image\":{\"@type\":\"ImageObject\",\"inLanguage\":\"fr-FR\",\"@id\":\"https:\\\/\\\/secure.gravatar.com\\\/avatar\\\/a8f608e33cee97f3c3c65bd1a9f0c7bf3e6726944b6bfc60ad0a39ccaf49f67a?s=96&d=mm&r=g\",\"url\":\"https:\\\/\\\/secure.gravatar.com\\\/avatar\\\/a8f608e33cee97f3c3c65bd1a9f0c7bf3e6726944b6bfc60ad0a39ccaf49f67a?s=96&d=mm&r=g\",\"contentUrl\":\"https:\\\/\\\/secure.gravatar.com\\\/avatar\\\/a8f608e33cee97f3c3c65bd1a9f0c7bf3e6726944b6bfc60ad0a39ccaf49f67a?s=96&d=mm&r=g\",\"caption\":\"cecmain_adm\"}}]}<\/script>\n<!-- \/ Yoast SEO Premium plugin. -->","yoast_head_json":{"title":"Gestion rationnelle des d\u00e9chets \u00e9lectroniques en Am\u00e9rique du Nord","description":"Les appareils \u00e9lectroniques \u2013 t\u00e9l\u00e9visions, t\u00e9l\u00e9phones intelligents et ordinateurs \u2013 font partie int\u00e9grante de la vie d\u2019aujourd\u2019hui. Ils sont plus","robots":{"index":"index","follow":"follow","max-snippet":"max-snippet:-1","max-image-preview":"max-image-preview:large","max-video-preview":"max-video-preview:-1"},"canonical":"https:\/\/www.cec.org\/fr\/gestion-rationnelle-des-dechets-electroniques-en-amerique-du-nord\/","og_locale":"fr_FR","og_type":"article","og_title":"Gestion rationnelle des d\u00e9chets \u00e9lectroniques en Am\u00e9rique du Nord","og_description":"Les appareils \u00e9lectroniques \u2013 t\u00e9l\u00e9visions, t\u00e9l\u00e9phones intelligents et ordinateurs \u2013 font partie int\u00e9grante de la vie d\u2019aujourd\u2019hui. Ils sont plus","og_url":"https:\/\/www.cec.org\/fr\/gestion-rationnelle-des-dechets-electroniques-en-amerique-du-nord\/","og_site_name":"Commission de coop\u00e9ration environnementale","article_publisher":"https:\/\/www.facebook.com\/CECconnect","article_published_time":"2011-10-18T21:29:59+00:00","article_modified_time":"2024-07-11T17:28:38+00:00","og_image":[{"width":600,"height":342,"url":"https:\/\/www.cec.org\/wp-content\/uploads\/2019\/10\/ge_sm_ewaste.png","type":"image\/png"}],"author":"cecmain_adm","twitter_card":"summary_large_image","twitter_creator":"@CECweb","twitter_site":"@CECweb","schema":{"@context":"https:\/\/schema.org","@graph":[{"@type":"Article","@id":"https:\/\/www.cec.org\/fr\/gestion-rationnelle-des-dechets-electroniques-en-amerique-du-nord\/#article","isPartOf":{"@id":"https:\/\/www.cec.org\/fr\/gestion-rationnelle-des-dechets-electroniques-en-amerique-du-nord\/"},"author":{"name":"cecmain_adm","@id":"https:\/\/www.cec.org\/fr\/#\/schema\/person\/cfaad09db438c516cb646ff4ea6f47bd"},"headline":"Gestion rationnelle des d\u00e9chets \u00e9lectroniques en Am\u00e9rique du Nord","datePublished":"2011-10-18T21:29:59+00:00","dateModified":"2024-07-11T17:28:38+00:00","mainEntityOfPage":{"@id":"https:\/\/www.cec.org\/fr\/gestion-rationnelle-des-dechets-electroniques-en-amerique-du-nord\/"},"wordCount":309,"image":{"@id":"https:\/\/www.cec.org\/fr\/gestion-rationnelle-des-dechets-electroniques-en-amerique-du-nord\/#primaryimage"},"thumbnailUrl":"https:\/\/www.cec.org\/wp-content\/uploads\/2019\/10\/ge_sm_ewaste.png","articleSection":["Modes de vie et \u00e9conomies durables"],"inLanguage":"fr-FR"},{"@type":"WebPage","@id":"https:\/\/www.cec.org\/fr\/gestion-rationnelle-des-dechets-electroniques-en-amerique-du-nord\/","url":"https:\/\/www.cec.org\/fr\/gestion-rationnelle-des-dechets-electroniques-en-amerique-du-nord\/","name":"Gestion rationnelle des d\u00e9chets \u00e9lectroniques en Am\u00e9rique du Nord","isPartOf":{"@id":"https:\/\/www.cec.org\/fr\/#website"},"primaryImageOfPage":{"@id":"https:\/\/www.cec.org\/fr\/gestion-rationnelle-des-dechets-electroniques-en-amerique-du-nord\/#primaryimage"},"image":{"@id":"https:\/\/www.cec.org\/fr\/gestion-rationnelle-des-dechets-electroniques-en-amerique-du-nord\/#primaryimage"},"thumbnailUrl":"https:\/\/www.cec.org\/wp-content\/uploads\/2019\/10\/ge_sm_ewaste.png","datePublished":"2011-10-18T21:29:59+00:00","dateModified":"2024-07-11T17:28:38+00:00","author":{"@id":"https:\/\/www.cec.org\/fr\/#\/schema\/person\/cfaad09db438c516cb646ff4ea6f47bd"},"description":"Les appareils \u00e9lectroniques \u2013 t\u00e9l\u00e9visions, t\u00e9l\u00e9phones intelligents et ordinateurs \u2013 font partie int\u00e9grante de la vie d\u2019aujourd\u2019hui. Ils sont plus","breadcrumb":{"@id":"https:\/\/www.cec.org\/fr\/gestion-rationnelle-des-dechets-electroniques-en-amerique-du-nord\/#breadcrumb"},"inLanguage":"fr-FR","potentialAction":[{"@type":"ReadAction","target":["https:\/\/www.cec.org\/fr\/gestion-rationnelle-des-dechets-electroniques-en-amerique-du-nord\/"]}]},{"@type":"ImageObject","inLanguage":"fr-FR","@id":"https:\/\/www.cec.org\/fr\/gestion-rationnelle-des-dechets-electroniques-en-amerique-du-nord\/#primaryimage","url":"https:\/\/www.cec.org\/wp-content\/uploads\/2019\/10\/ge_sm_ewaste.png","contentUrl":"https:\/\/www.cec.org\/wp-content\/uploads\/2019\/10\/ge_sm_ewaste.png","width":600,"height":342,"caption":"CEC Projects - E-waste"},{"@type":"BreadcrumbList","@id":"https:\/\/www.cec.org\/fr\/gestion-rationnelle-des-dechets-electroniques-en-amerique-du-nord\/#breadcrumb","itemListElement":[{"@type":"ListItem","position":1,"name":"Accueil","item":"https:\/\/www.cec.org\/fr\/"},{"@type":"ListItem","position":2,"name":"Gestion rationnelle des d\u00e9chets \u00e9lectroniques en Am\u00e9rique du Nord"}]},{"@type":"WebSite","@id":"https:\/\/www.cec.org\/fr\/#website","url":"https:\/\/www.cec.org\/fr\/","name":"Commission for Environmental Cooperation","description":"Three countries working together to protect our shared environment","alternateName":"CEC - CCA -CCE","potentialAction":[{"@type":"SearchAction","target":{"@type":"EntryPoint","urlTemplate":"https:\/\/www.cec.org\/fr\/?s={search_term_string}"},"query-input":{"@type":"PropertyValueSpecification","valueRequired":true,"valueName":"search_term_string"}}],"inLanguage":"fr-FR"},{"@type":"Person","@id":"https:\/\/www.cec.org\/fr\/#\/schema\/person\/cfaad09db438c516cb646ff4ea6f47bd","name":"cecmain_adm","image":{"@type":"ImageObject","inLanguage":"fr-FR","@id":"https:\/\/secure.gravatar.com\/avatar\/a8f608e33cee97f3c3c65bd1a9f0c7bf3e6726944b6bfc60ad0a39ccaf49f67a?s=96&d=mm&r=g","url":"https:\/\/secure.gravatar.com\/avatar\/a8f608e33cee97f3c3c65bd1a9f0c7bf3e6726944b6bfc60ad0a39ccaf49f67a?s=96&d=mm&r=g","contentUrl":"https:\/\/secure.gravatar.com\/avatar\/a8f608e33cee97f3c3c65bd1a9f0c7bf3e6726944b6bfc60ad0a39ccaf49f67a?s=96&d=mm&r=g","caption":"cecmain_adm"}}]}},"_links":{"self":[{"href":"https:\/\/www.cec.org\/fr\/wp-json\/wp\/v2\/posts\/11545","targetHints":{"allow":["GET"]}}],"collection":[{"href":"https:\/\/www.cec.org\/fr\/wp-json\/wp\/v2\/posts"}],"about":[{"href":"https:\/\/www.cec.org\/fr\/wp-json\/wp\/v2\/types\/post"}],"author":[{"embeddable":true,"href":"https:\/\/www.cec.org\/fr\/wp-json\/wp\/v2\/users\/1"}],"replies":[{"embeddable":true,"href":"https:\/\/www.cec.org\/fr\/wp-json\/wp\/v2\/comments?post=11545"}],"version-history":[{"count":1,"href":"https:\/\/www.cec.org\/fr\/wp-json\/wp\/v2\/posts\/11545\/revisions"}],"predecessor-version":[{"id":44069,"href":"https:\/\/www.cec.org\/fr\/wp-json\/wp\/v2\/posts\/11545\/revisions\/44069"}],"wp:featuredmedia":[{"embeddable":true,"href":"https:\/\/www.cec.org\/fr\/wp-json\/wp\/v2\/media\/4458"}],"wp:attachment":[{"href":"https:\/\/www.cec.org\/fr\/wp-json\/wp\/v2\/media?parent=11545"}],"wp:term":[{"taxonomy":"category","embeddable":true,"href":"https:\/\/www.cec.org\/fr\/wp-json\/wp\/v2\/categories?post=11545"},{"taxonomy":"post_tag","embeddable":true,"href":"https:\/\/www.cec.org\/fr\/wp-json\/wp\/v2\/tags?post=11545"}],"curies":[{"name":"wp","href":"https:\/\/api.w.org\/{rel}","templated":true}]}}