{"id":11540,"date":"2009-10-18T17:30:01","date_gmt":"2009-10-18T21:30:01","guid":{"rendered":"http:\/\/www.cec.org\/amelioration-de-la-gestion-de-la-qualite-de-lair-en-amerique-du-nord\/"},"modified":"2024-07-11T13:28:11","modified_gmt":"2024-07-11T17:28:11","slug":"amelioration-de-la-gestion-de-la-qualite-de-lair-en-amerique-du-nord","status":"publish","type":"post","link":"https:\/\/www.cec.org\/fr\/amelioration-de-la-gestion-de-la-qualite-de-lair-en-amerique-du-nord\/","title":{"rendered":"Am\u00e9lioration de la gestion de la qualit\u00e9 de l&rsquo;air en Am\u00e9rique du Nord"},"content":{"rendered":"<p>Le principal objectif de ce projet consiste \u00e0 dresser un tableau plus complet de la qualit\u00e9 de l\u2019air et des \u00e9missions atmosph\u00e9riques sur tout le continent afin d\u2019\u00e9clairer la prise de d\u00e9cisions dans le cadre de la gestion de cette qualit\u00e9. \u00c0 cette fin, le projet visera : \u00e0 d\u00e9terminer les besoins des Parties en ce qui concerne la qualit\u00e9 de l\u2019information et le renforcement des capacit\u00e9s; \u00e0 contribuer \u00e0 entretenir les capacit\u00e9s d\u2019\u00e9laboration de programmes et de collecte de donn\u00e9es comparables au sujet de la qualit\u00e9 de l\u2019air \u00e0 l\u2019\u00e9chelle continentale; \u00e0 \u00e9laborer des documents d\u2019information faisant \u00e9tat des nouvelles tendances et des nouveaux enjeux; \u00e0 \u00e9clairer les d\u00e9cisions li\u00e9es aux int\u00e9r\u00eats communs des Parties dans le domaine de l\u2019environnement.<\/p>\n","protected":false},"excerpt":{"rendered":"<p>Le principal objectif de ce projet consiste \u00e0 dresser un tableau plus complet de la qualit\u00e9 de l\u2019air et des \u00e9missions atmosph\u00e9riques sur tout le continent afin d\u2019\u00e9clairer la prise de d\u00e9cisions dans le cadre de la gestion de cette qualit\u00e9. \u00c0 cette fin, le projet visera : \u00e0 d\u00e9terminer les besoins des Parties en [&hellip;]<\/p>\n","protected":false},"author":1,"featured_media":4758,"comment_status":"closed","ping_status":"closed","sticky":false,"template":"","format":"standard","meta":{"_acf_changed":false,"footnotes":""},"categories":[663,43],"tags":[],"class_list":["post-11540","post","type-post","status-publish","format-standard","has-post-thumbnail","hentry","category-amelioration-de-la-qualite-de-lair","category-polluants","status-conclu"],"acf":[],"yoast_head":"<!-- This site is optimized with the Yoast SEO Premium plugin v27.4 (Yoast SEO v27.4) - https:\/\/yoast.com\/product\/yoast-seo-premium-wordpress\/ -->\n<title>Am\u00e9lioration de la gestion de la qualit\u00e9 de l&#039;air en Am\u00e9rique du Nord<\/title>\n<meta name=\"description\" content=\"Le principal objectif de ce projet consiste \u00e0 dresser un tableau plus complet de la qualit\u00e9 de l\u2019air et des \u00e9missions atmosph\u00e9riques sur tout le continent\" \/>\n<meta name=\"robots\" content=\"index, follow, max-snippet:-1, max-image-preview:large, max-video-preview:-1\" \/>\n<link rel=\"canonical\" href=\"https:\/\/www.cec.org\/fr\/amelioration-de-la-gestion-de-la-qualite-de-lair-en-amerique-du-nord\/\" \/>\n<meta property=\"og:locale\" content=\"fr_FR\" \/>\n<meta property=\"og:type\" content=\"article\" \/>\n<meta property=\"og:title\" content=\"Am\u00e9lioration de la gestion de la qualit\u00e9 de l&#039;air en Am\u00e9rique du Nord\" \/>\n<meta property=\"og:description\" content=\"Le principal objectif de ce projet consiste \u00e0 dresser un tableau plus complet de la qualit\u00e9 de l\u2019air et des \u00e9missions atmosph\u00e9riques sur tout le continent\" \/>\n<meta property=\"og:url\" content=\"https:\/\/www.cec.org\/fr\/amelioration-de-la-gestion-de-la-qualite-de-lair-en-amerique-du-nord\/\" \/>\n<meta property=\"og:site_name\" content=\"Commission de coop\u00e9ration environnementale\" \/>\n<meta property=\"article:publisher\" content=\"https:\/\/www.facebook.com\/CECconnect\" \/>\n<meta property=\"article:published_time\" content=\"2009-10-18T21:30:01+00:00\" \/>\n<meta property=\"article:modified_time\" content=\"2024-07-11T17:28:11+00:00\" \/>\n<meta property=\"og:image\" content=\"https:\/\/www.cec.org\/wp-content\/uploads\/2019\/10\/po_na_airquality.jpg\" \/>\n\t<meta property=\"og:image:width\" content=\"600\" \/>\n\t<meta property=\"og:image:height\" content=\"342\" \/>\n\t<meta property=\"og:image:type\" content=\"image\/jpeg\" \/>\n<meta name=\"author\" content=\"cecmain_adm\" \/>\n<meta name=\"twitter:card\" content=\"summary_large_image\" \/>\n<meta name=\"twitter:creator\" content=\"@CECweb\" \/>\n<meta name=\"twitter:site\" content=\"@CECweb\" \/>\n<script type=\"application\/ld+json\" class=\"yoast-schema-graph\">{\"@context\":\"https:\\\/\\\/schema.org\",\"@graph\":[{\"@type\":\"Article\",\"@id\":\"https:\\\/\\\/www.cec.org\\\/fr\\\/amelioration-de-la-gestion-de-la-qualite-de-lair-en-amerique-du-nord\\\/#article\",\"isPartOf\":{\"@id\":\"https:\\\/\\\/www.cec.org\\\/fr\\\/amelioration-de-la-gestion-de-la-qualite-de-lair-en-amerique-du-nord\\\/\"},\"author\":{\"name\":\"cecmain_adm\",\"@id\":\"https:\\\/\\\/www.cec.org\\\/fr\\\/#\\\/schema\\\/person\\\/cfaad09db438c516cb646ff4ea6f47bd\"},\"headline\":\"Am\u00e9lioration de la gestion de la qualit\u00e9 de l&rsquo;air en Am\u00e9rique du Nord\",\"datePublished\":\"2009-10-18T21:30:01+00:00\",\"dateModified\":\"2024-07-11T17:28:11+00:00\",\"mainEntityOfPage\":{\"@id\":\"https:\\\/\\\/www.cec.org\\\/fr\\\/amelioration-de-la-gestion-de-la-qualite-de-lair-en-amerique-du-nord\\\/\"},\"wordCount\":146,\"image\":{\"@id\":\"https:\\\/\\\/www.cec.org\\\/fr\\\/amelioration-de-la-gestion-de-la-qualite-de-lair-en-amerique-du-nord\\\/#primaryimage\"},\"thumbnailUrl\":\"https:\\\/\\\/www.cec.org\\\/wp-content\\\/uploads\\\/2019\\\/10\\\/po_na_airquality.jpg\",\"articleSection\":[\"Am\u00e9lioration de la qualit\u00e9 de l\u2019air\",\"Polluants\"],\"inLanguage\":\"fr-FR\"},{\"@type\":\"WebPage\",\"@id\":\"https:\\\/\\\/www.cec.org\\\/fr\\\/amelioration-de-la-gestion-de-la-qualite-de-lair-en-amerique-du-nord\\\/\",\"url\":\"https:\\\/\\\/www.cec.org\\\/fr\\\/amelioration-de-la-gestion-de-la-qualite-de-lair-en-amerique-du-nord\\\/\",\"name\":\"Am\u00e9lioration de la gestion de la qualit\u00e9 de l'air en Am\u00e9rique du Nord\",\"isPartOf\":{\"@id\":\"https:\\\/\\\/www.cec.org\\\/fr\\\/#website\"},\"primaryImageOfPage\":{\"@id\":\"https:\\\/\\\/www.cec.org\\\/fr\\\/amelioration-de-la-gestion-de-la-qualite-de-lair-en-amerique-du-nord\\\/#primaryimage\"},\"image\":{\"@id\":\"https:\\\/\\\/www.cec.org\\\/fr\\\/amelioration-de-la-gestion-de-la-qualite-de-lair-en-amerique-du-nord\\\/#primaryimage\"},\"thumbnailUrl\":\"https:\\\/\\\/www.cec.org\\\/wp-content\\\/uploads\\\/2019\\\/10\\\/po_na_airquality.jpg\",\"datePublished\":\"2009-10-18T21:30:01+00:00\",\"dateModified\":\"2024-07-11T17:28:11+00:00\",\"author\":{\"@id\":\"https:\\\/\\\/www.cec.org\\\/fr\\\/#\\\/schema\\\/person\\\/cfaad09db438c516cb646ff4ea6f47bd\"},\"description\":\"Le principal objectif de ce projet consiste \u00e0 dresser un tableau plus complet de la qualit\u00e9 de l\u2019air et des \u00e9missions atmosph\u00e9riques sur tout le continent\",\"breadcrumb\":{\"@id\":\"https:\\\/\\\/www.cec.org\\\/fr\\\/amelioration-de-la-gestion-de-la-qualite-de-lair-en-amerique-du-nord\\\/#breadcrumb\"},\"inLanguage\":\"fr-FR\",\"potentialAction\":[{\"@type\":\"ReadAction\",\"target\":[\"https:\\\/\\\/www.cec.org\\\/fr\\\/amelioration-de-la-gestion-de-la-qualite-de-lair-en-amerique-du-nord\\\/\"]}]},{\"@type\":\"ImageObject\",\"inLanguage\":\"fr-FR\",\"@id\":\"https:\\\/\\\/www.cec.org\\\/fr\\\/amelioration-de-la-gestion-de-la-qualite-de-lair-en-amerique-du-nord\\\/#primaryimage\",\"url\":\"https:\\\/\\\/www.cec.org\\\/wp-content\\\/uploads\\\/2019\\\/10\\\/po_na_airquality.jpg\",\"contentUrl\":\"https:\\\/\\\/www.cec.org\\\/wp-content\\\/uploads\\\/2019\\\/10\\\/po_na_airquality.jpg\",\"width\":600,\"height\":342,\"caption\":\"CEc Projects - air emissions\"},{\"@type\":\"BreadcrumbList\",\"@id\":\"https:\\\/\\\/www.cec.org\\\/fr\\\/amelioration-de-la-gestion-de-la-qualite-de-lair-en-amerique-du-nord\\\/#breadcrumb\",\"itemListElement\":[{\"@type\":\"ListItem\",\"position\":1,\"name\":\"Accueil\",\"item\":\"https:\\\/\\\/www.cec.org\\\/fr\\\/\"},{\"@type\":\"ListItem\",\"position\":2,\"name\":\"Am\u00e9lioration de la gestion de la qualit\u00e9 de l&rsquo;air en Am\u00e9rique du Nord\"}]},{\"@type\":\"WebSite\",\"@id\":\"https:\\\/\\\/www.cec.org\\\/fr\\\/#website\",\"url\":\"https:\\\/\\\/www.cec.org\\\/fr\\\/\",\"name\":\"Commission for Environmental Cooperation\",\"description\":\"Three countries working together to protect our shared environment\",\"alternateName\":\"CEC - CCA -CCE\",\"potentialAction\":[{\"@type\":\"SearchAction\",\"target\":{\"@type\":\"EntryPoint\",\"urlTemplate\":\"https:\\\/\\\/www.cec.org\\\/fr\\\/?s={search_term_string}\"},\"query-input\":{\"@type\":\"PropertyValueSpecification\",\"valueRequired\":true,\"valueName\":\"search_term_string\"}}],\"inLanguage\":\"fr-FR\"},{\"@type\":\"Person\",\"@id\":\"https:\\\/\\\/www.cec.org\\\/fr\\\/#\\\/schema\\\/person\\\/cfaad09db438c516cb646ff4ea6f47bd\",\"name\":\"cecmain_adm\",\"image\":{\"@type\":\"ImageObject\",\"inLanguage\":\"fr-FR\",\"@id\":\"https:\\\/\\\/secure.gravatar.com\\\/avatar\\\/a8f608e33cee97f3c3c65bd1a9f0c7bf3e6726944b6bfc60ad0a39ccaf49f67a?s=96&d=mm&r=g\",\"url\":\"https:\\\/\\\/secure.gravatar.com\\\/avatar\\\/a8f608e33cee97f3c3c65bd1a9f0c7bf3e6726944b6bfc60ad0a39ccaf49f67a?s=96&d=mm&r=g\",\"contentUrl\":\"https:\\\/\\\/secure.gravatar.com\\\/avatar\\\/a8f608e33cee97f3c3c65bd1a9f0c7bf3e6726944b6bfc60ad0a39ccaf49f67a?s=96&d=mm&r=g\",\"caption\":\"cecmain_adm\"}}]}<\/script>\n<!-- \/ Yoast SEO Premium plugin. -->","yoast_head_json":{"title":"Am\u00e9lioration de la gestion de la qualit\u00e9 de l'air en Am\u00e9rique du Nord","description":"Le principal objectif de ce projet consiste \u00e0 dresser un tableau plus complet de la qualit\u00e9 de l\u2019air et des \u00e9missions atmosph\u00e9riques sur tout le continent","robots":{"index":"index","follow":"follow","max-snippet":"max-snippet:-1","max-image-preview":"max-image-preview:large","max-video-preview":"max-video-preview:-1"},"canonical":"https:\/\/www.cec.org\/fr\/amelioration-de-la-gestion-de-la-qualite-de-lair-en-amerique-du-nord\/","og_locale":"fr_FR","og_type":"article","og_title":"Am\u00e9lioration de la gestion de la qualit\u00e9 de l'air en Am\u00e9rique du Nord","og_description":"Le principal objectif de ce projet consiste \u00e0 dresser un tableau plus complet de la qualit\u00e9 de l\u2019air et des \u00e9missions atmosph\u00e9riques sur tout le continent","og_url":"https:\/\/www.cec.org\/fr\/amelioration-de-la-gestion-de-la-qualite-de-lair-en-amerique-du-nord\/","og_site_name":"Commission de coop\u00e9ration environnementale","article_publisher":"https:\/\/www.facebook.com\/CECconnect","article_published_time":"2009-10-18T21:30:01+00:00","article_modified_time":"2024-07-11T17:28:11+00:00","og_image":[{"width":600,"height":342,"url":"https:\/\/www.cec.org\/wp-content\/uploads\/2019\/10\/po_na_airquality.jpg","type":"image\/jpeg"}],"author":"cecmain_adm","twitter_card":"summary_large_image","twitter_creator":"@CECweb","twitter_site":"@CECweb","schema":{"@context":"https:\/\/schema.org","@graph":[{"@type":"Article","@id":"https:\/\/www.cec.org\/fr\/amelioration-de-la-gestion-de-la-qualite-de-lair-en-amerique-du-nord\/#article","isPartOf":{"@id":"https:\/\/www.cec.org\/fr\/amelioration-de-la-gestion-de-la-qualite-de-lair-en-amerique-du-nord\/"},"author":{"name":"cecmain_adm","@id":"https:\/\/www.cec.org\/fr\/#\/schema\/person\/cfaad09db438c516cb646ff4ea6f47bd"},"headline":"Am\u00e9lioration de la gestion de la qualit\u00e9 de l&rsquo;air en Am\u00e9rique du Nord","datePublished":"2009-10-18T21:30:01+00:00","dateModified":"2024-07-11T17:28:11+00:00","mainEntityOfPage":{"@id":"https:\/\/www.cec.org\/fr\/amelioration-de-la-gestion-de-la-qualite-de-lair-en-amerique-du-nord\/"},"wordCount":146,"image":{"@id":"https:\/\/www.cec.org\/fr\/amelioration-de-la-gestion-de-la-qualite-de-lair-en-amerique-du-nord\/#primaryimage"},"thumbnailUrl":"https:\/\/www.cec.org\/wp-content\/uploads\/2019\/10\/po_na_airquality.jpg","articleSection":["Am\u00e9lioration de la qualit\u00e9 de l\u2019air","Polluants"],"inLanguage":"fr-FR"},{"@type":"WebPage","@id":"https:\/\/www.cec.org\/fr\/amelioration-de-la-gestion-de-la-qualite-de-lair-en-amerique-du-nord\/","url":"https:\/\/www.cec.org\/fr\/amelioration-de-la-gestion-de-la-qualite-de-lair-en-amerique-du-nord\/","name":"Am\u00e9lioration de la gestion de la qualit\u00e9 de l'air en Am\u00e9rique du Nord","isPartOf":{"@id":"https:\/\/www.cec.org\/fr\/#website"},"primaryImageOfPage":{"@id":"https:\/\/www.cec.org\/fr\/amelioration-de-la-gestion-de-la-qualite-de-lair-en-amerique-du-nord\/#primaryimage"},"image":{"@id":"https:\/\/www.cec.org\/fr\/amelioration-de-la-gestion-de-la-qualite-de-lair-en-amerique-du-nord\/#primaryimage"},"thumbnailUrl":"https:\/\/www.cec.org\/wp-content\/uploads\/2019\/10\/po_na_airquality.jpg","datePublished":"2009-10-18T21:30:01+00:00","dateModified":"2024-07-11T17:28:11+00:00","author":{"@id":"https:\/\/www.cec.org\/fr\/#\/schema\/person\/cfaad09db438c516cb646ff4ea6f47bd"},"description":"Le principal objectif de ce projet consiste \u00e0 dresser un tableau plus complet de la qualit\u00e9 de l\u2019air et des \u00e9missions atmosph\u00e9riques sur tout le continent","breadcrumb":{"@id":"https:\/\/www.cec.org\/fr\/amelioration-de-la-gestion-de-la-qualite-de-lair-en-amerique-du-nord\/#breadcrumb"},"inLanguage":"fr-FR","potentialAction":[{"@type":"ReadAction","target":["https:\/\/www.cec.org\/fr\/amelioration-de-la-gestion-de-la-qualite-de-lair-en-amerique-du-nord\/"]}]},{"@type":"ImageObject","inLanguage":"fr-FR","@id":"https:\/\/www.cec.org\/fr\/amelioration-de-la-gestion-de-la-qualite-de-lair-en-amerique-du-nord\/#primaryimage","url":"https:\/\/www.cec.org\/wp-content\/uploads\/2019\/10\/po_na_airquality.jpg","contentUrl":"https:\/\/www.cec.org\/wp-content\/uploads\/2019\/10\/po_na_airquality.jpg","width":600,"height":342,"caption":"CEc Projects - air emissions"},{"@type":"BreadcrumbList","@id":"https:\/\/www.cec.org\/fr\/amelioration-de-la-gestion-de-la-qualite-de-lair-en-amerique-du-nord\/#breadcrumb","itemListElement":[{"@type":"ListItem","position":1,"name":"Accueil","item":"https:\/\/www.cec.org\/fr\/"},{"@type":"ListItem","position":2,"name":"Am\u00e9lioration de la gestion de la qualit\u00e9 de l&rsquo;air en Am\u00e9rique du Nord"}]},{"@type":"WebSite","@id":"https:\/\/www.cec.org\/fr\/#website","url":"https:\/\/www.cec.org\/fr\/","name":"Commission for Environmental Cooperation","description":"Three countries working together to protect our shared environment","alternateName":"CEC - CCA -CCE","potentialAction":[{"@type":"SearchAction","target":{"@type":"EntryPoint","urlTemplate":"https:\/\/www.cec.org\/fr\/?s={search_term_string}"},"query-input":{"@type":"PropertyValueSpecification","valueRequired":true,"valueName":"search_term_string"}}],"inLanguage":"fr-FR"},{"@type":"Person","@id":"https:\/\/www.cec.org\/fr\/#\/schema\/person\/cfaad09db438c516cb646ff4ea6f47bd","name":"cecmain_adm","image":{"@type":"ImageObject","inLanguage":"fr-FR","@id":"https:\/\/secure.gravatar.com\/avatar\/a8f608e33cee97f3c3c65bd1a9f0c7bf3e6726944b6bfc60ad0a39ccaf49f67a?s=96&d=mm&r=g","url":"https:\/\/secure.gravatar.com\/avatar\/a8f608e33cee97f3c3c65bd1a9f0c7bf3e6726944b6bfc60ad0a39ccaf49f67a?s=96&d=mm&r=g","contentUrl":"https:\/\/secure.gravatar.com\/avatar\/a8f608e33cee97f3c3c65bd1a9f0c7bf3e6726944b6bfc60ad0a39ccaf49f67a?s=96&d=mm&r=g","caption":"cecmain_adm"}}]}},"_links":{"self":[{"href":"https:\/\/www.cec.org\/fr\/wp-json\/wp\/v2\/posts\/11540","targetHints":{"allow":["GET"]}}],"collection":[{"href":"https:\/\/www.cec.org\/fr\/wp-json\/wp\/v2\/posts"}],"about":[{"href":"https:\/\/www.cec.org\/fr\/wp-json\/wp\/v2\/types\/post"}],"author":[{"embeddable":true,"href":"https:\/\/www.cec.org\/fr\/wp-json\/wp\/v2\/users\/1"}],"replies":[{"embeddable":true,"href":"https:\/\/www.cec.org\/fr\/wp-json\/wp\/v2\/comments?post=11540"}],"version-history":[{"count":4,"href":"https:\/\/www.cec.org\/fr\/wp-json\/wp\/v2\/posts\/11540\/revisions"}],"predecessor-version":[{"id":49412,"href":"https:\/\/www.cec.org\/fr\/wp-json\/wp\/v2\/posts\/11540\/revisions\/49412"}],"wp:featuredmedia":[{"embeddable":true,"href":"https:\/\/www.cec.org\/fr\/wp-json\/wp\/v2\/media\/4758"}],"wp:attachment":[{"href":"https:\/\/www.cec.org\/fr\/wp-json\/wp\/v2\/media?parent=11540"}],"wp:term":[{"taxonomy":"category","embeddable":true,"href":"https:\/\/www.cec.org\/fr\/wp-json\/wp\/v2\/categories?post=11540"},{"taxonomy":"post_tag","embeddable":true,"href":"https:\/\/www.cec.org\/fr\/wp-json\/wp\/v2\/tags?post=11540"}],"curies":[{"name":"wp","href":"https:\/\/api.w.org\/{rel}","templated":true}]}}