{"id":11527,"date":"2013-10-18T17:29:57","date_gmt":"2013-10-18T21:29:57","guid":{"rendered":"http:\/\/www.cec.org\/gestion-ecologiquement-rationnelle-de-certaines-batteries-a-la-fin-de-leur-cycle-de-vie-en-amerique-du-nord-dont-les-batteries-daccumulateurs-au-plomb-usees\/"},"modified":"2026-08-25T14:09:25","modified_gmt":"2026-08-25T18:09:25","slug":"gestion-ecologiquement-rationnelle-de-certaines-batteries-a-la-fin-de-leur-cycle-de-vie-en-amerique-du-nord-dont-les-batteries-daccumulateurs-au-plomb-usees","status":"publish","type":"post","link":"https:\/\/www.cec.org\/fr\/gestion-ecologiquement-rationnelle-de-certaines-batteries-a-la-fin-de-leur-cycle-de-vie-en-amerique-du-nord-dont-les-batteries-daccumulateurs-au-plomb-usees\/","title":{"rendered":"Gestion \u00e9cologiquement rationnelle de certaines batteries \u00e0 la fin de leur cycle de vie en Am\u00e9rique du Nord, dont les batteries d\u2019accumulateurs au plomb us\u00e9es"},"content":{"rendered":"<p>En s\u2019appuyant sur le rapport que le Secr\u00e9tariat de la CCE a publi\u00e9 en 2013, intitul\u00e9 Dangers pour l\u2019environnement du recyclage transfrontalier des batteries au plomb, ce projet vise \u00e0 am\u00e9liorerla gestion \u00e9cologique de l\u2019industrie de deuxi\u00e8me transformation du plomb, \u00e0 am\u00e9liorer la comp\u00e9titivit\u00e9 de ce secteur sur le plan mondial et continental, \u00e0 promouvoir des milieux de travail plus salubres et \u00e0 favoriser la cr\u00e9ation d\u2019emplois.<\/p>\n","protected":false},"excerpt":{"rendered":"<p>En s\u2019appuyant sur le rapport que le Secr\u00e9tariat de la CCE a publi\u00e9 en 2013, intitul\u00e9 Dangers pour l\u2019environnement du recyclage transfrontalier des batteries au plomb, ce projet vise \u00e0 am\u00e9liorerla gestion \u00e9cologique de l\u2019industrie de deuxi\u00e8me transformation du plomb, \u00e0 am\u00e9liorer la comp\u00e9titivit\u00e9 de ce secteur sur le plan mondial et continental, \u00e0 promouvoir [&hellip;]<\/p>\n","protected":false},"author":1,"featured_media":36128,"comment_status":"closed","ping_status":"closed","sticky":false,"template":"","format":"standard","meta":{"_acf_changed":false,"footnotes":""},"categories":[45,683,12512],"tags":[],"class_list":["post-11527","post","type-post","status-publish","format-standard","has-post-thumbnail","hentry","category-application-des-lois","category-gestion-ecologiquement-rationnelle-des-dechets-dangereux","category-promotion-de-la-circularite-et-du-changement-systemique","status-conclu"],"acf":[],"yoast_head":"<!-- This site is optimized with the Yoast SEO Premium plugin v28.3 (Yoast SEO v28.3) - https:\/\/yoast.com\/product\/yoast-seo-premium-wordpress\/ -->\n<title>Gestion \u00e9cologiquement rationnelle de certaines batteries \u00e0 la fin de leur cycle de vie en Am\u00e9rique du Nord, dont les batteries d\u2019accumulateurs au plomb us\u00e9es<\/title>\n<meta name=\"description\" content=\"En s\u2019appuyant sur le rapport que le Secr\u00e9tariat de la CCE a publi\u00e9 en 2013, intitul\u00e9 Dangers pour l\u2019environnement du recyclage transfrontalier des\" \/>\n<meta name=\"robots\" content=\"index, follow, max-snippet:-1, max-image-preview:large, max-video-preview:-1\" \/>\n<link rel=\"canonical\" href=\"https:\/\/www.cec.org\/fr\/gestion-ecologiquement-rationnelle-de-certaines-batteries-a-la-fin-de-leur-cycle-de-vie-en-amerique-du-nord-dont-les-batteries-daccumulateurs-au-plomb-usees\/\" \/>\n<meta property=\"og:locale\" content=\"fr_FR\" \/>\n<meta property=\"og:type\" content=\"article\" \/>\n<meta property=\"og:title\" content=\"Gestion \u00e9cologiquement rationnelle de certaines batteries \u00e0 la fin de leur cycle de vie en Am\u00e9rique du Nord, dont les batteries d\u2019accumulateurs au plomb us\u00e9es\" \/>\n<meta property=\"og:description\" content=\"En s\u2019appuyant sur le rapport que le Secr\u00e9tariat de la CCE a publi\u00e9 en 2013, intitul\u00e9 Dangers pour l\u2019environnement du recyclage transfrontalier des\" \/>\n<meta property=\"og:url\" content=\"https:\/\/www.cec.org\/fr\/gestion-ecologiquement-rationnelle-de-certaines-batteries-a-la-fin-de-leur-cycle-de-vie-en-amerique-du-nord-dont-les-batteries-daccumulateurs-au-plomb-usees\/\" \/>\n<meta property=\"og:site_name\" content=\"Commission de coop\u00e9ration environnementale\" \/>\n<meta property=\"article:publisher\" content=\"https:\/\/www.facebook.com\/CECconnect\" \/>\n<meta property=\"article:published_time\" content=\"2013-10-18T21:29:57+00:00\" \/>\n<meta property=\"article:modified_time\" content=\"2026-08-25T18:09:25+00:00\" \/>\n<meta property=\"og:image\" content=\"https:\/\/www.cec.org\/wp-content\/uploads\/batteries-thumbnail.jpg\" \/>\n\t<meta property=\"og:image:width\" content=\"600\" \/>\n\t<meta property=\"og:image:height\" content=\"342\" \/>\n\t<meta property=\"og:image:type\" content=\"image\/jpeg\" \/>\n<meta name=\"author\" content=\"cecmain_adm\" \/>\n<meta name=\"twitter:card\" content=\"summary_large_image\" \/>\n<meta name=\"twitter:creator\" content=\"@CECweb\" \/>\n<meta name=\"twitter:site\" content=\"@CECweb\" \/>\n<script type=\"application\/ld+json\" class=\"yoast-schema-graph\">{\"@context\":\"https:\\\/\\\/schema.org\",\"@graph\":[{\"@type\":\"Article\",\"@id\":\"https:\\\/\\\/www.cec.org\\\/fr\\\/gestion-ecologiquement-rationnelle-de-certaines-batteries-a-la-fin-de-leur-cycle-de-vie-en-amerique-du-nord-dont-les-batteries-daccumulateurs-au-plomb-usees\\\/#article\",\"isPartOf\":{\"@id\":\"https:\\\/\\\/www.cec.org\\\/fr\\\/gestion-ecologiquement-rationnelle-de-certaines-batteries-a-la-fin-de-leur-cycle-de-vie-en-amerique-du-nord-dont-les-batteries-daccumulateurs-au-plomb-usees\\\/\"},\"author\":{\"name\":\"cecmain_adm\",\"@id\":\"https:\\\/\\\/www.cec.org\\\/fr\\\/#\\\/schema\\\/person\\\/cfaad09db438c516cb646ff4ea6f47bd\"},\"headline\":\"Gestion \u00e9cologiquement rationnelle de certaines batteries \u00e0 la fin de leur cycle de vie en Am\u00e9rique du Nord, dont les batteries d\u2019accumulateurs au plomb us\u00e9es\",\"datePublished\":\"2013-10-18T21:29:57+00:00\",\"dateModified\":\"2026-08-25T18:09:25+00:00\",\"mainEntityOfPage\":{\"@id\":\"https:\\\/\\\/www.cec.org\\\/fr\\\/gestion-ecologiquement-rationnelle-de-certaines-batteries-a-la-fin-de-leur-cycle-de-vie-en-amerique-du-nord-dont-les-batteries-daccumulateurs-au-plomb-usees\\\/\"},\"wordCount\":99,\"publisher\":{\"@id\":\"https:\\\/\\\/www.cec.org\\\/fr\\\/#organization\"},\"image\":{\"@id\":\"https:\\\/\\\/www.cec.org\\\/fr\\\/gestion-ecologiquement-rationnelle-de-certaines-batteries-a-la-fin-de-leur-cycle-de-vie-en-amerique-du-nord-dont-les-batteries-daccumulateurs-au-plomb-usees\\\/#primaryimage\"},\"thumbnailUrl\":\"https:\\\/\\\/www.cec.org\\\/wp-content\\\/uploads\\\/batteries-thumbnail.jpg\",\"articleSection\":[\"Application des lois\",\"Gestion \u00e9cologiquement rationnelle des d\u00e9chets dangereux\",\"Promotion de la circularit\u00e9 et du changement syst\u00e9mique\"],\"inLanguage\":\"fr-FR\"},{\"@type\":\"WebPage\",\"@id\":\"https:\\\/\\\/www.cec.org\\\/fr\\\/gestion-ecologiquement-rationnelle-de-certaines-batteries-a-la-fin-de-leur-cycle-de-vie-en-amerique-du-nord-dont-les-batteries-daccumulateurs-au-plomb-usees\\\/\",\"url\":\"https:\\\/\\\/www.cec.org\\\/fr\\\/gestion-ecologiquement-rationnelle-de-certaines-batteries-a-la-fin-de-leur-cycle-de-vie-en-amerique-du-nord-dont-les-batteries-daccumulateurs-au-plomb-usees\\\/\",\"name\":\"Gestion \u00e9cologiquement rationnelle de certaines batteries \u00e0 la fin de leur cycle de vie en Am\u00e9rique du Nord, dont les batteries d\u2019accumulateurs au plomb us\u00e9es\",\"isPartOf\":{\"@id\":\"https:\\\/\\\/www.cec.org\\\/fr\\\/#website\"},\"primaryImageOfPage\":{\"@id\":\"https:\\\/\\\/www.cec.org\\\/fr\\\/gestion-ecologiquement-rationnelle-de-certaines-batteries-a-la-fin-de-leur-cycle-de-vie-en-amerique-du-nord-dont-les-batteries-daccumulateurs-au-plomb-usees\\\/#primaryimage\"},\"image\":{\"@id\":\"https:\\\/\\\/www.cec.org\\\/fr\\\/gestion-ecologiquement-rationnelle-de-certaines-batteries-a-la-fin-de-leur-cycle-de-vie-en-amerique-du-nord-dont-les-batteries-daccumulateurs-au-plomb-usees\\\/#primaryimage\"},\"thumbnailUrl\":\"https:\\\/\\\/www.cec.org\\\/wp-content\\\/uploads\\\/batteries-thumbnail.jpg\",\"datePublished\":\"2013-10-18T21:29:57+00:00\",\"dateModified\":\"2026-08-25T18:09:25+00:00\",\"description\":\"En s\u2019appuyant sur le rapport que le Secr\u00e9tariat de la CCE a publi\u00e9 en 2013, intitul\u00e9 Dangers pour l\u2019environnement du recyclage transfrontalier des\",\"breadcrumb\":{\"@id\":\"https:\\\/\\\/www.cec.org\\\/fr\\\/gestion-ecologiquement-rationnelle-de-certaines-batteries-a-la-fin-de-leur-cycle-de-vie-en-amerique-du-nord-dont-les-batteries-daccumulateurs-au-plomb-usees\\\/#breadcrumb\"},\"inLanguage\":\"fr-FR\",\"potentialAction\":[{\"@type\":\"ReadAction\",\"target\":[\"https:\\\/\\\/www.cec.org\\\/fr\\\/gestion-ecologiquement-rationnelle-de-certaines-batteries-a-la-fin-de-leur-cycle-de-vie-en-amerique-du-nord-dont-les-batteries-daccumulateurs-au-plomb-usees\\\/\"]}]},{\"@type\":\"ImageObject\",\"inLanguage\":\"fr-FR\",\"@id\":\"https:\\\/\\\/www.cec.org\\\/fr\\\/gestion-ecologiquement-rationnelle-de-certaines-batteries-a-la-fin-de-leur-cycle-de-vie-en-amerique-du-nord-dont-les-batteries-daccumulateurs-au-plomb-usees\\\/#primaryimage\",\"url\":\"https:\\\/\\\/www.cec.org\\\/wp-content\\\/uploads\\\/batteries-thumbnail.jpg\",\"contentUrl\":\"https:\\\/\\\/www.cec.org\\\/wp-content\\\/uploads\\\/batteries-thumbnail.jpg\",\"width\":600,\"height\":342,\"caption\":\"Spent Lead Acid Batteries\"},{\"@type\":\"BreadcrumbList\",\"@id\":\"https:\\\/\\\/www.cec.org\\\/fr\\\/gestion-ecologiquement-rationnelle-de-certaines-batteries-a-la-fin-de-leur-cycle-de-vie-en-amerique-du-nord-dont-les-batteries-daccumulateurs-au-plomb-usees\\\/#breadcrumb\",\"itemListElement\":[{\"@type\":\"ListItem\",\"position\":1,\"name\":\"Accueil\",\"item\":\"https:\\\/\\\/www.cec.org\\\/fr\\\/\"},{\"@type\":\"ListItem\",\"position\":2,\"name\":\"Gestion \u00e9cologiquement rationnelle de certaines batteries \u00e0 la fin de leur cycle de vie en Am\u00e9rique du Nord, dont les batteries d\u2019accumulateurs au plomb us\u00e9es\"}]},{\"@type\":\"WebSite\",\"@id\":\"https:\\\/\\\/www.cec.org\\\/fr\\\/#website\",\"url\":\"https:\\\/\\\/www.cec.org\\\/fr\\\/\",\"name\":\"Commission for Environmental Cooperation\",\"description\":\"Trois pays unissent leurs efforts pour prot\u00e9ger notre environnement commun\",\"publisher\":{\"@id\":\"https:\\\/\\\/www.cec.org\\\/fr\\\/#organization\"},\"alternateName\":\"CEC - CCA - CCE\",\"potentialAction\":[{\"@type\":\"SearchAction\",\"target\":{\"@type\":\"EntryPoint\",\"urlTemplate\":\"https:\\\/\\\/www.cec.org\\\/fr\\\/?s={search_term_string}\"},\"query-input\":{\"@type\":\"PropertyValueSpecification\",\"valueRequired\":true,\"valueName\":\"search_term_string\"}}],\"inLanguage\":\"fr-FR\"},{\"@type\":\"Organization\",\"@id\":\"https:\\\/\\\/www.cec.org\\\/fr\\\/#organization\",\"name\":\"Commission for Environmental Cooperation\",\"alternateName\":\"CEC - CCA - CCE\",\"url\":\"https:\\\/\\\/www.cec.org\\\/fr\\\/\",\"logo\":{\"@type\":\"ImageObject\",\"inLanguage\":\"fr-FR\",\"@id\":\"https:\\\/\\\/www.cec.org\\\/fr\\\/#\\\/schema\\\/logo\\\/image\\\/\",\"url\":\"https:\\\/\\\/www.cec.org\\\/wp-content\\\/uploads\\\/CEC-Logo-RGB.png\",\"contentUrl\":\"https:\\\/\\\/www.cec.org\\\/wp-content\\\/uploads\\\/CEC-Logo-RGB.png\",\"width\":490,\"height\":490,\"caption\":\"Commission for Environmental Cooperation\"},\"image\":{\"@id\":\"https:\\\/\\\/www.cec.org\\\/fr\\\/#\\\/schema\\\/logo\\\/image\\\/\"},\"sameAs\":[\"https:\\\/\\\/www.facebook.com\\\/CECconnect\",\"https:\\\/\\\/x.com\\\/CECweb\",\"https:\\\/\\\/www.instagram.com\\\/cecnorthamerica\\\/\",\"https:\\\/\\\/www.linkedin.com\\\/company\\\/commission-for-environmental-cooperation-of-north-america\\\/?viewAsMember=true\",\"https:\\\/\\\/www.youtube.com\\\/user\\\/CECweb\"],\"description\":\"The Commission for Environmental Cooperation (CEC) is an intergovernmental organization established to support environmental cooperation across North America. Through research, data, publications, public engagement, and collaborative initiatives, the CEC addresses shared environmental challenges, promotes sustainable development, and helps conserve the continent's ecosystems and biodiversity.\",\"email\":\"info@cec.org\",\"telephone\":\"+1 (514) 350-4300\",\"legalName\":\"Commission for Environmental Cooperation\",\"foundingDate\":\"1994-01-01\",\"numberOfEmployees\":{\"@type\":\"QuantitativeValue\",\"minValue\":\"11\",\"maxValue\":\"50\"},\"diversityStaffingReport\":\"https:\\\/\\\/www.cec.org\\\/about\\\/secretariat\\\/\"},{\"@type\":\"Person\",\"@id\":\"https:\\\/\\\/www.cec.org\\\/fr\\\/#\\\/schema\\\/person\\\/cfaad09db438c516cb646ff4ea6f47bd\",\"name\":\"cecmain_adm\",\"image\":{\"@type\":\"ImageObject\",\"inLanguage\":\"fr-FR\",\"@id\":\"https:\\\/\\\/secure.gravatar.com\\\/avatar\\\/a8f608e33cee97f3c3c65bd1a9f0c7bf3e6726944b6bfc60ad0a39ccaf49f67a?s=96&d=mm&r=g\",\"url\":\"https:\\\/\\\/secure.gravatar.com\\\/avatar\\\/a8f608e33cee97f3c3c65bd1a9f0c7bf3e6726944b6bfc60ad0a39ccaf49f67a?s=96&d=mm&r=g\",\"contentUrl\":\"https:\\\/\\\/secure.gravatar.com\\\/avatar\\\/a8f608e33cee97f3c3c65bd1a9f0c7bf3e6726944b6bfc60ad0a39ccaf49f67a?s=96&d=mm&r=g\",\"caption\":\"cecmain_adm\"}}]}<\/script>\n<!-- \/ Yoast SEO Premium plugin. -->","yoast_head_json":{"title":"Gestion \u00e9cologiquement rationnelle de certaines batteries \u00e0 la fin de leur cycle de vie en Am\u00e9rique du Nord, dont les batteries d\u2019accumulateurs au plomb us\u00e9es","description":"En s\u2019appuyant sur le rapport que le Secr\u00e9tariat de la CCE a publi\u00e9 en 2013, intitul\u00e9 Dangers pour l\u2019environnement du recyclage transfrontalier des","robots":{"index":"index","follow":"follow","max-snippet":"max-snippet:-1","max-image-preview":"max-image-preview:large","max-video-preview":"max-video-preview:-1"},"canonical":"https:\/\/www.cec.org\/fr\/gestion-ecologiquement-rationnelle-de-certaines-batteries-a-la-fin-de-leur-cycle-de-vie-en-amerique-du-nord-dont-les-batteries-daccumulateurs-au-plomb-usees\/","og_locale":"fr_FR","og_type":"article","og_title":"Gestion \u00e9cologiquement rationnelle de certaines batteries \u00e0 la fin de leur cycle de vie en Am\u00e9rique du Nord, dont les batteries d\u2019accumulateurs au plomb us\u00e9es","og_description":"En s\u2019appuyant sur le rapport que le Secr\u00e9tariat de la CCE a publi\u00e9 en 2013, intitul\u00e9 Dangers pour l\u2019environnement du recyclage transfrontalier des","og_url":"https:\/\/www.cec.org\/fr\/gestion-ecologiquement-rationnelle-de-certaines-batteries-a-la-fin-de-leur-cycle-de-vie-en-amerique-du-nord-dont-les-batteries-daccumulateurs-au-plomb-usees\/","og_site_name":"Commission de coop\u00e9ration environnementale","article_publisher":"https:\/\/www.facebook.com\/CECconnect","article_published_time":"2013-10-18T21:29:57+00:00","article_modified_time":"2026-08-25T18:09:25+00:00","og_image":[{"width":600,"height":342,"url":"https:\/\/www.cec.org\/wp-content\/uploads\/batteries-thumbnail.jpg","type":"image\/jpeg"}],"author":"cecmain_adm","twitter_card":"summary_large_image","twitter_creator":"@CECweb","twitter_site":"@CECweb","schema":{"@context":"https:\/\/schema.org","@graph":[{"@type":"Article","@id":"https:\/\/www.cec.org\/fr\/gestion-ecologiquement-rationnelle-de-certaines-batteries-a-la-fin-de-leur-cycle-de-vie-en-amerique-du-nord-dont-les-batteries-daccumulateurs-au-plomb-usees\/#article","isPartOf":{"@id":"https:\/\/www.cec.org\/fr\/gestion-ecologiquement-rationnelle-de-certaines-batteries-a-la-fin-de-leur-cycle-de-vie-en-amerique-du-nord-dont-les-batteries-daccumulateurs-au-plomb-usees\/"},"author":{"name":"cecmain_adm","@id":"https:\/\/www.cec.org\/fr\/#\/schema\/person\/cfaad09db438c516cb646ff4ea6f47bd"},"headline":"Gestion \u00e9cologiquement rationnelle de certaines batteries \u00e0 la fin de leur cycle de vie en Am\u00e9rique du Nord, dont les batteries d\u2019accumulateurs au plomb us\u00e9es","datePublished":"2013-10-18T21:29:57+00:00","dateModified":"2026-08-25T18:09:25+00:00","mainEntityOfPage":{"@id":"https:\/\/www.cec.org\/fr\/gestion-ecologiquement-rationnelle-de-certaines-batteries-a-la-fin-de-leur-cycle-de-vie-en-amerique-du-nord-dont-les-batteries-daccumulateurs-au-plomb-usees\/"},"wordCount":99,"publisher":{"@id":"https:\/\/www.cec.org\/fr\/#organization"},"image":{"@id":"https:\/\/www.cec.org\/fr\/gestion-ecologiquement-rationnelle-de-certaines-batteries-a-la-fin-de-leur-cycle-de-vie-en-amerique-du-nord-dont-les-batteries-daccumulateurs-au-plomb-usees\/#primaryimage"},"thumbnailUrl":"https:\/\/www.cec.org\/wp-content\/uploads\/batteries-thumbnail.jpg","articleSection":["Application des lois","Gestion \u00e9cologiquement rationnelle des d\u00e9chets dangereux","Promotion de la circularit\u00e9 et du changement syst\u00e9mique"],"inLanguage":"fr-FR"},{"@type":"WebPage","@id":"https:\/\/www.cec.org\/fr\/gestion-ecologiquement-rationnelle-de-certaines-batteries-a-la-fin-de-leur-cycle-de-vie-en-amerique-du-nord-dont-les-batteries-daccumulateurs-au-plomb-usees\/","url":"https:\/\/www.cec.org\/fr\/gestion-ecologiquement-rationnelle-de-certaines-batteries-a-la-fin-de-leur-cycle-de-vie-en-amerique-du-nord-dont-les-batteries-daccumulateurs-au-plomb-usees\/","name":"Gestion \u00e9cologiquement rationnelle de certaines batteries \u00e0 la fin de leur cycle de vie en Am\u00e9rique du Nord, dont les batteries d\u2019accumulateurs au plomb us\u00e9es","isPartOf":{"@id":"https:\/\/www.cec.org\/fr\/#website"},"primaryImageOfPage":{"@id":"https:\/\/www.cec.org\/fr\/gestion-ecologiquement-rationnelle-de-certaines-batteries-a-la-fin-de-leur-cycle-de-vie-en-amerique-du-nord-dont-les-batteries-daccumulateurs-au-plomb-usees\/#primaryimage"},"image":{"@id":"https:\/\/www.cec.org\/fr\/gestion-ecologiquement-rationnelle-de-certaines-batteries-a-la-fin-de-leur-cycle-de-vie-en-amerique-du-nord-dont-les-batteries-daccumulateurs-au-plomb-usees\/#primaryimage"},"thumbnailUrl":"https:\/\/www.cec.org\/wp-content\/uploads\/batteries-thumbnail.jpg","datePublished":"2013-10-18T21:29:57+00:00","dateModified":"2026-08-25T18:09:25+00:00","description":"En s\u2019appuyant sur le rapport que le Secr\u00e9tariat de la CCE a publi\u00e9 en 2013, intitul\u00e9 Dangers pour l\u2019environnement du recyclage transfrontalier des","breadcrumb":{"@id":"https:\/\/www.cec.org\/fr\/gestion-ecologiquement-rationnelle-de-certaines-batteries-a-la-fin-de-leur-cycle-de-vie-en-amerique-du-nord-dont-les-batteries-daccumulateurs-au-plomb-usees\/#breadcrumb"},"inLanguage":"fr-FR","potentialAction":[{"@type":"ReadAction","target":["https:\/\/www.cec.org\/fr\/gestion-ecologiquement-rationnelle-de-certaines-batteries-a-la-fin-de-leur-cycle-de-vie-en-amerique-du-nord-dont-les-batteries-daccumulateurs-au-plomb-usees\/"]}]},{"@type":"ImageObject","inLanguage":"fr-FR","@id":"https:\/\/www.cec.org\/fr\/gestion-ecologiquement-rationnelle-de-certaines-batteries-a-la-fin-de-leur-cycle-de-vie-en-amerique-du-nord-dont-les-batteries-daccumulateurs-au-plomb-usees\/#primaryimage","url":"https:\/\/www.cec.org\/wp-content\/uploads\/batteries-thumbnail.jpg","contentUrl":"https:\/\/www.cec.org\/wp-content\/uploads\/batteries-thumbnail.jpg","width":600,"height":342,"caption":"Spent Lead Acid Batteries"},{"@type":"BreadcrumbList","@id":"https:\/\/www.cec.org\/fr\/gestion-ecologiquement-rationnelle-de-certaines-batteries-a-la-fin-de-leur-cycle-de-vie-en-amerique-du-nord-dont-les-batteries-daccumulateurs-au-plomb-usees\/#breadcrumb","itemListElement":[{"@type":"ListItem","position":1,"name":"Accueil","item":"https:\/\/www.cec.org\/fr\/"},{"@type":"ListItem","position":2,"name":"Gestion \u00e9cologiquement rationnelle de certaines batteries \u00e0 la fin de leur cycle de vie en Am\u00e9rique du Nord, dont les batteries d\u2019accumulateurs au plomb us\u00e9es"}]},{"@type":"WebSite","@id":"https:\/\/www.cec.org\/fr\/#website","url":"https:\/\/www.cec.org\/fr\/","name":"Commission for Environmental Cooperation","description":"Trois pays unissent leurs efforts pour prot\u00e9ger notre environnement commun","publisher":{"@id":"https:\/\/www.cec.org\/fr\/#organization"},"alternateName":"CEC - CCA - CCE","potentialAction":[{"@type":"SearchAction","target":{"@type":"EntryPoint","urlTemplate":"https:\/\/www.cec.org\/fr\/?s={search_term_string}"},"query-input":{"@type":"PropertyValueSpecification","valueRequired":true,"valueName":"search_term_string"}}],"inLanguage":"fr-FR"},{"@type":"Organization","@id":"https:\/\/www.cec.org\/fr\/#organization","name":"Commission for Environmental Cooperation","alternateName":"CEC - CCA - CCE","url":"https:\/\/www.cec.org\/fr\/","logo":{"@type":"ImageObject","inLanguage":"fr-FR","@id":"https:\/\/www.cec.org\/fr\/#\/schema\/logo\/image\/","url":"https:\/\/www.cec.org\/wp-content\/uploads\/CEC-Logo-RGB.png","contentUrl":"https:\/\/www.cec.org\/wp-content\/uploads\/CEC-Logo-RGB.png","width":490,"height":490,"caption":"Commission for Environmental Cooperation"},"image":{"@id":"https:\/\/www.cec.org\/fr\/#\/schema\/logo\/image\/"},"sameAs":["https:\/\/www.facebook.com\/CECconnect","https:\/\/x.com\/CECweb","https:\/\/www.instagram.com\/cecnorthamerica\/","https:\/\/www.linkedin.com\/company\/commission-for-environmental-cooperation-of-north-america\/?viewAsMember=true","https:\/\/www.youtube.com\/user\/CECweb"],"description":"The Commission for Environmental Cooperation (CEC) is an intergovernmental organization established to support environmental cooperation across North America. Through research, data, publications, public engagement, and collaborative initiatives, the CEC addresses shared environmental challenges, promotes sustainable development, and helps conserve the continent's ecosystems and biodiversity.","email":"info@cec.org","telephone":"+1 (514) 350-4300","legalName":"Commission for Environmental Cooperation","foundingDate":"1994-01-01","numberOfEmployees":{"@type":"QuantitativeValue","minValue":"11","maxValue":"50"},"diversityStaffingReport":"https:\/\/www.cec.org\/about\/secretariat\/"},{"@type":"Person","@id":"https:\/\/www.cec.org\/fr\/#\/schema\/person\/cfaad09db438c516cb646ff4ea6f47bd","name":"cecmain_adm","image":{"@type":"ImageObject","inLanguage":"fr-FR","@id":"https:\/\/secure.gravatar.com\/avatar\/a8f608e33cee97f3c3c65bd1a9f0c7bf3e6726944b6bfc60ad0a39ccaf49f67a?s=96&d=mm&r=g","url":"https:\/\/secure.gravatar.com\/avatar\/a8f608e33cee97f3c3c65bd1a9f0c7bf3e6726944b6bfc60ad0a39ccaf49f67a?s=96&d=mm&r=g","contentUrl":"https:\/\/secure.gravatar.com\/avatar\/a8f608e33cee97f3c3c65bd1a9f0c7bf3e6726944b6bfc60ad0a39ccaf49f67a?s=96&d=mm&r=g","caption":"cecmain_adm"}}]}},"_links":{"self":[{"href":"https:\/\/www.cec.org\/fr\/wp-json\/wp\/v2\/posts\/11527","targetHints":{"allow":["GET"]}}],"collection":[{"href":"https:\/\/www.cec.org\/fr\/wp-json\/wp\/v2\/posts"}],"about":[{"href":"https:\/\/www.cec.org\/fr\/wp-json\/wp\/v2\/types\/post"}],"author":[{"embeddable":true,"href":"https:\/\/www.cec.org\/fr\/wp-json\/wp\/v2\/users\/1"}],"replies":[{"embeddable":true,"href":"https:\/\/www.cec.org\/fr\/wp-json\/wp\/v2\/comments?post=11527"}],"version-history":[{"count":2,"href":"https:\/\/www.cec.org\/fr\/wp-json\/wp\/v2\/posts\/11527\/revisions"}],"predecessor-version":[{"id":49952,"href":"https:\/\/www.cec.org\/fr\/wp-json\/wp\/v2\/posts\/11527\/revisions\/49952"}],"wp:featuredmedia":[{"embeddable":true,"href":"https:\/\/www.cec.org\/fr\/wp-json\/wp\/v2\/media\/36128"}],"wp:attachment":[{"href":"https:\/\/www.cec.org\/fr\/wp-json\/wp\/v2\/media?parent=11527"}],"wp:term":[{"taxonomy":"category","embeddable":true,"href":"https:\/\/www.cec.org\/fr\/wp-json\/wp\/v2\/categories?post=11527"},{"taxonomy":"post_tag","embeddable":true,"href":"https:\/\/www.cec.org\/fr\/wp-json\/wp\/v2\/tags?post=11527"}],"curies":[{"name":"wp","href":"https:\/\/api.w.org\/{rel}","templated":true}]}}