{"id":11523,"date":"2010-10-18T17:30:01","date_gmt":"2010-10-18T21:30:01","guid":{"rendered":"http:\/\/www.cec.org\/representation-cartographique-des-questions-environnementales-en-amerique-du-nord\/"},"modified":"2024-07-11T13:29:13","modified_gmt":"2024-07-11T17:29:13","slug":"representation-cartographique-des-questions-environnementales-en-amerique-du-nord","status":"publish","type":"post","link":"https:\/\/www.cec.org\/fr\/representation-cartographique-des-questions-environnementales-en-amerique-du-nord\/","title":{"rendered":"Repr\u00e9sentation cartographique des questions environnementales en Am\u00e9rique du Nord"},"content":{"rendered":"<p>Ce projet a pour objectif d'offrir une repr\u00e9sentation visuelle de l'information environnementale sur l'Am\u00e9rique du Nord gr\u00e2ce \u00e0 des cartes et \u00e0 des donn\u00e9es environnementales g\u00e9or\u00e9f\u00e9renc\u00e9es, extraites d'une base g\u00e9ographique unique permettant de pr\u00e9senter et d'analyser l'information.<\/p>\n<p>L'Atlas environnemental de l'Am\u00e9rique du Nord est un r\u00e9pertoire num\u00e9rique de cartes et de fichiers de donn\u00e9es qu'on peut t\u00e9l\u00e9charger sans frais.<\/p>\n<p>Il vise \u00e0 faciliter la recherche, l'analyse et la visualisation, qui conduisent \u00e0 la prise de d\u00e9cisions \u00e0 l'\u00e9chelle nationale et continentale.<\/p>\n<h4>Objectifs du projet<\/h4>\n<p>Ce projet a pour but d'offrir une repr\u00e9sentation visuelle de l'information environnementale sur l'Am\u00e9rique du Nord et, en 2010, il consistera \u00e0 terminer les activit\u00e9s cartographiques de 2009 et \u00e0 mettre \u00e0 jour le document num\u00e9rique que repr\u00e9sente l'Atlas environnemental de l'Am\u00e9rique du Nord.<\/p>\n<h4>Contexte<\/h4>\n<p>En premier lieu, des repr\u00e9sentants de la CCE, de l'Atlas du Canada, de l'<em>Instituto Nacional de Estad\u00edstica y Geograf\u00eda\u00a0<\/em>(Inegi, Institut national de statistiques et de g\u00e9ographie) du Mexique et du\u00a0<em>United States Geological Survey\u00a0<\/em>(USGS, Service g\u00e9ologique des \u00c9tats-Unis) ont collabor\u00e9 \u00e0 la compilation d'un certain nombre de fonds de carte sur papier et dans une plateforme num\u00e9rique. Ces fonds de carte forment le cadre de l'Atlas et offrent une structure g\u00e9ographique coh\u00e9rente et harmonis\u00e9e pour visualiser et analyser d'autres donn\u00e9es th\u00e9matiques \u00e0 l'\u00e9chelle du continent.<\/p>\n<p>En octobre 2006, les services d'atlas nationaux, les Parties \u00e0 l'Accord nord\u2011am\u00e9ricain de coop\u00e9ration dans le domaine de l'environnement (ANACDE) et le Secr\u00e9tariat de la CCE ont officialis\u00e9 leurs relations de travail en formant le Groupe de coordination de l'Atlas de l'Am\u00e9rique du Nord (GCAAN).<\/p>\n<p>Au cours des deux derni\u00e8res ann\u00e9es, le projet a permis d'\u00e9laborer des couches de donn\u00e9es compatibles avec le cadre de l'Atlas afin d'illustrer les capacit\u00e9s en mati\u00e8re d'\u00e9nergies renouvelables, les \u00e9cor\u00e9gions marines et terrestres, les \u00e9tablissements qui rejettent des polluants, les aires prot\u00e9g\u00e9es, les aires de conservation prioritaires, les aires de r\u00e9partition des esp\u00e8ces, l'altitude topographique, la couverture terrestre et les bassins hydrographiques.<\/p>\n<h4>Justification<\/h4>\n<p>Ce projet est li\u00e9 \u00e0 une priorit\u00e9 du Plan strat\u00e9gique pour 2005 \u00e0 2010, \u00e0 savoir l'information n\u00e9cessaire \u00e0 la prise de d\u00e9cisions. \u00c0 long terme, cette priorit\u00e9 vise \u00e0 soutenir la prise de meilleures d\u00e9cisions en assurant l'apport d'information sur les plus importants d\u00e9fis \u00e0 relever et les possibilit\u00e9s \u00e0 saisir dans le domaine de l'environnement en Am\u00e9rique du Nord.<\/p>\n<p>Au cours de l'\u00e9laboration de l'Atlas, la CCE s'est principalement employ\u00e9e \u00e0 r\u00e9unir des sp\u00e9cialistes des trois gouvernements en mati\u00e8re de cartographie afin de faciliter le perfectionnement et l'expansion de l'Atlas gr\u00e2ce \u00e0 des cartes d\u00e9coulant d'autres projets de la CCE sur d'autres th\u00e8mes prioritaires.<\/p>\n<h4>Principales activit\u00e9s<\/h4>\n<ul>\n<li>La collaboration entre les responsables de l'Atlas et ceux des organismes partenaires des trois pays dans le cadre de r\u00e9unions et de t\u00e9l\u00e9conf\u00e9rences r\u00e9guli\u00e8res du GCAAN et des sous-groupes charg\u00e9s du NALCMS, de la cartographie \u00e0 l'\u00e9chelle de 1\/1\u00a0000\u00a0000 et des aires prot\u00e9g\u00e9es nord\u2011am\u00e9ricaines.<\/li>\n<li>Le soutien \u00e0 l'ach\u00e8vement des couches cartographiques entreprises en 2009 afin de les ajouter \u00e0 l'Atlas, y compris celles d\u00e9coulant d'autres projets de la CCE dans divers domaines (p. ex., le RRTP et les prairies) et des activit\u00e9s entreprises \u00e9galement en 2009 telles que celles relatives au NALCMS, \u00e0 la cartographie \u00e0 l'\u00e9chelle de 1\/1\u00a0000\u00a0000, aux aires marines et terrestres prot\u00e9g\u00e9es en Am\u00e9rique du Nord, et aux transferts de polluants \u00e0 l'\u00e9chelle internationale.<\/li>\n<li>La mise \u00e0 jour de documents de sensibilisation afin de mieux promouvoir l'Atlas aupr\u00e8s de ses utilisateurs.<\/li>\n<\/ul>\n<h4>R\u00e9alisations<\/h4>\n<p>R\u00e9sultats escompt\u00e9s\u00a0:<\/p>\n<ul>\n<li>Les charges de polluants d\u00e9termin\u00e9s vis\u00e9s par les RRTP.<\/li>\n<li>Les aires de conservation prioritaires de l'est de l'Am\u00e9rique du Nord.<\/li>\n<li>Les \u00e9tablissements qui produisent et re\u00e7oivent des d\u00e9chets dangereux.<\/li>\n<li>Les cartes de la couverture terrestre en Am\u00e9rique du Nord.<\/li>\n<li>Les travaux sont en cours pour ce qui est des cartes de r\u00e9f\u00e9rence \u00e0 l'\u00e9chelle de 1\/1\u00a0000\u00a0000.<\/li>\n<li>Les ports maritimes et les a\u00e9roports donnent lieu \u00e0 une collecte de donn\u00e9es.<\/li>\n<\/ul>\n","protected":false},"excerpt":{"rendered":"<p>Ce projet a pour objectif d&rsquo;offrir une repr\u00e9sentation visuelle de l&rsquo;information environnementale sur l&rsquo;Am\u00e9rique du Nord gr\u00e2ce \u00e0 des cartes et \u00e0 des donn\u00e9es environnementales g\u00e9or\u00e9f\u00e9renc\u00e9es, extraites d&rsquo;une base g\u00e9ographique unique permettant de pr\u00e9senter et d&rsquo;analyser l&rsquo;information. L&rsquo;Atlas environnemental de l&rsquo;Am\u00e9rique du Nord est un r\u00e9pertoire num\u00e9rique de cartes et de fichiers de donn\u00e9es qu&rsquo;on [&hellip;]<\/p>\n","protected":false},"author":1,"featured_media":4539,"comment_status":"closed","ping_status":"closed","sticky":false,"template":"","format":"standard","meta":{"_acf_changed":false,"footnotes":""},"categories":[46],"tags":[],"class_list":["post-11523","post","type-post","status-publish","format-standard","has-post-thumbnail","hentry","category-ecosystemes","status-conclu"],"acf":[],"yoast_head":"<!-- This site is optimized with the Yoast SEO Premium plugin v27.4 (Yoast SEO v27.4) - https:\/\/yoast.com\/product\/yoast-seo-premium-wordpress\/ -->\n<title>Repr\u00e9sentation cartographique des questions environnementales en Am\u00e9rique du Nord<\/title>\n<meta name=\"description\" content=\"Ce projet a pour objectif d&#039;offrir une repr\u00e9sentation visuelle de l&#039;information environnementale sur l&#039;Am\u00e9rique du Nord gr\u00e2ce \u00e0 des cartes et \u00e0 des\" \/>\n<meta name=\"robots\" content=\"index, follow, max-snippet:-1, max-image-preview:large, max-video-preview:-1\" \/>\n<link rel=\"canonical\" href=\"https:\/\/www.cec.org\/fr\/representation-cartographique-des-questions-environnementales-en-amerique-du-nord\/\" \/>\n<meta property=\"og:locale\" content=\"fr_FR\" \/>\n<meta property=\"og:type\" content=\"article\" \/>\n<meta property=\"og:title\" content=\"Repr\u00e9sentation cartographique des questions environnementales en Am\u00e9rique du Nord\" \/>\n<meta property=\"og:description\" content=\"Ce projet a pour objectif d&#039;offrir une repr\u00e9sentation visuelle de l&#039;information environnementale sur l&#039;Am\u00e9rique du Nord gr\u00e2ce \u00e0 des cartes et \u00e0 des\" \/>\n<meta property=\"og:url\" content=\"https:\/\/www.cec.org\/fr\/representation-cartographique-des-questions-environnementales-en-amerique-du-nord\/\" \/>\n<meta property=\"og:site_name\" content=\"Commission de coop\u00e9ration environnementale\" \/>\n<meta property=\"article:publisher\" content=\"https:\/\/www.facebook.com\/CECconnect\" \/>\n<meta property=\"article:published_time\" content=\"2010-10-18T21:30:01+00:00\" \/>\n<meta property=\"article:modified_time\" content=\"2024-07-11T17:29:13+00:00\" \/>\n<meta property=\"og:image\" content=\"https:\/\/www.cec.org\/wp-content\/uploads\/2019\/10\/eco_mapping_na.png\" \/>\n\t<meta property=\"og:image:width\" content=\"600\" \/>\n\t<meta property=\"og:image:height\" content=\"342\" \/>\n\t<meta property=\"og:image:type\" content=\"image\/png\" \/>\n<meta name=\"author\" content=\"cecmain_adm\" \/>\n<meta name=\"twitter:card\" content=\"summary_large_image\" \/>\n<meta name=\"twitter:creator\" content=\"@CECweb\" \/>\n<meta name=\"twitter:site\" content=\"@CECweb\" \/>\n<script type=\"application\/ld+json\" class=\"yoast-schema-graph\">{\"@context\":\"https:\\\/\\\/schema.org\",\"@graph\":[{\"@type\":\"Article\",\"@id\":\"https:\\\/\\\/www.cec.org\\\/fr\\\/representation-cartographique-des-questions-environnementales-en-amerique-du-nord\\\/#article\",\"isPartOf\":{\"@id\":\"https:\\\/\\\/www.cec.org\\\/fr\\\/representation-cartographique-des-questions-environnementales-en-amerique-du-nord\\\/\"},\"author\":{\"name\":\"cecmain_adm\",\"@id\":\"https:\\\/\\\/www.cec.org\\\/fr\\\/#\\\/schema\\\/person\\\/cfaad09db438c516cb646ff4ea6f47bd\"},\"headline\":\"Repr\u00e9sentation cartographique des questions environnementales en Am\u00e9rique du Nord\",\"datePublished\":\"2010-10-18T21:30:01+00:00\",\"dateModified\":\"2024-07-11T17:29:13+00:00\",\"mainEntityOfPage\":{\"@id\":\"https:\\\/\\\/www.cec.org\\\/fr\\\/representation-cartographique-des-questions-environnementales-en-amerique-du-nord\\\/\"},\"wordCount\":760,\"image\":{\"@id\":\"https:\\\/\\\/www.cec.org\\\/fr\\\/representation-cartographique-des-questions-environnementales-en-amerique-du-nord\\\/#primaryimage\"},\"thumbnailUrl\":\"https:\\\/\\\/www.cec.org\\\/wp-content\\\/uploads\\\/2019\\\/10\\\/eco_mapping_na.png\",\"articleSection\":[\"\u00c9cosyst\u00e8mes\"],\"inLanguage\":\"fr-FR\"},{\"@type\":\"WebPage\",\"@id\":\"https:\\\/\\\/www.cec.org\\\/fr\\\/representation-cartographique-des-questions-environnementales-en-amerique-du-nord\\\/\",\"url\":\"https:\\\/\\\/www.cec.org\\\/fr\\\/representation-cartographique-des-questions-environnementales-en-amerique-du-nord\\\/\",\"name\":\"Repr\u00e9sentation cartographique des questions environnementales en Am\u00e9rique du Nord\",\"isPartOf\":{\"@id\":\"https:\\\/\\\/www.cec.org\\\/fr\\\/#website\"},\"primaryImageOfPage\":{\"@id\":\"https:\\\/\\\/www.cec.org\\\/fr\\\/representation-cartographique-des-questions-environnementales-en-amerique-du-nord\\\/#primaryimage\"},\"image\":{\"@id\":\"https:\\\/\\\/www.cec.org\\\/fr\\\/representation-cartographique-des-questions-environnementales-en-amerique-du-nord\\\/#primaryimage\"},\"thumbnailUrl\":\"https:\\\/\\\/www.cec.org\\\/wp-content\\\/uploads\\\/2019\\\/10\\\/eco_mapping_na.png\",\"datePublished\":\"2010-10-18T21:30:01+00:00\",\"dateModified\":\"2024-07-11T17:29:13+00:00\",\"author\":{\"@id\":\"https:\\\/\\\/www.cec.org\\\/fr\\\/#\\\/schema\\\/person\\\/cfaad09db438c516cb646ff4ea6f47bd\"},\"description\":\"Ce projet a pour objectif d'offrir une repr\u00e9sentation visuelle de l'information environnementale sur l'Am\u00e9rique du Nord gr\u00e2ce \u00e0 des cartes et \u00e0 des\",\"breadcrumb\":{\"@id\":\"https:\\\/\\\/www.cec.org\\\/fr\\\/representation-cartographique-des-questions-environnementales-en-amerique-du-nord\\\/#breadcrumb\"},\"inLanguage\":\"fr-FR\",\"potentialAction\":[{\"@type\":\"ReadAction\",\"target\":[\"https:\\\/\\\/www.cec.org\\\/fr\\\/representation-cartographique-des-questions-environnementales-en-amerique-du-nord\\\/\"]}]},{\"@type\":\"ImageObject\",\"inLanguage\":\"fr-FR\",\"@id\":\"https:\\\/\\\/www.cec.org\\\/fr\\\/representation-cartographique-des-questions-environnementales-en-amerique-du-nord\\\/#primaryimage\",\"url\":\"https:\\\/\\\/www.cec.org\\\/wp-content\\\/uploads\\\/2019\\\/10\\\/eco_mapping_na.png\",\"contentUrl\":\"https:\\\/\\\/www.cec.org\\\/wp-content\\\/uploads\\\/2019\\\/10\\\/eco_mapping_na.png\",\"width\":600,\"height\":342,\"caption\":\"CEC Projects - Environmental Issues\"},{\"@type\":\"BreadcrumbList\",\"@id\":\"https:\\\/\\\/www.cec.org\\\/fr\\\/representation-cartographique-des-questions-environnementales-en-amerique-du-nord\\\/#breadcrumb\",\"itemListElement\":[{\"@type\":\"ListItem\",\"position\":1,\"name\":\"Accueil\",\"item\":\"https:\\\/\\\/www.cec.org\\\/fr\\\/\"},{\"@type\":\"ListItem\",\"position\":2,\"name\":\"Repr\u00e9sentation cartographique des questions environnementales en Am\u00e9rique du Nord\"}]},{\"@type\":\"WebSite\",\"@id\":\"https:\\\/\\\/www.cec.org\\\/fr\\\/#website\",\"url\":\"https:\\\/\\\/www.cec.org\\\/fr\\\/\",\"name\":\"Commission for Environmental Cooperation\",\"description\":\"Three countries working together to protect our shared environment\",\"alternateName\":\"CEC - CCA -CCE\",\"potentialAction\":[{\"@type\":\"SearchAction\",\"target\":{\"@type\":\"EntryPoint\",\"urlTemplate\":\"https:\\\/\\\/www.cec.org\\\/fr\\\/?s={search_term_string}\"},\"query-input\":{\"@type\":\"PropertyValueSpecification\",\"valueRequired\":true,\"valueName\":\"search_term_string\"}}],\"inLanguage\":\"fr-FR\"},{\"@type\":\"Person\",\"@id\":\"https:\\\/\\\/www.cec.org\\\/fr\\\/#\\\/schema\\\/person\\\/cfaad09db438c516cb646ff4ea6f47bd\",\"name\":\"cecmain_adm\",\"image\":{\"@type\":\"ImageObject\",\"inLanguage\":\"fr-FR\",\"@id\":\"https:\\\/\\\/secure.gravatar.com\\\/avatar\\\/a8f608e33cee97f3c3c65bd1a9f0c7bf3e6726944b6bfc60ad0a39ccaf49f67a?s=96&d=mm&r=g\",\"url\":\"https:\\\/\\\/secure.gravatar.com\\\/avatar\\\/a8f608e33cee97f3c3c65bd1a9f0c7bf3e6726944b6bfc60ad0a39ccaf49f67a?s=96&d=mm&r=g\",\"contentUrl\":\"https:\\\/\\\/secure.gravatar.com\\\/avatar\\\/a8f608e33cee97f3c3c65bd1a9f0c7bf3e6726944b6bfc60ad0a39ccaf49f67a?s=96&d=mm&r=g\",\"caption\":\"cecmain_adm\"}}]}<\/script>\n<!-- \/ Yoast SEO Premium plugin. -->","yoast_head_json":{"title":"Repr\u00e9sentation cartographique des questions environnementales en Am\u00e9rique du Nord","description":"Ce projet a pour objectif d'offrir une repr\u00e9sentation visuelle de l'information environnementale sur l'Am\u00e9rique du Nord gr\u00e2ce \u00e0 des cartes et \u00e0 des","robots":{"index":"index","follow":"follow","max-snippet":"max-snippet:-1","max-image-preview":"max-image-preview:large","max-video-preview":"max-video-preview:-1"},"canonical":"https:\/\/www.cec.org\/fr\/representation-cartographique-des-questions-environnementales-en-amerique-du-nord\/","og_locale":"fr_FR","og_type":"article","og_title":"Repr\u00e9sentation cartographique des questions environnementales en Am\u00e9rique du Nord","og_description":"Ce projet a pour objectif d'offrir une repr\u00e9sentation visuelle de l'information environnementale sur l'Am\u00e9rique du Nord gr\u00e2ce \u00e0 des cartes et \u00e0 des","og_url":"https:\/\/www.cec.org\/fr\/representation-cartographique-des-questions-environnementales-en-amerique-du-nord\/","og_site_name":"Commission de coop\u00e9ration environnementale","article_publisher":"https:\/\/www.facebook.com\/CECconnect","article_published_time":"2010-10-18T21:30:01+00:00","article_modified_time":"2024-07-11T17:29:13+00:00","og_image":[{"width":600,"height":342,"url":"https:\/\/www.cec.org\/wp-content\/uploads\/2019\/10\/eco_mapping_na.png","type":"image\/png"}],"author":"cecmain_adm","twitter_card":"summary_large_image","twitter_creator":"@CECweb","twitter_site":"@CECweb","schema":{"@context":"https:\/\/schema.org","@graph":[{"@type":"Article","@id":"https:\/\/www.cec.org\/fr\/representation-cartographique-des-questions-environnementales-en-amerique-du-nord\/#article","isPartOf":{"@id":"https:\/\/www.cec.org\/fr\/representation-cartographique-des-questions-environnementales-en-amerique-du-nord\/"},"author":{"name":"cecmain_adm","@id":"https:\/\/www.cec.org\/fr\/#\/schema\/person\/cfaad09db438c516cb646ff4ea6f47bd"},"headline":"Repr\u00e9sentation cartographique des questions environnementales en Am\u00e9rique du Nord","datePublished":"2010-10-18T21:30:01+00:00","dateModified":"2024-07-11T17:29:13+00:00","mainEntityOfPage":{"@id":"https:\/\/www.cec.org\/fr\/representation-cartographique-des-questions-environnementales-en-amerique-du-nord\/"},"wordCount":760,"image":{"@id":"https:\/\/www.cec.org\/fr\/representation-cartographique-des-questions-environnementales-en-amerique-du-nord\/#primaryimage"},"thumbnailUrl":"https:\/\/www.cec.org\/wp-content\/uploads\/2019\/10\/eco_mapping_na.png","articleSection":["\u00c9cosyst\u00e8mes"],"inLanguage":"fr-FR"},{"@type":"WebPage","@id":"https:\/\/www.cec.org\/fr\/representation-cartographique-des-questions-environnementales-en-amerique-du-nord\/","url":"https:\/\/www.cec.org\/fr\/representation-cartographique-des-questions-environnementales-en-amerique-du-nord\/","name":"Repr\u00e9sentation cartographique des questions environnementales en Am\u00e9rique du Nord","isPartOf":{"@id":"https:\/\/www.cec.org\/fr\/#website"},"primaryImageOfPage":{"@id":"https:\/\/www.cec.org\/fr\/representation-cartographique-des-questions-environnementales-en-amerique-du-nord\/#primaryimage"},"image":{"@id":"https:\/\/www.cec.org\/fr\/representation-cartographique-des-questions-environnementales-en-amerique-du-nord\/#primaryimage"},"thumbnailUrl":"https:\/\/www.cec.org\/wp-content\/uploads\/2019\/10\/eco_mapping_na.png","datePublished":"2010-10-18T21:30:01+00:00","dateModified":"2024-07-11T17:29:13+00:00","author":{"@id":"https:\/\/www.cec.org\/fr\/#\/schema\/person\/cfaad09db438c516cb646ff4ea6f47bd"},"description":"Ce projet a pour objectif d'offrir une repr\u00e9sentation visuelle de l'information environnementale sur l'Am\u00e9rique du Nord gr\u00e2ce \u00e0 des cartes et \u00e0 des","breadcrumb":{"@id":"https:\/\/www.cec.org\/fr\/representation-cartographique-des-questions-environnementales-en-amerique-du-nord\/#breadcrumb"},"inLanguage":"fr-FR","potentialAction":[{"@type":"ReadAction","target":["https:\/\/www.cec.org\/fr\/representation-cartographique-des-questions-environnementales-en-amerique-du-nord\/"]}]},{"@type":"ImageObject","inLanguage":"fr-FR","@id":"https:\/\/www.cec.org\/fr\/representation-cartographique-des-questions-environnementales-en-amerique-du-nord\/#primaryimage","url":"https:\/\/www.cec.org\/wp-content\/uploads\/2019\/10\/eco_mapping_na.png","contentUrl":"https:\/\/www.cec.org\/wp-content\/uploads\/2019\/10\/eco_mapping_na.png","width":600,"height":342,"caption":"CEC Projects - Environmental Issues"},{"@type":"BreadcrumbList","@id":"https:\/\/www.cec.org\/fr\/representation-cartographique-des-questions-environnementales-en-amerique-du-nord\/#breadcrumb","itemListElement":[{"@type":"ListItem","position":1,"name":"Accueil","item":"https:\/\/www.cec.org\/fr\/"},{"@type":"ListItem","position":2,"name":"Repr\u00e9sentation cartographique des questions environnementales en Am\u00e9rique du Nord"}]},{"@type":"WebSite","@id":"https:\/\/www.cec.org\/fr\/#website","url":"https:\/\/www.cec.org\/fr\/","name":"Commission for Environmental Cooperation","description":"Three countries working together to protect our shared environment","alternateName":"CEC - CCA -CCE","potentialAction":[{"@type":"SearchAction","target":{"@type":"EntryPoint","urlTemplate":"https:\/\/www.cec.org\/fr\/?s={search_term_string}"},"query-input":{"@type":"PropertyValueSpecification","valueRequired":true,"valueName":"search_term_string"}}],"inLanguage":"fr-FR"},{"@type":"Person","@id":"https:\/\/www.cec.org\/fr\/#\/schema\/person\/cfaad09db438c516cb646ff4ea6f47bd","name":"cecmain_adm","image":{"@type":"ImageObject","inLanguage":"fr-FR","@id":"https:\/\/secure.gravatar.com\/avatar\/a8f608e33cee97f3c3c65bd1a9f0c7bf3e6726944b6bfc60ad0a39ccaf49f67a?s=96&d=mm&r=g","url":"https:\/\/secure.gravatar.com\/avatar\/a8f608e33cee97f3c3c65bd1a9f0c7bf3e6726944b6bfc60ad0a39ccaf49f67a?s=96&d=mm&r=g","contentUrl":"https:\/\/secure.gravatar.com\/avatar\/a8f608e33cee97f3c3c65bd1a9f0c7bf3e6726944b6bfc60ad0a39ccaf49f67a?s=96&d=mm&r=g","caption":"cecmain_adm"}}]}},"_links":{"self":[{"href":"https:\/\/www.cec.org\/fr\/wp-json\/wp\/v2\/posts\/11523","targetHints":{"allow":["GET"]}}],"collection":[{"href":"https:\/\/www.cec.org\/fr\/wp-json\/wp\/v2\/posts"}],"about":[{"href":"https:\/\/www.cec.org\/fr\/wp-json\/wp\/v2\/types\/post"}],"author":[{"embeddable":true,"href":"https:\/\/www.cec.org\/fr\/wp-json\/wp\/v2\/users\/1"}],"replies":[{"embeddable":true,"href":"https:\/\/www.cec.org\/fr\/wp-json\/wp\/v2\/comments?post=11523"}],"version-history":[{"count":1,"href":"https:\/\/www.cec.org\/fr\/wp-json\/wp\/v2\/posts\/11523\/revisions"}],"predecessor-version":[{"id":44076,"href":"https:\/\/www.cec.org\/fr\/wp-json\/wp\/v2\/posts\/11523\/revisions\/44076"}],"wp:featuredmedia":[{"embeddable":true,"href":"https:\/\/www.cec.org\/fr\/wp-json\/wp\/v2\/media\/4539"}],"wp:attachment":[{"href":"https:\/\/www.cec.org\/fr\/wp-json\/wp\/v2\/media?parent=11523"}],"wp:term":[{"taxonomy":"category","embeddable":true,"href":"https:\/\/www.cec.org\/fr\/wp-json\/wp\/v2\/categories?post=11523"},{"taxonomy":"post_tag","embeddable":true,"href":"https:\/\/www.cec.org\/fr\/wp-json\/wp\/v2\/tags?post=11523"}],"curies":[{"name":"wp","href":"https:\/\/api.w.org\/{rel}","templated":true}]}}