{"id":60131,"date":"2025-09-19T11:45:51","date_gmt":"2025-09-19T15:45:51","guid":{"rendered":"https:\/\/www.cec.org\/newsletter\/journees-de-lengagement-jeunesse-2025\/"},"modified":"2025-09-19T11:45:51","modified_gmt":"2025-09-19T15:45:51","slug":"journees-de-lengagement-jeunesse-2025","status":"publish","type":"news","link":"https:\/\/www.cec.org\/fr\/nouvelles\/journees-de-lengagement-jeunesse-2025\/","title":{"rendered":"Journ\u00e9es de l\u2019engagement jeunesse 2025 \u2013 Appel aux pan\u00e9listes et aux facilitateur\u00b7trices!"},"content":{"rendered":"<p>Appel aux jeunes leaders du Canada, du Mexique\u00a0et des \u00c9tats-Unis : les\u00a0<a href=\"https:\/\/www.cec.org\/fr\/youth-engagement-week\/journees-de-lengagement-jeunesse-2025\/\" target=\"_blank\" rel=\"noopener\">Journ\u00e9es de l'engagement jeunesse (JEJ) 2025<\/a>\u00a0se tiendront en ligne cet automne, et la Commission de coop\u00e9ration environnementale (CCE) est \u00e0 la recherche de pan\u00e9listes et de facilitateur\u00b7trices. Si vous croyez au r\u00f4le essentiel des r\u00e9seaux interg\u00e9n\u00e9rationnels et \u00e0 la n\u00e9cessit\u00e9 d\u2019inclure les points de vue des jeunes pour b\u00e2tir un avenir durable en Am\u00e9rique du Nord, cette possibilit\u00e9 pourrait vous int\u00e9resser!<\/p>\n<p><strong>Jeunesse au-del\u00e0 des fronti\u00e8res<\/strong><\/p>\n<p>Le th\u00e8me de cette ann\u00e9e,\u00a0<strong>Jeunesse au-del\u00e0 des fronti\u00e8res<\/strong>, fait valoir l\u2019expertise intersectionnelle des jeunes et leur r\u00f4le dans la construction d\u2019un avenir durable en Am\u00e9rique du Nord. Les JEJ\u00a02025 proposeront une s\u00e9rie de trois webinaires, chacun pr\u00e9sentant des projets men\u00e9s par des jeunes et les organisations qui collaborent avec elles\u00b7eux et les soutiennent. Ces webinaires offriront une plateforme de dialogue, d\u2019apprentissage collaboratif et de partage des connaissances qui outrepasse les fronti\u00e8res et les g\u00e9n\u00e9rations.<\/p>\n<ul>\n<li><strong>1<sup>er<\/sup>\u00a0webinaire\u00a0: Les entreprises dirig\u00e9es par des jeunes et l\u2019intra-entrepreneuriat<\/strong><\/li>\n<li><strong>2<sup>e<\/sup>\u00a0webinaire\u00a0: Les jeunes et les connaissances \u00e9cologiques traditionnelles et autochtones<\/strong><\/li>\n<li><strong>3<sup>e<\/sup>\u00a0webinaire\u00a0: Les jeunes et l\u2019engagement infranational et communautaire en mati\u00e8re de r\u00e9silience<\/strong><\/li>\n<\/ul>\n<p><strong>Devenez facilitateur\u00b7trices des JEJ\u00a02025<\/strong><\/p>\n<p>La CCE recherche trois facilitateur\u00b7trices (un\u00b7e de chaque pays) pour collaborer \u00e0 la conception, \u00e0 l\u2019organisation et au d\u00e9roulement des webinaires. Chaque facilitateur\u00b7trice dirigera un webinaire, assurera sa coordination avec les pan\u00e9listes et participera \u00e0 l\u2019\u00e9laboration d\u2019un r\u00e9sum\u00e9 des pratiques exemplaires.<\/p>\n<p>Consultez les crit\u00e8res d\u2019admissibilit\u00e9 et\u00a0<a href=\"https:\/\/fr.surveymonkey.com\/r\/YEW_F_FR\" target=\"_blank\" rel=\"noopener\">postulez ici<\/a>\u00a0pour devenir facilitateur\u00b7trice des JEJ\u00a02025. H\u00e2tez-vous, car cette opportunit\u00e9 prend fin le<strong>\u00a030\u00a0septembre\u00a02025 \u00e0 23\u00a0h\u00a059 (heure locale).<\/strong><\/p>\n<p><strong>Devenez pan\u00e9liste des JEJ\u00a02025<\/strong><\/p>\n<p>La CCE invite \u00e9galement les jeunes et les repr\u00e9sentant\u00b7es d\u2019organisations qui collaborent ou soutiennent des projets men\u00e9s par des jeunes et y apportent leur collaboration et leur soutien \u00e0 prendre la parole au cours de l\u2019un des webinaires. Ces pan\u00e9listes pourront parler de leurs exp\u00e9riences et de leurs points de vue sur l\u2019intra-entrepreneuriat, les connaissances \u00e9cologiques traditionnelles et autochtones ou l\u2019engagement infranational et communautaire en mati\u00e8re de r\u00e9silience. Les personnes retenues collaboreront avec les facilitateur\u00b7trices, prendront part aux r\u00e9unions pr\u00e9paratoires et participeront activement au cours des webinaires.<\/p>\n<p>Consultez les crit\u00e8res d'admissibilit\u00e9 et\u00a0<a href=\"https:\/\/fr.surveymonkey.com\/r\/YEW_S_FR\" target=\"_blank\" rel=\"noopener\">postulez ici<\/a>\u00a0pour devenir\u00a0pan\u00e9liste des JEJ\u00a02025 avant le<strong>\u00a016\u00a0octobre\u00a02025 \u00e0 23\u00a0h\u00a059 (heure locale).<\/strong><\/p>\n<p><strong>Participez au dialogue sur l\u2019environnement nord-am\u00e9ricain<\/strong><\/p>\n<p>\u00c9v\u00e9nement annuel, les Journ\u00e9es de l\u2019engagement jeunesse\u00a0(JEJ) visent \u00e0 prendre en compte les points de vue des jeunes d\u2019Am\u00e9rique du Nord en les encourageant \u00e0 participer activement aux travaux et activit\u00e9s de la CCE. Que vous postuliez pour devenir pan\u00e9liste ou facilitateur\u00b7trice, ou que vous souhaitiez simplement participer \u00e0 cet \u00e9v\u00e9nement, les JEJ seront une occasion unique de participer \u00e0 un dialogue trinational sur le leadership environnemental. Vous pourrez partager votre expertise, tisser des liens avec vos pairs au-del\u00e0 des fronti\u00e8res et donner plus de visibilit\u00e9 \u00e0 vos travaux. En y participant, vous contribuerez \u00e0 fa\u00e7onner l\u2019avenir de l\u2019engagement jeunesse en Am\u00e9rique du Nord et \u00e0 accro\u00eetre la port\u00e9e collective de leurs actions pour l\u2019environnement.<\/p>\n<p>Vous connaissez la personne id\u00e9ale? Partagez cette opportunit\u00e9 avec elle et avec votre r\u00e9seau!<\/p>\n<p><strong>Restez en contact<\/strong><\/p>\n<p>Consultez\u00a0<a href=\"https:\/\/can01.safelinks.protection.outlook.com\/?url=https%3A%2F%2Fwww.cec.org%2Ffr%2Fyouth-engagement-week%2Fjournees-de-lengagement-jeunesse-2025%2F&amp;data=05%7C02%7Cmnichols%40cec.org%7C958e64c54b9148cc0d8b08ddf78792ca%7C618b72ad8ac44d6b810ed4b3b5182b9a%7C0%7C0%7C638938883856478577%7CUnknown%7CTWFpbGZsb3d8eyJFbXB0eU1hcGkiOnRydWUsIlYiOiIwLjAuMDAwMCIsIlAiOiJXaW4zMiIsIkFOIjoiTWFpbCIsIldUIjoyfQ%3D%3D%7C0%7C%7C%7C&amp;sdata=%2F9dEtOME76nj%2Fcj9sq2b6xMUiIG5hhtLWrIHiQMQURE%3D&amp;reserved=0\">cette page<\/a>\u00a0pour en savoir plus sur les Journ\u00e9es de l\u2019engagement jeunesse\u00a02025 de la CCE. Abonnez-vous \u00e0 notre\u00a0<a href=\"https:\/\/can01.safelinks.protection.outlook.com\/?url=https%3A%2F%2Fcec.us7.list-manage.com%2Fsubscribe%3Fu%3D5fa638f92a1d9b74d1d595b81%26id%3D0901aafc2d&amp;data=05%7C02%7Cmnichols%40cec.org%7C8b23c1b6c5f14e319a8208ddf78cd9e1%7C618b72ad8ac44d6b810ed4b3b5182b9a%7C0%7C0%7C638938906515748593%7CUnknown%7CTWFpbGZsb3d8eyJFbXB0eU1hcGkiOnRydWUsIlYiOiIwLjAuMDAwMCIsIlAiOiJXaW4zMiIsIkFOIjoiTWFpbCIsIldUIjoyfQ%3D%3D%7C0%7C%7C%7C&amp;sdata=MSGaReYVd25eIPqBTsNxuBgXMF01GwrXejZmshLghWg%3D&amp;reserved=0\">bulletin<\/a>\u00a0et suivez-nous sur les\u00a0<a href=\"https:\/\/can01.safelinks.protection.outlook.com\/?url=https%3A%2F%2Flinktr.ee%2FCEC_Social&amp;data=05%7C02%7Cmnichols%40cec.org%7C8b23c1b6c5f14e319a8208ddf78cd9e1%7C618b72ad8ac44d6b810ed4b3b5182b9a%7C0%7C0%7C638938906515772615%7CUnknown%7CTWFpbGZsb3d8eyJFbXB0eU1hcGkiOnRydWUsIlYiOiIwLjAuMDAwMCIsIlAiOiJXaW4zMiIsIkFOIjoiTWFpbCIsIldUIjoyfQ%3D%3D%7C0%7C%7C%7C&amp;sdata=Sqlo80mYPhDMQsF9%2BBF%2Foxw25axYXCDuhyFXVNB3t3c%3D&amp;reserved=0\">m\u00e9dias sociaux<\/a>\u00a0pour vous tenir au fait des \u00e9v\u00e9nements et r\u00e9cits de la CCE et des possibilit\u00e9s qu\u2019elle offre.<\/p>\n","protected":false},"excerpt":{"rendered":"<p>Appel aux jeunes leaders du Canada, du Mexique\u00a0et des \u00c9tats-Unis : les\u00a0Journ\u00e9es de l&rsquo;engagement jeunesse (JEJ) 2025\u00a0se tiendront en ligne cet automne, et la Commission de coop\u00e9ration environnementale (CCE) est \u00e0 la recherche de pan\u00e9listes et de facilitateur\u00b7trices. Si vous croyez au r\u00f4le essentiel des r\u00e9seaux interg\u00e9n\u00e9rationnels et \u00e0 la n\u00e9cessit\u00e9 d\u2019inclure les points de [&hellip;]<\/p>\n","protected":false},"featured_media":60097,"template":"","class_list":["post-60131","news","type-news","status-publish","has-post-thumbnail","hentry","feed-engagement-jeunesse"],"acf":[],"yoast_head":"<!-- This site is optimized with the Yoast SEO Premium plugin v27.4 (Yoast SEO v27.4) - https:\/\/yoast.com\/product\/yoast-seo-premium-wordpress\/ -->\n<title>Journ\u00e9es de l\u2019engagement jeunesse 2025 \u2013 Appel aux pan\u00e9listes et aux facilitateur\u00b7trices!<\/title>\n<meta name=\"description\" content=\"Appel aux jeunes leaders du Canada, du Mexique\u00a0et des \u00c9tats-Unis : les\u00a0Journ\u00e9es de l&#039;engagement jeunesse (JEJ) 2025\u00a0se tiendront en ligne cet automne, et\" \/>\n<meta name=\"robots\" content=\"index, follow, max-snippet:-1, max-image-preview:large, max-video-preview:-1\" \/>\n<link rel=\"canonical\" href=\"https:\/\/www.cec.org\/fr\/nouvelles\/journees-de-lengagement-jeunesse-2025\/\" \/>\n<meta property=\"og:locale\" content=\"fr_FR\" \/>\n<meta property=\"og:type\" content=\"article\" \/>\n<meta property=\"og:title\" content=\"Journ\u00e9es de l\u2019engagement jeunesse 2025 \u2013 Appel aux pan\u00e9listes et aux facilitateur\u00b7trices!\" \/>\n<meta property=\"og:description\" content=\"Appel aux jeunes leaders du Canada, du Mexique\u00a0et des \u00c9tats-Unis : les\u00a0Journ\u00e9es de l&#039;engagement jeunesse (JEJ) 2025\u00a0se tiendront en ligne cet automne, et\" \/>\n<meta property=\"og:url\" content=\"https:\/\/www.cec.org\/fr\/nouvelles\/journees-de-lengagement-jeunesse-2025\/\" \/>\n<meta property=\"og:site_name\" content=\"Commission de coop\u00e9ration environnementale\" \/>\n<meta property=\"article:publisher\" content=\"https:\/\/www.facebook.com\/CECconnect\" \/>\n<meta property=\"og:image\" content=\"https:\/\/www.cec.org\/wp-content\/uploads\/CEC_YEW2025-Primary-FR.webp\" \/>\n\t<meta property=\"og:image:width\" content=\"1200\" \/>\n\t<meta property=\"og:image:height\" content=\"684\" \/>\n\t<meta property=\"og:image:type\" content=\"image\/webp\" \/>\n<meta name=\"twitter:card\" content=\"summary_large_image\" \/>\n<meta name=\"twitter:site\" content=\"@CECweb\" \/>\n<script type=\"application\/ld+json\" class=\"yoast-schema-graph\">{\"@context\":\"https:\\\/\\\/schema.org\",\"@graph\":[{\"@type\":\"WebPage\",\"@id\":\"https:\\\/\\\/www.cec.org\\\/fr\\\/nouvelles\\\/journees-de-lengagement-jeunesse-2025\\\/\",\"url\":\"https:\\\/\\\/www.cec.org\\\/fr\\\/nouvelles\\\/journees-de-lengagement-jeunesse-2025\\\/\",\"name\":\"Journ\u00e9es de l\u2019engagement jeunesse 2025 \u2013 Appel aux pan\u00e9listes et aux facilitateur\u00b7trices!\",\"isPartOf\":{\"@id\":\"https:\\\/\\\/www.cec.org\\\/fr\\\/#website\"},\"primaryImageOfPage\":{\"@id\":\"https:\\\/\\\/www.cec.org\\\/fr\\\/nouvelles\\\/journees-de-lengagement-jeunesse-2025\\\/#primaryimage\"},\"image\":{\"@id\":\"https:\\\/\\\/www.cec.org\\\/fr\\\/nouvelles\\\/journees-de-lengagement-jeunesse-2025\\\/#primaryimage\"},\"thumbnailUrl\":\"https:\\\/\\\/www.cec.org\\\/wp-content\\\/uploads\\\/CEC_YEW2025-Primary-FR.webp\",\"datePublished\":\"2025-09-19T15:45:51+00:00\",\"description\":\"Appel aux jeunes leaders du Canada, du Mexique\u00a0et des \u00c9tats-Unis : les\u00a0Journ\u00e9es de l'engagement jeunesse (JEJ) 2025\u00a0se tiendront en ligne cet automne, et\",\"breadcrumb\":{\"@id\":\"https:\\\/\\\/www.cec.org\\\/fr\\\/nouvelles\\\/journees-de-lengagement-jeunesse-2025\\\/#breadcrumb\"},\"inLanguage\":\"fr-FR\",\"potentialAction\":[{\"@type\":\"ReadAction\",\"target\":[\"https:\\\/\\\/www.cec.org\\\/fr\\\/nouvelles\\\/journees-de-lengagement-jeunesse-2025\\\/\"]}]},{\"@type\":\"ImageObject\",\"inLanguage\":\"fr-FR\",\"@id\":\"https:\\\/\\\/www.cec.org\\\/fr\\\/nouvelles\\\/journees-de-lengagement-jeunesse-2025\\\/#primaryimage\",\"url\":\"https:\\\/\\\/www.cec.org\\\/wp-content\\\/uploads\\\/CEC_YEW2025-Primary-FR.webp\",\"contentUrl\":\"https:\\\/\\\/www.cec.org\\\/wp-content\\\/uploads\\\/CEC_YEW2025-Primary-FR.webp\",\"width\":1200,\"height\":684,\"caption\":\"YEW Youth EJourn\u00e9es de l\u2019engagement jeunesse 2025\"},{\"@type\":\"BreadcrumbList\",\"@id\":\"https:\\\/\\\/www.cec.org\\\/fr\\\/nouvelles\\\/journees-de-lengagement-jeunesse-2025\\\/#breadcrumb\",\"itemListElement\":[{\"@type\":\"ListItem\",\"position\":1,\"name\":\"Accueil\",\"item\":\"https:\\\/\\\/www.cec.org\\\/fr\\\/\"},{\"@type\":\"ListItem\",\"position\":2,\"name\":\"Nouvelles\",\"item\":\"https:\\\/\\\/www.cec.org\\\/fr\\\/nouvelles\\\/\"},{\"@type\":\"ListItem\",\"position\":3,\"name\":\"Journ\u00e9es de l\u2019engagement jeunesse 2025 \u2013 Appel aux pan\u00e9listes et aux facilitateur\u00b7trices!\"}]},{\"@type\":\"WebSite\",\"@id\":\"https:\\\/\\\/www.cec.org\\\/fr\\\/#website\",\"url\":\"https:\\\/\\\/www.cec.org\\\/fr\\\/\",\"name\":\"Commission for Environmental Cooperation\",\"description\":\"Three countries working together to protect our shared environment\",\"alternateName\":\"CEC - CCA -CCE\",\"potentialAction\":[{\"@type\":\"SearchAction\",\"target\":{\"@type\":\"EntryPoint\",\"urlTemplate\":\"https:\\\/\\\/www.cec.org\\\/fr\\\/?s={search_term_string}\"},\"query-input\":{\"@type\":\"PropertyValueSpecification\",\"valueRequired\":true,\"valueName\":\"search_term_string\"}}],\"inLanguage\":\"fr-FR\"}]}<\/script>\n<!-- \/ Yoast SEO Premium plugin. -->","yoast_head_json":{"title":"Journ\u00e9es de l\u2019engagement jeunesse 2025 \u2013 Appel aux pan\u00e9listes et aux facilitateur\u00b7trices!","description":"Appel aux jeunes leaders du Canada, du Mexique\u00a0et des \u00c9tats-Unis : les\u00a0Journ\u00e9es de l'engagement jeunesse (JEJ) 2025\u00a0se tiendront en ligne cet automne, et","robots":{"index":"index","follow":"follow","max-snippet":"max-snippet:-1","max-image-preview":"max-image-preview:large","max-video-preview":"max-video-preview:-1"},"canonical":"https:\/\/www.cec.org\/fr\/nouvelles\/journees-de-lengagement-jeunesse-2025\/","og_locale":"fr_FR","og_type":"article","og_title":"Journ\u00e9es de l\u2019engagement jeunesse 2025 \u2013 Appel aux pan\u00e9listes et aux facilitateur\u00b7trices!","og_description":"Appel aux jeunes leaders du Canada, du Mexique\u00a0et des \u00c9tats-Unis : les\u00a0Journ\u00e9es de l'engagement jeunesse (JEJ) 2025\u00a0se tiendront en ligne cet automne, et","og_url":"https:\/\/www.cec.org\/fr\/nouvelles\/journees-de-lengagement-jeunesse-2025\/","og_site_name":"Commission de coop\u00e9ration environnementale","article_publisher":"https:\/\/www.facebook.com\/CECconnect","og_image":[{"width":1200,"height":684,"url":"https:\/\/www.cec.org\/wp-content\/uploads\/CEC_YEW2025-Primary-FR.webp","type":"image\/webp"}],"twitter_card":"summary_large_image","twitter_site":"@CECweb","schema":{"@context":"https:\/\/schema.org","@graph":[{"@type":"WebPage","@id":"https:\/\/www.cec.org\/fr\/nouvelles\/journees-de-lengagement-jeunesse-2025\/","url":"https:\/\/www.cec.org\/fr\/nouvelles\/journees-de-lengagement-jeunesse-2025\/","name":"Journ\u00e9es de l\u2019engagement jeunesse 2025 \u2013 Appel aux pan\u00e9listes et aux facilitateur\u00b7trices!","isPartOf":{"@id":"https:\/\/www.cec.org\/fr\/#website"},"primaryImageOfPage":{"@id":"https:\/\/www.cec.org\/fr\/nouvelles\/journees-de-lengagement-jeunesse-2025\/#primaryimage"},"image":{"@id":"https:\/\/www.cec.org\/fr\/nouvelles\/journees-de-lengagement-jeunesse-2025\/#primaryimage"},"thumbnailUrl":"https:\/\/www.cec.org\/wp-content\/uploads\/CEC_YEW2025-Primary-FR.webp","datePublished":"2025-09-19T15:45:51+00:00","description":"Appel aux jeunes leaders du Canada, du Mexique\u00a0et des \u00c9tats-Unis : les\u00a0Journ\u00e9es de l'engagement jeunesse (JEJ) 2025\u00a0se tiendront en ligne cet automne, et","breadcrumb":{"@id":"https:\/\/www.cec.org\/fr\/nouvelles\/journees-de-lengagement-jeunesse-2025\/#breadcrumb"},"inLanguage":"fr-FR","potentialAction":[{"@type":"ReadAction","target":["https:\/\/www.cec.org\/fr\/nouvelles\/journees-de-lengagement-jeunesse-2025\/"]}]},{"@type":"ImageObject","inLanguage":"fr-FR","@id":"https:\/\/www.cec.org\/fr\/nouvelles\/journees-de-lengagement-jeunesse-2025\/#primaryimage","url":"https:\/\/www.cec.org\/wp-content\/uploads\/CEC_YEW2025-Primary-FR.webp","contentUrl":"https:\/\/www.cec.org\/wp-content\/uploads\/CEC_YEW2025-Primary-FR.webp","width":1200,"height":684,"caption":"YEW Youth EJourn\u00e9es de l\u2019engagement jeunesse 2025"},{"@type":"BreadcrumbList","@id":"https:\/\/www.cec.org\/fr\/nouvelles\/journees-de-lengagement-jeunesse-2025\/#breadcrumb","itemListElement":[{"@type":"ListItem","position":1,"name":"Accueil","item":"https:\/\/www.cec.org\/fr\/"},{"@type":"ListItem","position":2,"name":"Nouvelles","item":"https:\/\/www.cec.org\/fr\/nouvelles\/"},{"@type":"ListItem","position":3,"name":"Journ\u00e9es de l\u2019engagement jeunesse 2025 \u2013 Appel aux pan\u00e9listes et aux facilitateur\u00b7trices!"}]},{"@type":"WebSite","@id":"https:\/\/www.cec.org\/fr\/#website","url":"https:\/\/www.cec.org\/fr\/","name":"Commission for Environmental Cooperation","description":"Three countries working together to protect our shared environment","alternateName":"CEC - CCA -CCE","potentialAction":[{"@type":"SearchAction","target":{"@type":"EntryPoint","urlTemplate":"https:\/\/www.cec.org\/fr\/?s={search_term_string}"},"query-input":{"@type":"PropertyValueSpecification","valueRequired":true,"valueName":"search_term_string"}}],"inLanguage":"fr-FR"}]}},"_links":{"self":[{"href":"https:\/\/www.cec.org\/fr\/wp-json\/wp\/v2\/news\/60131","targetHints":{"allow":["GET"]}}],"collection":[{"href":"https:\/\/www.cec.org\/fr\/wp-json\/wp\/v2\/news"}],"about":[{"href":"https:\/\/www.cec.org\/fr\/wp-json\/wp\/v2\/types\/news"}],"wp:featuredmedia":[{"embeddable":true,"href":"https:\/\/www.cec.org\/fr\/wp-json\/wp\/v2\/media\/60097"}],"wp:attachment":[{"href":"https:\/\/www.cec.org\/fr\/wp-json\/wp\/v2\/media?parent=60131"}],"curies":[{"name":"wp","href":"https:\/\/api.w.org\/{rel}","templated":true}]}}