{"id":58997,"date":"2025-05-21T12:22:46","date_gmt":"2025-05-21T16:22:46","guid":{"rendered":"https:\/\/www.cec.org\/newsletter\/limpact-de-la-pollution-et-de-la-perte-de-biodiversite-sur-les-femmes\/"},"modified":"2025-05-21T12:22:46","modified_gmt":"2025-05-21T16:22:46","slug":"limpact-de-la-pollution-et-de-la-perte-de-biodiversite-sur-les-femmes","status":"publish","type":"news","link":"https:\/\/www.cec.org\/fr\/nouvelles\/limpact-de-la-pollution-et-de-la-perte-de-biodiversite-sur-les-femmes\/","title":{"rendered":"Le 4 juin, ne ratez pas notre webinaire intitul\u00e9 : \u00ab L\u2019impact de la pollution et de la perte de biodiversit\u00e9 sur les femmes \u00bb"},"content":{"rendered":"<p>La\u00a0<a href=\"https:\/\/www.cec.org\/fr\/\" target=\"_blank\" rel=\"noopener\">Commission de coop\u00e9ration environnementale<\/a>\u00a0(CCE) vous invite \u00e0 assister \u00e0 une conversation riche et inspirante sur l\u2019impact de la pollution et de la perte de biodiversit\u00e9 sur les femmes en Am\u00e9rique du Nord.<\/p>\n<p>Durant cette discussion dirig\u00e9e, des expertes\u00a0de premier plan se pencheront sur les liens profonds qui unissent les femmes et l\u2019environnement. Elles examineront comment la d\u00e9gradation de l\u2019environnement, la perte de biodiversit\u00e9, la pollution et les ph\u00e9nom\u00e8nes extr\u00eames nuisent \u00e0 l\u2019acc\u00e8s des femmes \u00e0 de l\u2019eau, de la nourriture et de l\u2019air sains, et l\u2019effet direct que ces d\u00e9fis ont sur leur sant\u00e9 et leurs moyens de subsistance.<\/p>\n<p>Des expertes de partout en Am\u00e9rique du Nord vous apprendront en quoi soutenir les femmes et les filles peut\u00a0contribuer \u00e0 la restauration et \u00e0 la protection des communaut\u00e9s et \u00e9cosyst\u00e8mes et ainsi favoriser la sant\u00e9, la r\u00e9silience et des \u00e9conomies locales plus durables.<\/p>\n<p>Participez \u00e0 cette conversation pour d\u00e9couvrir comment chaque personne\u00a0peut contribuer \u00e0 un changement positif dans nos communaut\u00e9s et \u00e0 l\u2019\u00e9chelle de l\u2019Am\u00e9rique du Nord.<\/p>\n<p><a href=\"https:\/\/www.cec.org\/fr\/activites\/limpact-de-la-pollution-et-de-la-perte-de-biodiversite-sur-les-femmes\/\" target=\"_blank\" rel=\"noopener\">Rencontrez le panel et inscrivez-vous<\/a>!<br \/>\nDate: 4 juin 2025<br \/>\nHeure: de 12 h 00 \u00e0 13 h 30 (HE)<\/p>\n<p>Ce webinaire se tiendra en anglais et en espagnol, avec interpr\u00e9tation simultan\u00e9e en fran\u00e7ais, en anglais et en espagnol.<\/p>\n<p>Pour plus d\u2019information sur les initiatives de la CCE, les possibilit\u00e9s qu\u2019elle offre et ses travaux, abonnez-vous \u00e0 notre\u00a0<a href=\"https:\/\/cec.us7.list-manage.com\/subscribe?u=5fa638f92a1d9b74d1d595b81&amp;id=0901aafc2d\" target=\"_blank\" rel=\"noopener\">bulletin<\/a>\u00a0et suivez-nous sur nos\u00a0<a href=\"https:\/\/linktr.ee\/CEC_Social\" target=\"_blank\" rel=\"noopener\">m\u00e9dias sociaux<\/a>.<\/p>\n","protected":false},"excerpt":{"rendered":"<p>La\u00a0Commission de coop\u00e9ration environnementale\u00a0(CCE) vous invite \u00e0 assister \u00e0 une conversation riche et inspirante sur l\u2019impact de la pollution et de la perte de biodiversit\u00e9 sur les femmes en Am\u00e9rique du Nord. Durant cette discussion dirig\u00e9e, des expertes\u00a0de premier plan se pencheront sur les liens profonds qui unissent les femmes et l\u2019environnement. Elles examineront comment [&hellip;]<\/p>\n","protected":false},"featured_media":58950,"template":"","class_list":["post-58997","news","type-news","status-publish","has-post-thumbnail","hentry","feed-ej4climate-fr"],"acf":[],"yoast_head":"<!-- This site is optimized with the Yoast SEO Premium plugin v27.4 (Yoast SEO v27.4) - https:\/\/yoast.com\/product\/yoast-seo-premium-wordpress\/ -->\n<title>Le 4 juin, ne ratez pas notre webinaire intitul\u00e9 : \u00ab L\u2019impact de la pollution et de la perte de biodiversit\u00e9 sur les femmes \u00bb<\/title>\n<meta name=\"description\" content=\"La\u00a0Commission de coop\u00e9ration environnementale\u00a0(CCE) vous invite \u00e0 assister \u00e0 une conversation riche et inspirante sur l\u2019impact de la pollution et de la\" \/>\n<meta name=\"robots\" content=\"index, follow, max-snippet:-1, max-image-preview:large, max-video-preview:-1\" \/>\n<link rel=\"canonical\" href=\"https:\/\/www.cec.org\/fr\/nouvelles\/limpact-de-la-pollution-et-de-la-perte-de-biodiversite-sur-les-femmes\/\" \/>\n<meta property=\"og:locale\" content=\"fr_FR\" \/>\n<meta property=\"og:type\" content=\"article\" \/>\n<meta property=\"og:title\" content=\"Le 4 juin, ne ratez pas notre webinaire intitul\u00e9 : \u00ab L\u2019impact de la pollution et de la perte de biodiversit\u00e9 sur les femmes \u00bb\" \/>\n<meta property=\"og:description\" content=\"La\u00a0Commission de coop\u00e9ration environnementale\u00a0(CCE) vous invite \u00e0 assister \u00e0 une conversation riche et inspirante sur l\u2019impact de la pollution et de la\" \/>\n<meta property=\"og:url\" content=\"https:\/\/www.cec.org\/fr\/nouvelles\/limpact-de-la-pollution-et-de-la-perte-de-biodiversite-sur-les-femmes\/\" \/>\n<meta property=\"og:site_name\" content=\"Commission de coop\u00e9ration environnementale\" \/>\n<meta property=\"article:publisher\" content=\"https:\/\/www.facebook.com\/CECconnect\" \/>\n<meta property=\"og:image\" content=\"https:\/\/www.cec.org\/wp-content\/uploads\/CEC_EJ-Speakers-1200x684-FR.webp\" \/>\n\t<meta property=\"og:image:width\" content=\"1200\" \/>\n\t<meta property=\"og:image:height\" content=\"684\" \/>\n\t<meta property=\"og:image:type\" content=\"image\/webp\" \/>\n<meta name=\"twitter:card\" content=\"summary_large_image\" \/>\n<meta name=\"twitter:site\" content=\"@CECweb\" \/>\n<script type=\"application\/ld+json\" class=\"yoast-schema-graph\">{\"@context\":\"https:\\\/\\\/schema.org\",\"@graph\":[{\"@type\":\"WebPage\",\"@id\":\"https:\\\/\\\/www.cec.org\\\/fr\\\/nouvelles\\\/limpact-de-la-pollution-et-de-la-perte-de-biodiversite-sur-les-femmes\\\/\",\"url\":\"https:\\\/\\\/www.cec.org\\\/fr\\\/nouvelles\\\/limpact-de-la-pollution-et-de-la-perte-de-biodiversite-sur-les-femmes\\\/\",\"name\":\"Le 4 juin, ne ratez pas notre webinaire intitul\u00e9 : \u00ab L\u2019impact de la pollution et de la perte de biodiversit\u00e9 sur les femmes \u00bb\",\"isPartOf\":{\"@id\":\"https:\\\/\\\/www.cec.org\\\/fr\\\/#website\"},\"primaryImageOfPage\":{\"@id\":\"https:\\\/\\\/www.cec.org\\\/fr\\\/nouvelles\\\/limpact-de-la-pollution-et-de-la-perte-de-biodiversite-sur-les-femmes\\\/#primaryimage\"},\"image\":{\"@id\":\"https:\\\/\\\/www.cec.org\\\/fr\\\/nouvelles\\\/limpact-de-la-pollution-et-de-la-perte-de-biodiversite-sur-les-femmes\\\/#primaryimage\"},\"thumbnailUrl\":\"https:\\\/\\\/www.cec.org\\\/wp-content\\\/uploads\\\/CEC_EJ-Speakers-1200x684-FR.webp\",\"datePublished\":\"2025-05-21T16:22:46+00:00\",\"description\":\"La\u00a0Commission de coop\u00e9ration environnementale\u00a0(CCE) vous invite \u00e0 assister \u00e0 une conversation riche et inspirante sur l\u2019impact de la pollution et de la\",\"breadcrumb\":{\"@id\":\"https:\\\/\\\/www.cec.org\\\/fr\\\/nouvelles\\\/limpact-de-la-pollution-et-de-la-perte-de-biodiversite-sur-les-femmes\\\/#breadcrumb\"},\"inLanguage\":\"fr-FR\",\"potentialAction\":[{\"@type\":\"ReadAction\",\"target\":[\"https:\\\/\\\/www.cec.org\\\/fr\\\/nouvelles\\\/limpact-de-la-pollution-et-de-la-perte-de-biodiversite-sur-les-femmes\\\/\"]}]},{\"@type\":\"ImageObject\",\"inLanguage\":\"fr-FR\",\"@id\":\"https:\\\/\\\/www.cec.org\\\/fr\\\/nouvelles\\\/limpact-de-la-pollution-et-de-la-perte-de-biodiversite-sur-les-femmes\\\/#primaryimage\",\"url\":\"https:\\\/\\\/www.cec.org\\\/wp-content\\\/uploads\\\/CEC_EJ-Speakers-1200x684-FR.webp\",\"contentUrl\":\"https:\\\/\\\/www.cec.org\\\/wp-content\\\/uploads\\\/CEC_EJ-Speakers-1200x684-FR.webp\",\"width\":1200,\"height\":684,\"caption\":\"CEC Event\"},{\"@type\":\"BreadcrumbList\",\"@id\":\"https:\\\/\\\/www.cec.org\\\/fr\\\/nouvelles\\\/limpact-de-la-pollution-et-de-la-perte-de-biodiversite-sur-les-femmes\\\/#breadcrumb\",\"itemListElement\":[{\"@type\":\"ListItem\",\"position\":1,\"name\":\"Accueil\",\"item\":\"https:\\\/\\\/www.cec.org\\\/fr\\\/\"},{\"@type\":\"ListItem\",\"position\":2,\"name\":\"Nouvelles\",\"item\":\"https:\\\/\\\/www.cec.org\\\/fr\\\/nouvelles\\\/\"},{\"@type\":\"ListItem\",\"position\":3,\"name\":\"Le 4 juin, ne ratez pas notre webinaire intitul\u00e9 : \u00ab L\u2019impact de la pollution et de la perte de biodiversit\u00e9 sur les femmes \u00bb\"}]},{\"@type\":\"WebSite\",\"@id\":\"https:\\\/\\\/www.cec.org\\\/fr\\\/#website\",\"url\":\"https:\\\/\\\/www.cec.org\\\/fr\\\/\",\"name\":\"Commission for Environmental Cooperation\",\"description\":\"Three countries working together to protect our shared environment\",\"alternateName\":\"CEC - CCA -CCE\",\"potentialAction\":[{\"@type\":\"SearchAction\",\"target\":{\"@type\":\"EntryPoint\",\"urlTemplate\":\"https:\\\/\\\/www.cec.org\\\/fr\\\/?s={search_term_string}\"},\"query-input\":{\"@type\":\"PropertyValueSpecification\",\"valueRequired\":true,\"valueName\":\"search_term_string\"}}],\"inLanguage\":\"fr-FR\"}]}<\/script>\n<!-- \/ Yoast SEO Premium plugin. -->","yoast_head_json":{"title":"Le 4 juin, ne ratez pas notre webinaire intitul\u00e9 : \u00ab L\u2019impact de la pollution et de la perte de biodiversit\u00e9 sur les femmes \u00bb","description":"La\u00a0Commission de coop\u00e9ration environnementale\u00a0(CCE) vous invite \u00e0 assister \u00e0 une conversation riche et inspirante sur l\u2019impact de la pollution et de la","robots":{"index":"index","follow":"follow","max-snippet":"max-snippet:-1","max-image-preview":"max-image-preview:large","max-video-preview":"max-video-preview:-1"},"canonical":"https:\/\/www.cec.org\/fr\/nouvelles\/limpact-de-la-pollution-et-de-la-perte-de-biodiversite-sur-les-femmes\/","og_locale":"fr_FR","og_type":"article","og_title":"Le 4 juin, ne ratez pas notre webinaire intitul\u00e9 : \u00ab L\u2019impact de la pollution et de la perte de biodiversit\u00e9 sur les femmes \u00bb","og_description":"La\u00a0Commission de coop\u00e9ration environnementale\u00a0(CCE) vous invite \u00e0 assister \u00e0 une conversation riche et inspirante sur l\u2019impact de la pollution et de la","og_url":"https:\/\/www.cec.org\/fr\/nouvelles\/limpact-de-la-pollution-et-de-la-perte-de-biodiversite-sur-les-femmes\/","og_site_name":"Commission de coop\u00e9ration environnementale","article_publisher":"https:\/\/www.facebook.com\/CECconnect","og_image":[{"width":1200,"height":684,"url":"https:\/\/www.cec.org\/wp-content\/uploads\/CEC_EJ-Speakers-1200x684-FR.webp","type":"image\/webp"}],"twitter_card":"summary_large_image","twitter_site":"@CECweb","schema":{"@context":"https:\/\/schema.org","@graph":[{"@type":"WebPage","@id":"https:\/\/www.cec.org\/fr\/nouvelles\/limpact-de-la-pollution-et-de-la-perte-de-biodiversite-sur-les-femmes\/","url":"https:\/\/www.cec.org\/fr\/nouvelles\/limpact-de-la-pollution-et-de-la-perte-de-biodiversite-sur-les-femmes\/","name":"Le 4 juin, ne ratez pas notre webinaire intitul\u00e9 : \u00ab L\u2019impact de la pollution et de la perte de biodiversit\u00e9 sur les femmes \u00bb","isPartOf":{"@id":"https:\/\/www.cec.org\/fr\/#website"},"primaryImageOfPage":{"@id":"https:\/\/www.cec.org\/fr\/nouvelles\/limpact-de-la-pollution-et-de-la-perte-de-biodiversite-sur-les-femmes\/#primaryimage"},"image":{"@id":"https:\/\/www.cec.org\/fr\/nouvelles\/limpact-de-la-pollution-et-de-la-perte-de-biodiversite-sur-les-femmes\/#primaryimage"},"thumbnailUrl":"https:\/\/www.cec.org\/wp-content\/uploads\/CEC_EJ-Speakers-1200x684-FR.webp","datePublished":"2025-05-21T16:22:46+00:00","description":"La\u00a0Commission de coop\u00e9ration environnementale\u00a0(CCE) vous invite \u00e0 assister \u00e0 une conversation riche et inspirante sur l\u2019impact de la pollution et de la","breadcrumb":{"@id":"https:\/\/www.cec.org\/fr\/nouvelles\/limpact-de-la-pollution-et-de-la-perte-de-biodiversite-sur-les-femmes\/#breadcrumb"},"inLanguage":"fr-FR","potentialAction":[{"@type":"ReadAction","target":["https:\/\/www.cec.org\/fr\/nouvelles\/limpact-de-la-pollution-et-de-la-perte-de-biodiversite-sur-les-femmes\/"]}]},{"@type":"ImageObject","inLanguage":"fr-FR","@id":"https:\/\/www.cec.org\/fr\/nouvelles\/limpact-de-la-pollution-et-de-la-perte-de-biodiversite-sur-les-femmes\/#primaryimage","url":"https:\/\/www.cec.org\/wp-content\/uploads\/CEC_EJ-Speakers-1200x684-FR.webp","contentUrl":"https:\/\/www.cec.org\/wp-content\/uploads\/CEC_EJ-Speakers-1200x684-FR.webp","width":1200,"height":684,"caption":"CEC Event"},{"@type":"BreadcrumbList","@id":"https:\/\/www.cec.org\/fr\/nouvelles\/limpact-de-la-pollution-et-de-la-perte-de-biodiversite-sur-les-femmes\/#breadcrumb","itemListElement":[{"@type":"ListItem","position":1,"name":"Accueil","item":"https:\/\/www.cec.org\/fr\/"},{"@type":"ListItem","position":2,"name":"Nouvelles","item":"https:\/\/www.cec.org\/fr\/nouvelles\/"},{"@type":"ListItem","position":3,"name":"Le 4 juin, ne ratez pas notre webinaire intitul\u00e9 : \u00ab L\u2019impact de la pollution et de la perte de biodiversit\u00e9 sur les femmes \u00bb"}]},{"@type":"WebSite","@id":"https:\/\/www.cec.org\/fr\/#website","url":"https:\/\/www.cec.org\/fr\/","name":"Commission for Environmental Cooperation","description":"Three countries working together to protect our shared environment","alternateName":"CEC - CCA -CCE","potentialAction":[{"@type":"SearchAction","target":{"@type":"EntryPoint","urlTemplate":"https:\/\/www.cec.org\/fr\/?s={search_term_string}"},"query-input":{"@type":"PropertyValueSpecification","valueRequired":true,"valueName":"search_term_string"}}],"inLanguage":"fr-FR"}]}},"_links":{"self":[{"href":"https:\/\/www.cec.org\/fr\/wp-json\/wp\/v2\/news\/58997","targetHints":{"allow":["GET"]}}],"collection":[{"href":"https:\/\/www.cec.org\/fr\/wp-json\/wp\/v2\/news"}],"about":[{"href":"https:\/\/www.cec.org\/fr\/wp-json\/wp\/v2\/types\/news"}],"wp:featuredmedia":[{"embeddable":true,"href":"https:\/\/www.cec.org\/fr\/wp-json\/wp\/v2\/media\/58950"}],"wp:attachment":[{"href":"https:\/\/www.cec.org\/fr\/wp-json\/wp\/v2\/media?parent=58997"}],"curies":[{"name":"wp","href":"https:\/\/api.w.org\/{rel}","templated":true}]}}