{"id":57708,"date":"2025-02-06T09:00:33","date_gmt":"2025-02-06T14:00:33","guid":{"rendered":"http:\/\/www.cec.org\/?post_type=newsletter&p=57708"},"modified":"2025-02-06T09:00:33","modified_gmt":"2025-02-06T14:00:33","slug":"nouvelle-directrice-groupes-consultatifs-et-participation-publique","status":"publish","type":"news","link":"https:\/\/www.cec.org\/fr\/nouvelles\/nouvelle-directrice-groupes-consultatifs-et-participation-publique\/","title":{"rendered":"La CCE nomme une nouvelle directrice, Groupes consultatifs et participation publique"},"content":{"rendered":"<p>La Commission de coop\u00e9ration environnementale est ravie d\u2019annoncer la nomination de Marcela Orozco, professionnelle comptant de\u00a0nombreuses ann\u00e9es au\u00a0service du Secr\u00e9tariat de la CCE, au poste de directrice, Groupes consultatifs et participation publique.<\/p>\n<p>La participation effective du public est l\u2019une des pierres angulaires de la\u00a0<a href=\"https:\/\/www.cec.org\/fr\/qui-sommes-nous\/\">mission de la CCE<\/a>. Ce nouveau poste refl\u00e8te l\u2019importance pour la CCE d\u2019int\u00e9grer, sur le plan institutionnel et de fa\u00e7on constructive, les points de vue du public, des communaut\u00e9s et de ses partenaires dans ses programmes et projets. Ce changement souligne aussi l\u2019importance de l\u2019engagement communautaire, de m\u00eame que le r\u00f4le vital du savoir et des points de vue autochtones dans l\u2019avancement de la coop\u00e9ration environnementale \u00e0 l\u2019\u00e9chelle de l\u2019Am\u00e9rique du Nord. Enfin, il rend compte du r\u00f4le essentiel que jouent nos groupes consultatifs et nos partenaires cl\u00e9s dans le cadre de nos programmes et\u00a0projets et de toutes les activit\u00e9s de la CCE.<\/p>\n<p>Marcela compte plus de 30 ann\u00e9es d\u2019exp\u00e9rience des affaires internationales et gouvernementales. Elle a consacr\u00e9 une grande partie de sa carri\u00e8re professionnelle \u00e0 la coop\u00e9ration environnementale trilat\u00e9rale et \u00e0 la promotion des relations multisectorielles, des investissements \u00e9trangers et du commerce international. Au service de la CCE depuis 20 ans, sa vaste expertise comprend la coordination des travaux du\u00a0<a href=\"https:\/\/www.cec.org\/fr\/qui-sommes-nous\/comite-consultatif-public-mixte\/\">Comit\u00e9 consultatif public mixte<\/a>\u00a0(CCPM), l\u2019un des trois organes constitutifs de la CCE, et du\u00a0<a href=\"https:\/\/www.cec.org\/fr\/qui-sommes-nous\/groupe-de-specialistes-sur-les-connaissances-ecologiques-traditionnelles\/\">Groupe de sp\u00e9cialistes des connaissances \u00e9cologiques traditionnelles<\/a>\u00a0(GSCET). En collaboration avec l\u2019agent sp\u00e9cialis\u00e9 en affaires autochtones et le GSCET, Marcela a contribu\u00e9 \u00e0 faire progresser nos relations avec les repr\u00e9sentant\u00b7es autochtones, et elle a encourag\u00e9 les occasions d\u2019appliquer\u00a0les connaissances \u00e9cologiques traditionnelles (CET) et les points de vue autochtones dans les projets et activit\u00e9s de la CCE.<\/p>\n<p>Elle supervise aussi les travaux\u00a0en plein essor de la CCE aupr\u00e8s de\u00a0communaut\u00e9s accabl\u00e9es, de m\u00eame que la mise en \u0153uvre de la Strat\u00e9gie de mobilisation du secteur priv\u00e9 de la CCE, en collaborant avec les partenaires communautaires cl\u00e9s et les intervenant\u00b7es du secteur priv\u00e9 \u00e0 l\u2019\u00e9chelle de l\u2019Am\u00e9rique du Nord.<\/p>\n<p>Auparavant, Marcela a \u00e9t\u00e9 pendant pr\u00e8s de 10 ans d\u00e9l\u00e9gu\u00e9e adjointe \u00e0 la D\u00e9l\u00e9gation commerciale du Mexique \u00e0 Montr\u00e9al, o\u00f9 elle faisait la promotion de projets d\u2019investissements \u00e9trangers, d'exportations du Mexique vers le Canada et d\u2019alliances strat\u00e9giques entre les deux pays.<\/p>\n<p>\u00c0 titre de directrice, Groupes consultatifs et participation publique, elle continuera de donner de tr\u00e8s pr\u00e9cieux conseils \u00e0 la direction ex\u00e9cutive et au Secr\u00e9tariat de la CCE. Elle poursuivra ses activit\u00e9s pour renforcer la mobilisation du public et du secteur priv\u00e9, promouvoir la collaboration par l\u2019interm\u00e9diaire des programmes, tribunes internationales, consultations publiques et partenariats cl\u00e9s de la CCE, et s\u2019assurer que la CCE demeurera une plateforme efficace pour la coop\u00e9ration trilat\u00e9rale et le leadership en mati\u00e8re d\u2019environnement.<\/p>\n<p>Veuillez vous joindre \u00e0 nous pour f\u00e9liciter Marcela de ses nouvelles fonctions!<\/p>\n<p>Pour de plus amples renseignements sur les projets, les occasions et les travaux de la CCE,\u00a0<a href=\"https:\/\/www.cec.org\/fr\/inscrivez-vous\/\">inscrivez-vous<\/a>\u00a0\u00e0 notre bulletin et suivez-nous sur les\u00a0<a href=\"https:\/\/linktr.ee\/CEC_Social\">m\u00e9dias sociaux<\/a>.<\/p>\n","protected":false},"excerpt":{"rendered":"<p>La Commission de coop\u00e9ration environnementale est ravie d\u2019annoncer la nomination de Marcela Orozco, professionnelle comptant de\u00a0nombreuses ann\u00e9es au\u00a0service du Secr\u00e9tariat de la CCE, au poste de directrice, Groupes consultatifs et participation publique. La participation effective du public est l\u2019une des pierres angulaires de la\u00a0mission de la CCE. Ce nouveau poste refl\u00e8te l\u2019importance pour la CCE [&hellip;]<\/p>\n","protected":false},"featured_media":57705,"template":"","class_list":["post-57708","news","type-news","status-publish","has-post-thumbnail","hentry"],"acf":[],"yoast_head":"<!-- This site is optimized with the Yoast SEO Premium plugin v27.4 (Yoast SEO v27.4) - https:\/\/yoast.com\/product\/yoast-seo-premium-wordpress\/ -->\n<title>La CCE nomme une nouvelle directrice, Groupes consultatifs et participation publique<\/title>\n<meta name=\"description\" content=\"La Commission de coop\u00e9ration environnementale est ravie d\u2019annoncer la nomination de Marcela Orozco, professionnelle comptant de nombreuses ann\u00e9es au service du Secr\u00e9tariat de la CCE, au poste de directrice, Groupes consultatifs et participation publique.\" \/>\n<meta name=\"robots\" content=\"index, follow, max-snippet:-1, max-image-preview:large, max-video-preview:-1\" \/>\n<link rel=\"canonical\" href=\"https:\/\/www.cec.org\/fr\/nouvelles\/nouvelle-directrice-groupes-consultatifs-et-participation-publique\/\" \/>\n<meta property=\"og:locale\" content=\"fr_FR\" \/>\n<meta property=\"og:type\" content=\"article\" \/>\n<meta property=\"og:title\" content=\"La CCE nomme une nouvelle directrice, Groupes consultatifs et participation publique\" \/>\n<meta property=\"og:description\" content=\"La Commission de coop\u00e9ration environnementale est ravie d\u2019annoncer la nomination de Marcela Orozco, professionnelle comptant de\u00a0nombreuses ann\u00e9es\" \/>\n<meta property=\"og:url\" content=\"https:\/\/www.cec.org\/fr\/nouvelles\/nouvelle-directrice-groupes-consultatifs-et-participation-publique\/\" \/>\n<meta property=\"og:site_name\" content=\"Commission de coop\u00e9ration environnementale\" \/>\n<meta property=\"article:publisher\" content=\"https:\/\/www.facebook.com\/CECconnect\" \/>\n<meta property=\"og:image\" content=\"https:\/\/www.cec.org\/wp-content\/uploads\/Marcela_07.webp\" \/>\n\t<meta property=\"og:image:width\" content=\"1200\" \/>\n\t<meta property=\"og:image:height\" content=\"684\" \/>\n\t<meta property=\"og:image:type\" content=\"image\/webp\" \/>\n<meta name=\"twitter:card\" content=\"summary_large_image\" \/>\n<meta name=\"twitter:site\" content=\"@CECweb\" \/>\n<script type=\"application\/ld+json\" class=\"yoast-schema-graph\">{\"@context\":\"https:\\\/\\\/schema.org\",\"@graph\":[{\"@type\":\"WebPage\",\"@id\":\"https:\\\/\\\/www.cec.org\\\/fr\\\/nouvelles\\\/nouvelle-directrice-groupes-consultatifs-et-participation-publique\\\/\",\"url\":\"https:\\\/\\\/www.cec.org\\\/fr\\\/nouvelles\\\/nouvelle-directrice-groupes-consultatifs-et-participation-publique\\\/\",\"name\":\"La CCE nomme une nouvelle directrice, Groupes consultatifs et participation publique\",\"isPartOf\":{\"@id\":\"https:\\\/\\\/www.cec.org\\\/fr\\\/#website\"},\"primaryImageOfPage\":{\"@id\":\"https:\\\/\\\/www.cec.org\\\/fr\\\/nouvelles\\\/nouvelle-directrice-groupes-consultatifs-et-participation-publique\\\/#primaryimage\"},\"image\":{\"@id\":\"https:\\\/\\\/www.cec.org\\\/fr\\\/nouvelles\\\/nouvelle-directrice-groupes-consultatifs-et-participation-publique\\\/#primaryimage\"},\"thumbnailUrl\":\"https:\\\/\\\/www.cec.org\\\/wp-content\\\/uploads\\\/Marcela_07.webp\",\"datePublished\":\"2025-02-06T14:00:33+00:00\",\"description\":\"La Commission de coop\u00e9ration environnementale est ravie d\u2019annoncer la nomination de Marcela Orozco, professionnelle comptant de nombreuses ann\u00e9es au service du Secr\u00e9tariat de la CCE, au poste de directrice, Groupes consultatifs et participation publique.\",\"breadcrumb\":{\"@id\":\"https:\\\/\\\/www.cec.org\\\/fr\\\/nouvelles\\\/nouvelle-directrice-groupes-consultatifs-et-participation-publique\\\/#breadcrumb\"},\"inLanguage\":\"fr-FR\",\"potentialAction\":[{\"@type\":\"ReadAction\",\"target\":[\"https:\\\/\\\/www.cec.org\\\/fr\\\/nouvelles\\\/nouvelle-directrice-groupes-consultatifs-et-participation-publique\\\/\"]}]},{\"@type\":\"ImageObject\",\"inLanguage\":\"fr-FR\",\"@id\":\"https:\\\/\\\/www.cec.org\\\/fr\\\/nouvelles\\\/nouvelle-directrice-groupes-consultatifs-et-participation-publique\\\/#primaryimage\",\"url\":\"https:\\\/\\\/www.cec.org\\\/wp-content\\\/uploads\\\/Marcela_07.webp\",\"contentUrl\":\"https:\\\/\\\/www.cec.org\\\/wp-content\\\/uploads\\\/Marcela_07.webp\",\"width\":1200,\"height\":684,\"caption\":\"La Commission de coop\u00e9ration environnementale est ravie d\u2019annoncer la nomination de Marcela Orozco, professionnelle comptant de nombreuses ann\u00e9es au service du Secr\u00e9tariat de la CCE, au poste de directrice, Groupes consultatifs et participation publique.\"},{\"@type\":\"BreadcrumbList\",\"@id\":\"https:\\\/\\\/www.cec.org\\\/fr\\\/nouvelles\\\/nouvelle-directrice-groupes-consultatifs-et-participation-publique\\\/#breadcrumb\",\"itemListElement\":[{\"@type\":\"ListItem\",\"position\":1,\"name\":\"Accueil\",\"item\":\"https:\\\/\\\/www.cec.org\\\/fr\\\/\"},{\"@type\":\"ListItem\",\"position\":2,\"name\":\"Nouvelles\",\"item\":\"https:\\\/\\\/www.cec.org\\\/fr\\\/nouvelles\\\/\"},{\"@type\":\"ListItem\",\"position\":3,\"name\":\"La CCE nomme une nouvelle directrice, Groupes consultatifs et participation publique\"}]},{\"@type\":\"WebSite\",\"@id\":\"https:\\\/\\\/www.cec.org\\\/fr\\\/#website\",\"url\":\"https:\\\/\\\/www.cec.org\\\/fr\\\/\",\"name\":\"Commission for Environmental Cooperation\",\"description\":\"Three countries working together to protect our shared environment\",\"alternateName\":\"CEC - CCA -CCE\",\"potentialAction\":[{\"@type\":\"SearchAction\",\"target\":{\"@type\":\"EntryPoint\",\"urlTemplate\":\"https:\\\/\\\/www.cec.org\\\/fr\\\/?s={search_term_string}\"},\"query-input\":{\"@type\":\"PropertyValueSpecification\",\"valueRequired\":true,\"valueName\":\"search_term_string\"}}],\"inLanguage\":\"fr-FR\"}]}<\/script>\n<!-- \/ Yoast SEO Premium plugin. -->","yoast_head_json":{"title":"La CCE nomme une nouvelle directrice, Groupes consultatifs et participation publique","description":"La Commission de coop\u00e9ration environnementale est ravie d\u2019annoncer la nomination de Marcela Orozco, professionnelle comptant de nombreuses ann\u00e9es au service du Secr\u00e9tariat de la CCE, au poste de directrice, Groupes consultatifs et participation publique.","robots":{"index":"index","follow":"follow","max-snippet":"max-snippet:-1","max-image-preview":"max-image-preview:large","max-video-preview":"max-video-preview:-1"},"canonical":"https:\/\/www.cec.org\/fr\/nouvelles\/nouvelle-directrice-groupes-consultatifs-et-participation-publique\/","og_locale":"fr_FR","og_type":"article","og_title":"La CCE nomme une nouvelle directrice, Groupes consultatifs et participation publique","og_description":"La Commission de coop\u00e9ration environnementale est ravie d\u2019annoncer la nomination de Marcela Orozco, professionnelle comptant de\u00a0nombreuses ann\u00e9es","og_url":"https:\/\/www.cec.org\/fr\/nouvelles\/nouvelle-directrice-groupes-consultatifs-et-participation-publique\/","og_site_name":"Commission de coop\u00e9ration environnementale","article_publisher":"https:\/\/www.facebook.com\/CECconnect","og_image":[{"width":1200,"height":684,"url":"https:\/\/www.cec.org\/wp-content\/uploads\/Marcela_07.webp","type":"image\/webp"}],"twitter_card":"summary_large_image","twitter_site":"@CECweb","schema":{"@context":"https:\/\/schema.org","@graph":[{"@type":"WebPage","@id":"https:\/\/www.cec.org\/fr\/nouvelles\/nouvelle-directrice-groupes-consultatifs-et-participation-publique\/","url":"https:\/\/www.cec.org\/fr\/nouvelles\/nouvelle-directrice-groupes-consultatifs-et-participation-publique\/","name":"La CCE nomme une nouvelle directrice, Groupes consultatifs et participation publique","isPartOf":{"@id":"https:\/\/www.cec.org\/fr\/#website"},"primaryImageOfPage":{"@id":"https:\/\/www.cec.org\/fr\/nouvelles\/nouvelle-directrice-groupes-consultatifs-et-participation-publique\/#primaryimage"},"image":{"@id":"https:\/\/www.cec.org\/fr\/nouvelles\/nouvelle-directrice-groupes-consultatifs-et-participation-publique\/#primaryimage"},"thumbnailUrl":"https:\/\/www.cec.org\/wp-content\/uploads\/Marcela_07.webp","datePublished":"2025-02-06T14:00:33+00:00","description":"La Commission de coop\u00e9ration environnementale est ravie d\u2019annoncer la nomination de Marcela Orozco, professionnelle comptant de nombreuses ann\u00e9es au service du Secr\u00e9tariat de la CCE, au poste de directrice, Groupes consultatifs et participation publique.","breadcrumb":{"@id":"https:\/\/www.cec.org\/fr\/nouvelles\/nouvelle-directrice-groupes-consultatifs-et-participation-publique\/#breadcrumb"},"inLanguage":"fr-FR","potentialAction":[{"@type":"ReadAction","target":["https:\/\/www.cec.org\/fr\/nouvelles\/nouvelle-directrice-groupes-consultatifs-et-participation-publique\/"]}]},{"@type":"ImageObject","inLanguage":"fr-FR","@id":"https:\/\/www.cec.org\/fr\/nouvelles\/nouvelle-directrice-groupes-consultatifs-et-participation-publique\/#primaryimage","url":"https:\/\/www.cec.org\/wp-content\/uploads\/Marcela_07.webp","contentUrl":"https:\/\/www.cec.org\/wp-content\/uploads\/Marcela_07.webp","width":1200,"height":684,"caption":"La Commission de coop\u00e9ration environnementale est ravie d\u2019annoncer la nomination de Marcela Orozco, professionnelle comptant de nombreuses ann\u00e9es au service du Secr\u00e9tariat de la CCE, au poste de directrice, Groupes consultatifs et participation publique."},{"@type":"BreadcrumbList","@id":"https:\/\/www.cec.org\/fr\/nouvelles\/nouvelle-directrice-groupes-consultatifs-et-participation-publique\/#breadcrumb","itemListElement":[{"@type":"ListItem","position":1,"name":"Accueil","item":"https:\/\/www.cec.org\/fr\/"},{"@type":"ListItem","position":2,"name":"Nouvelles","item":"https:\/\/www.cec.org\/fr\/nouvelles\/"},{"@type":"ListItem","position":3,"name":"La CCE nomme une nouvelle directrice, Groupes consultatifs et participation publique"}]},{"@type":"WebSite","@id":"https:\/\/www.cec.org\/fr\/#website","url":"https:\/\/www.cec.org\/fr\/","name":"Commission for Environmental Cooperation","description":"Three countries working together to protect our shared environment","alternateName":"CEC - CCA -CCE","potentialAction":[{"@type":"SearchAction","target":{"@type":"EntryPoint","urlTemplate":"https:\/\/www.cec.org\/fr\/?s={search_term_string}"},"query-input":{"@type":"PropertyValueSpecification","valueRequired":true,"valueName":"search_term_string"}}],"inLanguage":"fr-FR"}]}},"_links":{"self":[{"href":"https:\/\/www.cec.org\/fr\/wp-json\/wp\/v2\/news\/57708","targetHints":{"allow":["GET"]}}],"collection":[{"href":"https:\/\/www.cec.org\/fr\/wp-json\/wp\/v2\/news"}],"about":[{"href":"https:\/\/www.cec.org\/fr\/wp-json\/wp\/v2\/types\/news"}],"wp:featuredmedia":[{"embeddable":true,"href":"https:\/\/www.cec.org\/fr\/wp-json\/wp\/v2\/media\/57705"}],"wp:attachment":[{"href":"https:\/\/www.cec.org\/fr\/wp-json\/wp\/v2\/media?parent=57708"}],"curies":[{"name":"wp","href":"https:\/\/api.w.org\/{rel}","templated":true}]}}