{"id":57665,"date":"2025-01-22T12:37:33","date_gmt":"2025-01-22T17:37:33","guid":{"rendered":"http:\/\/www.cec.org\/media\/dossier-factuel-relatif-a-la-communication-sur-la-baleine-noire-de-latlantique-nord\/"},"modified":"2025-01-22T12:37:33","modified_gmt":"2025-01-22T17:37:33","slug":"dossier-factuel-relatif-a-la-communication-sur-la-baleine-noire-de-latlantique-nord","status":"publish","type":"news","link":"https:\/\/www.cec.org\/fr\/nouvelles\/dossier-factuel-relatif-a-la-communication-sur-la-baleine-noire-de-latlantique-nord\/","title":{"rendered":"Les membres du Conseil de la CCE autorisent la constitution d\u2019un dossier factuel relatif \u00e0 la communication sur la baleine noire de l\u2019Atlantique Nord"},"content":{"rendered":"<p><strong>Tiohti\u00e0:ke (Montr\u00e9al), le 22 janvier 2025 \u2014\u00a0<\/strong>Les membres du Conseil de la Commission de coop\u00e9ration environnementale (CCE) ont unanimement d\u00e9cid\u00e9, par voie de la\u00a0<a href=\"http:\/\/www.cec.org\/files\/documents\/resolutions_du_conseil\/resolution-du-conseil-25-01.pdf\" target=\"_blank\" rel=\"noopener\">r\u00e9solution n<sup>o<\/sup>\u00a025-01<\/a>, de donner instruction au Secr\u00e9tariat de la CCE de constituer un dossier factuel relatif \u00e0 la communication SEM-21-003 (<em>Baleine noire de l\u2019Atlantique Nord<\/em>).<\/p>\n<p>Les auteurs de cette\u00a0<a href=\"http:\/\/www.cec.org\/wp-content\/uploads\/wpallimport\/files\/21-3-rsub_translation_fr.pdf\" target=\"_blank\" rel=\"noopener\">communication<\/a>\u00a0all\u00e8guent que le gouvernement des \u00c9tats-Unis omet d\u2019assurer l\u2019application effective\u00a0de ses lois et r\u00e8glements de l\u2019environnement assurant la protection de la baleine noire de l\u2019Atlantique Nord (<em>Eubalaena glacialis<\/em>) contre les collisions avec les navires et l\u2019enchev\u00eatrement dans les engins de p\u00eache.<\/p>\n<p>La r\u00e9solution du Conseil n<sup>o<\/sup>\u00a025-01 mentionne que le 3 juin 2022, le Secr\u00e9tariat a\u00a0<a href=\"http:\/\/www.cec.org\/wp-content\/uploads\/wpallimport\/files\/21-3-adv_fr.pdf\" target=\"_blank\" rel=\"noopener\">recommand\u00e9<\/a>\u00a0la constitution d\u2019un dossier factuel \u00e0 la suite de la r\u00e9ponse du gouvernement des \u00c9tats-Unis. Apr\u00e8s avoir examin\u00e9 cette recommandation et pris en consid\u00e9ration la r\u00e9ponse du Mexique, les membres du Conseil ont charg\u00e9 le Secr\u00e9tariat de constituer un tel dossier en tenant compte des lois de l\u2019environnement pertinentes et des mesures prises par la Partie en question pour appliquer ces lois de mani\u00e8re effective, plus particuli\u00e8rement la Loi sur les esp\u00e8ces en voie de disparition (<em>Endangered Species Act)<\/em>, la Loi sur la protection des mammif\u00e8res marins (<em>Marine Mammal Protection Act<\/em>), la Loi nationale sur les politiques environnementales (<em>National Environmental Policy Act<\/em>) ainsi que les r\u00e8glements connexes.<\/p>\n<p>L'objectif d'un dossier factuel de la CCE consiste \u00e0 exposer objectivement les faits pertinents qui corroborent les all\u00e9gations formul\u00e9es dans le cadre du processus relatif aux\u00a0<a href=\"https:\/\/www.cec.org\/fr\/communications\/\" target=\"_blank\" rel=\"noopener\">communications sur les questions d'application<\/a>\u00a0(SEM, selon son acronyme anglais), et de permettre aux lecteur\u00b7trices de tirer leurs propres conclusions concernant l'application de sa l\u00e9gislation de l'environnement par l\u2019une des Parties \u00e0 l\u2019<em>Accord Canada\u2013\u00c9tats-Unis\u2013Mexique<\/em>\u00a0(ACEUM). Un tel dossier factuel doit pr\u00e9senter de mani\u00e8re g\u00e9n\u00e9rale l'historique du probl\u00e8me que soul\u00e8ve une communication en mati\u00e8re d'application de la l\u00e9gislation, les lois de l\u2019environnement pertinentes de la Partie vis\u00e9e, et les mesures qu\u2019elle a prises afin d\u2019appliquer lesdites lois de mani\u00e8re effective, ce qui constitue un pr\u00e9cieux outil de partage d'informations.<\/p>\n<p>Pour de plus amples renseignements, pri\u00e8re de consulter les documents suivants :<\/p>\n<ul>\n<li><a href=\"http:\/\/www.cec.org\/wp-content\/uploads\/wpallimport\/files\/21-3-rsub_translation_fr.pdf\" target=\"_blank\" rel=\"noopener\">Communication SEM-21-003 (<em>Baleine noire de l\u2019Atlantique Nord<\/em>)<\/a>.<\/li>\n<li><a href=\"http:\/\/www.cec.org\/wp-content\/uploads\/wpallimport\/files\/21-3-adv_fr.pdf\" target=\"_blank\" rel=\"noopener\">Notification du Secr\u00e9tariat au Conseil, en vertu du paragraphe 24.28(1) de l\u2019<em>ACEUM<\/em><\/a>, estimant qu\u2019il est justifi\u00e9 de constituer un dossier factuel.<\/li>\n<li><a href=\"http:\/\/www.cec.org\/wp-content\/uploads\/wpallimport\/files\/21-3-info-request_fr.pdf\" target=\"_blank\" rel=\"noopener\">Demande de renseignements en vue de la constitution d\u2019un dossier factuel relatif \u00e0 la communication SEM-21-003 (<em>Baleine noire de l\u2019Atlantique Nord<\/em>)<\/a>.<\/li>\n<\/ul>\n<p>Pour recevoir des mises \u00e0 jour sur les initiatives de la CCE et d\u2019autres nouvelles, inscrivez-vous \u00e0 notre\u00a0<a href=\"https:\/\/www.cec.org\/fr\/inscrivez-vous\/\" target=\"_blank\" rel=\"noopener\">bulletin<\/a>\u00a0et suivez-nous sur les\u00a0<a href=\"https:\/\/linktr.ee\/CEC_Social\" target=\"_blank\" rel=\"noopener\">m\u00e9dias sociaux<\/a>.<\/p>\n","protected":false},"excerpt":{"rendered":"<p>Tiohti\u00e0:ke (Montr\u00e9al), le 22 janvier 2025 \u2014\u00a0Les membres du Conseil de la Commission de coop\u00e9ration environnementale (CCE) ont unanimement d\u00e9cid\u00e9, par voie de la\u00a0r\u00e9solution no\u00a025-01, de donner instruction au Secr\u00e9tariat de la CCE de constituer un dossier factuel relatif \u00e0 la communication SEM-21-003 (Baleine noire de l\u2019Atlantique Nord). Les auteurs de cette\u00a0communication\u00a0all\u00e8guent que le gouvernement [&hellip;]<\/p>\n","protected":false},"featured_media":56865,"template":"","class_list":["post-57665","news","type-news","status-publish","has-post-thumbnail","hentry","feed-sem-fr"],"acf":[],"yoast_head":"<!-- This site is optimized with the Yoast SEO Premium plugin v27.4 (Yoast SEO v27.4) - https:\/\/yoast.com\/product\/yoast-seo-premium-wordpress\/ -->\n<title>Dossier factuel relatif \u00e0 la communication sur la baleine noire de l\u2019Atlantique Nord<\/title>\n<meta name=\"description\" content=\"Les membres du Conseil de la CCE autorisent la constitution d\u2019un dossier factuel relatif \u00e0 la communication sur la baleine noire de l\u2019Atlantique Nord\" \/>\n<meta name=\"robots\" content=\"index, follow, max-snippet:-1, max-image-preview:large, max-video-preview:-1\" \/>\n<link rel=\"canonical\" href=\"https:\/\/www.cec.org\/fr\/nouvelles\/dossier-factuel-relatif-a-la-communication-sur-la-baleine-noire-de-latlantique-nord\/\" \/>\n<meta property=\"og:locale\" content=\"fr_FR\" \/>\n<meta property=\"og:type\" content=\"article\" \/>\n<meta property=\"og:title\" content=\"Les membres du Conseil de la CCE autorisent la constitution d\u2019un dossier factuel relatif \u00e0 la communication sur la baleine noire de l\u2019Atlantique Nord\" \/>\n<meta property=\"og:description\" content=\"Tiohti\u00e0:ke (Montr\u00e9al), le 22 janvier 2025 \u2014\u00a0Les membres du Conseil de la Commission de coop\u00e9ration environnementale (CCE) ont unanimement d\u00e9cid\u00e9, par voie\" \/>\n<meta property=\"og:url\" content=\"https:\/\/www.cec.org\/fr\/nouvelles\/dossier-factuel-relatif-a-la-communication-sur-la-baleine-noire-de-latlantique-nord\/\" \/>\n<meta property=\"og:site_name\" content=\"Commission de coop\u00e9ration environnementale\" \/>\n<meta property=\"article:publisher\" content=\"https:\/\/www.facebook.com\/CECconnect\" \/>\n<meta property=\"og:image\" content=\"https:\/\/www.cec.org\/wp-content\/uploads\/narw-2024.webp\" \/>\n\t<meta property=\"og:image:width\" content=\"1200\" \/>\n\t<meta property=\"og:image:height\" content=\"684\" \/>\n\t<meta property=\"og:image:type\" content=\"image\/webp\" \/>\n<meta name=\"twitter:card\" content=\"summary_large_image\" \/>\n<meta name=\"twitter:site\" content=\"@CECweb\" \/>\n<script type=\"application\/ld+json\" class=\"yoast-schema-graph\">{\"@context\":\"https:\\\/\\\/schema.org\",\"@graph\":[{\"@type\":\"WebPage\",\"@id\":\"https:\\\/\\\/www.cec.org\\\/fr\\\/nouvelles\\\/dossier-factuel-relatif-a-la-communication-sur-la-baleine-noire-de-latlantique-nord\\\/\",\"url\":\"https:\\\/\\\/www.cec.org\\\/fr\\\/nouvelles\\\/dossier-factuel-relatif-a-la-communication-sur-la-baleine-noire-de-latlantique-nord\\\/\",\"name\":\"Dossier factuel relatif \u00e0 la communication sur la baleine noire de l\u2019Atlantique Nord\",\"isPartOf\":{\"@id\":\"https:\\\/\\\/www.cec.org\\\/fr\\\/#website\"},\"primaryImageOfPage\":{\"@id\":\"https:\\\/\\\/www.cec.org\\\/fr\\\/nouvelles\\\/dossier-factuel-relatif-a-la-communication-sur-la-baleine-noire-de-latlantique-nord\\\/#primaryimage\"},\"image\":{\"@id\":\"https:\\\/\\\/www.cec.org\\\/fr\\\/nouvelles\\\/dossier-factuel-relatif-a-la-communication-sur-la-baleine-noire-de-latlantique-nord\\\/#primaryimage\"},\"thumbnailUrl\":\"https:\\\/\\\/www.cec.org\\\/wp-content\\\/uploads\\\/narw-2024.webp\",\"datePublished\":\"2025-01-22T17:37:33+00:00\",\"description\":\"Les membres du Conseil de la CCE autorisent la constitution d\u2019un dossier factuel relatif \u00e0 la communication sur la baleine noire de l\u2019Atlantique Nord\",\"breadcrumb\":{\"@id\":\"https:\\\/\\\/www.cec.org\\\/fr\\\/nouvelles\\\/dossier-factuel-relatif-a-la-communication-sur-la-baleine-noire-de-latlantique-nord\\\/#breadcrumb\"},\"inLanguage\":\"fr-FR\",\"potentialAction\":[{\"@type\":\"ReadAction\",\"target\":[\"https:\\\/\\\/www.cec.org\\\/fr\\\/nouvelles\\\/dossier-factuel-relatif-a-la-communication-sur-la-baleine-noire-de-latlantique-nord\\\/\"]}]},{\"@type\":\"ImageObject\",\"inLanguage\":\"fr-FR\",\"@id\":\"https:\\\/\\\/www.cec.org\\\/fr\\\/nouvelles\\\/dossier-factuel-relatif-a-la-communication-sur-la-baleine-noire-de-latlantique-nord\\\/#primaryimage\",\"url\":\"https:\\\/\\\/www.cec.org\\\/wp-content\\\/uploads\\\/narw-2024.webp\",\"contentUrl\":\"https:\\\/\\\/www.cec.org\\\/wp-content\\\/uploads\\\/narw-2024.webp\",\"width\":1200,\"height\":684,\"caption\":\"La population de baleines noires de l\u2019Atlantique Nord continue de d\u00e9cliner, car les collisions avec les navires et l\u2019enchev\u00eatrement dans les engins de p\u00eache menacent sa survie.\"},{\"@type\":\"BreadcrumbList\",\"@id\":\"https:\\\/\\\/www.cec.org\\\/fr\\\/nouvelles\\\/dossier-factuel-relatif-a-la-communication-sur-la-baleine-noire-de-latlantique-nord\\\/#breadcrumb\",\"itemListElement\":[{\"@type\":\"ListItem\",\"position\":1,\"name\":\"Accueil\",\"item\":\"https:\\\/\\\/www.cec.org\\\/fr\\\/\"},{\"@type\":\"ListItem\",\"position\":2,\"name\":\"Nouvelles\",\"item\":\"https:\\\/\\\/www.cec.org\\\/fr\\\/nouvelles\\\/\"},{\"@type\":\"ListItem\",\"position\":3,\"name\":\"Les membres du Conseil de la CCE autorisent la constitution d\u2019un dossier factuel relatif \u00e0 la communication sur la baleine noire de l\u2019Atlantique Nord\"}]},{\"@type\":\"WebSite\",\"@id\":\"https:\\\/\\\/www.cec.org\\\/fr\\\/#website\",\"url\":\"https:\\\/\\\/www.cec.org\\\/fr\\\/\",\"name\":\"Commission for Environmental Cooperation\",\"description\":\"Three countries working together to protect our shared environment\",\"alternateName\":\"CEC - CCA -CCE\",\"potentialAction\":[{\"@type\":\"SearchAction\",\"target\":{\"@type\":\"EntryPoint\",\"urlTemplate\":\"https:\\\/\\\/www.cec.org\\\/fr\\\/?s={search_term_string}\"},\"query-input\":{\"@type\":\"PropertyValueSpecification\",\"valueRequired\":true,\"valueName\":\"search_term_string\"}}],\"inLanguage\":\"fr-FR\"}]}<\/script>\n<!-- \/ Yoast SEO Premium plugin. -->","yoast_head_json":{"title":"Dossier factuel relatif \u00e0 la communication sur la baleine noire de l\u2019Atlantique Nord","description":"Les membres du Conseil de la CCE autorisent la constitution d\u2019un dossier factuel relatif \u00e0 la communication sur la baleine noire de l\u2019Atlantique Nord","robots":{"index":"index","follow":"follow","max-snippet":"max-snippet:-1","max-image-preview":"max-image-preview:large","max-video-preview":"max-video-preview:-1"},"canonical":"https:\/\/www.cec.org\/fr\/nouvelles\/dossier-factuel-relatif-a-la-communication-sur-la-baleine-noire-de-latlantique-nord\/","og_locale":"fr_FR","og_type":"article","og_title":"Les membres du Conseil de la CCE autorisent la constitution d\u2019un dossier factuel relatif \u00e0 la communication sur la baleine noire de l\u2019Atlantique Nord","og_description":"Tiohti\u00e0:ke (Montr\u00e9al), le 22 janvier 2025 \u2014\u00a0Les membres du Conseil de la Commission de coop\u00e9ration environnementale (CCE) ont unanimement d\u00e9cid\u00e9, par voie","og_url":"https:\/\/www.cec.org\/fr\/nouvelles\/dossier-factuel-relatif-a-la-communication-sur-la-baleine-noire-de-latlantique-nord\/","og_site_name":"Commission de coop\u00e9ration environnementale","article_publisher":"https:\/\/www.facebook.com\/CECconnect","og_image":[{"width":1200,"height":684,"url":"https:\/\/www.cec.org\/wp-content\/uploads\/narw-2024.webp","type":"image\/webp"}],"twitter_card":"summary_large_image","twitter_site":"@CECweb","schema":{"@context":"https:\/\/schema.org","@graph":[{"@type":"WebPage","@id":"https:\/\/www.cec.org\/fr\/nouvelles\/dossier-factuel-relatif-a-la-communication-sur-la-baleine-noire-de-latlantique-nord\/","url":"https:\/\/www.cec.org\/fr\/nouvelles\/dossier-factuel-relatif-a-la-communication-sur-la-baleine-noire-de-latlantique-nord\/","name":"Dossier factuel relatif \u00e0 la communication sur la baleine noire de l\u2019Atlantique Nord","isPartOf":{"@id":"https:\/\/www.cec.org\/fr\/#website"},"primaryImageOfPage":{"@id":"https:\/\/www.cec.org\/fr\/nouvelles\/dossier-factuel-relatif-a-la-communication-sur-la-baleine-noire-de-latlantique-nord\/#primaryimage"},"image":{"@id":"https:\/\/www.cec.org\/fr\/nouvelles\/dossier-factuel-relatif-a-la-communication-sur-la-baleine-noire-de-latlantique-nord\/#primaryimage"},"thumbnailUrl":"https:\/\/www.cec.org\/wp-content\/uploads\/narw-2024.webp","datePublished":"2025-01-22T17:37:33+00:00","description":"Les membres du Conseil de la CCE autorisent la constitution d\u2019un dossier factuel relatif \u00e0 la communication sur la baleine noire de l\u2019Atlantique Nord","breadcrumb":{"@id":"https:\/\/www.cec.org\/fr\/nouvelles\/dossier-factuel-relatif-a-la-communication-sur-la-baleine-noire-de-latlantique-nord\/#breadcrumb"},"inLanguage":"fr-FR","potentialAction":[{"@type":"ReadAction","target":["https:\/\/www.cec.org\/fr\/nouvelles\/dossier-factuel-relatif-a-la-communication-sur-la-baleine-noire-de-latlantique-nord\/"]}]},{"@type":"ImageObject","inLanguage":"fr-FR","@id":"https:\/\/www.cec.org\/fr\/nouvelles\/dossier-factuel-relatif-a-la-communication-sur-la-baleine-noire-de-latlantique-nord\/#primaryimage","url":"https:\/\/www.cec.org\/wp-content\/uploads\/narw-2024.webp","contentUrl":"https:\/\/www.cec.org\/wp-content\/uploads\/narw-2024.webp","width":1200,"height":684,"caption":"La population de baleines noires de l\u2019Atlantique Nord continue de d\u00e9cliner, car les collisions avec les navires et l\u2019enchev\u00eatrement dans les engins de p\u00eache menacent sa survie."},{"@type":"BreadcrumbList","@id":"https:\/\/www.cec.org\/fr\/nouvelles\/dossier-factuel-relatif-a-la-communication-sur-la-baleine-noire-de-latlantique-nord\/#breadcrumb","itemListElement":[{"@type":"ListItem","position":1,"name":"Accueil","item":"https:\/\/www.cec.org\/fr\/"},{"@type":"ListItem","position":2,"name":"Nouvelles","item":"https:\/\/www.cec.org\/fr\/nouvelles\/"},{"@type":"ListItem","position":3,"name":"Les membres du Conseil de la CCE autorisent la constitution d\u2019un dossier factuel relatif \u00e0 la communication sur la baleine noire de l\u2019Atlantique Nord"}]},{"@type":"WebSite","@id":"https:\/\/www.cec.org\/fr\/#website","url":"https:\/\/www.cec.org\/fr\/","name":"Commission for Environmental Cooperation","description":"Three countries working together to protect our shared environment","alternateName":"CEC - CCA -CCE","potentialAction":[{"@type":"SearchAction","target":{"@type":"EntryPoint","urlTemplate":"https:\/\/www.cec.org\/fr\/?s={search_term_string}"},"query-input":{"@type":"PropertyValueSpecification","valueRequired":true,"valueName":"search_term_string"}}],"inLanguage":"fr-FR"}]}},"_links":{"self":[{"href":"https:\/\/www.cec.org\/fr\/wp-json\/wp\/v2\/news\/57665","targetHints":{"allow":["GET"]}}],"collection":[{"href":"https:\/\/www.cec.org\/fr\/wp-json\/wp\/v2\/news"}],"about":[{"href":"https:\/\/www.cec.org\/fr\/wp-json\/wp\/v2\/types\/news"}],"wp:featuredmedia":[{"embeddable":true,"href":"https:\/\/www.cec.org\/fr\/wp-json\/wp\/v2\/media\/56865"}],"wp:attachment":[{"href":"https:\/\/www.cec.org\/fr\/wp-json\/wp\/v2\/media?parent=57665"}],"curies":[{"name":"wp","href":"https:\/\/api.w.org\/{rel}","templated":true}]}}