{"id":56584,"date":"2024-09-18T13:29:38","date_gmt":"2024-09-18T17:29:38","guid":{"rendered":"http:\/\/www.cec.org\/media\/record-dobservations-blitz-de-suivi-du-monarque-2024\/"},"modified":"2025-11-19T16:45:42","modified_gmt":"2025-11-19T21:45:42","slug":"record-dobservations-blitz-de-suivi-du-monarque-2024","status":"publish","type":"news","link":"https:\/\/www.cec.org\/fr\/nouvelles\/record-dobservations-blitz-de-suivi-du-monarque-2024\/","title":{"rendered":"Record d\u2019observations et de participation de b\u00e9n\u00e9voles en Am\u00e9rique du Nord pour le Blitz international de suivi du monarque 2024"},"content":{"rendered":"<p><strong>Tiohti\u00e0:ke (Montr\u00e9al), 18 septembre 2024 \u2014\u00a0<\/strong>La huiti\u00e8me\u00a0\u00e9dition annuelle du\u00a0<a href=\"https:\/\/www.cec.org\/fr\/blitz-international-de-suivi-du-monarque\/\">Blitz international de suivi du monarque<\/a>, qui s\u2019est d\u00e9roul\u00e9e du 26\u00a0juillet au 4\u00a0ao\u00fbt\u00a02024, a invit\u00e9 les organisations et les personnes qui prennent part \u00e0 des activit\u00e9s de science participative partout en Am\u00e9rique du Nord \u00e0 recueillir des donn\u00e9es sur les papillons monarques et les plants d\u2019ascl\u00e9piades essentiels \u00e0 leur survie. Cet aper\u00e7u du monarque et de ses lieux de reproduction permet aux scientifiques de comprendre davantage comment mieux prot\u00e9ger et conserver cette esp\u00e8ce symbolique d\u2019Am\u00e9rique du Nord.<\/p>\n<p>Chaque ann\u00e9e, les papillons monarques parcourent jusqu\u2019\u00e0 5\u00a0000\u00a0kilom\u00e8tres lors de leur p\u00e9riple migratoire au cours duquel ils font face \u00e0 de nombreuses menaces, incluant la perte d\u2019habitats et les impacts des changements climatiques. Selon l\u2019<a href=\"https:\/\/www.fws.gov\/\"><em>U.S. Fish and Wildlife Service<\/em><\/a>\u00a0(Service des p\u00eaches et de la faune des \u00c9tats-Unis), les mesures de conservation misent en place pour le papillon monarque jouent un r\u00f4le crucial pour soutenir un large \u00e9ventail d\u2019esp\u00e8ces et d\u2019\u00e9cosyst\u00e8mes. Comme les monarques d\u00e9pendent de ressources naturelles qu\u2019ils partagent avec de nombreuses esp\u00e8ces, ils servent d\u2019indicateurs naturels de la sant\u00e9 globale des \u00e9cosyst\u00e8mes qu\u2019ils habitent et traversent.<\/p>\n<p>Cette ann\u00e9e, la participation de b\u00e9n\u00e9voles au Blitz international de suivi du monarque a atteint un niveau record. Durant les 10\u00a0jours du Blitz\u00a02024, plus de 5\u00a0000\u00a0personnes au Canada, au Mexique et aux \u00c9tats-Unis ont signal\u00e9 plus de 16\u00a0000\u00a0observations de monarques et environ 68\u00a0000\u00a0observations de plants d\u2019ascl\u00e9piades. Il s\u2019agit d\u2019une forte augmentation par rapport aux quelque 1 800 personnes qui ont particip\u00e9 l'ann\u00e9e derni\u00e8re.\u00a0Les donn\u00e9es collect\u00e9es durant le Blitz sont publi\u00e9es dans la banque de donn\u00e9es du\u00a0<a href=\"https:\/\/naturecounts.ca\/nc\/tmkn\/main.jsp?switchlang=FR\">R\u00e9seau trinational de connaissances sur le monarque<\/a>\u00a0et sont accessibles \u00e0 toutes les personnes int\u00e9ress\u00e9es pour consultation et t\u00e9l\u00e9chargement.<\/p>\n<p><img loading=\"lazy\" decoding=\"async\" class=\"aligncenter wp-image-56557 size-full\" src=\"http:\/\/www.cec.org\/wp-content\/uploads\/Monarch-Blitz-2024_FR_4500x4500-scaled.webp\" alt=\"Monarch Blitz 2024\" width=\"2560\" height=\"2560\" srcset=\"https:\/\/www.cec.org\/wp-content\/uploads\/Monarch-Blitz-2024_FR_4500x4500-scaled.webp 2560w, https:\/\/www.cec.org\/wp-content\/uploads\/Monarch-Blitz-2024_FR_4500x4500-345x345.webp 345w, https:\/\/www.cec.org\/wp-content\/uploads\/Monarch-Blitz-2024_FR_4500x4500-800x800.webp 800w, https:\/\/www.cec.org\/wp-content\/uploads\/Monarch-Blitz-2024_FR_4500x4500-768x768.webp 768w, https:\/\/www.cec.org\/wp-content\/uploads\/Monarch-Blitz-2024_FR_4500x4500-1536x1536.webp 1536w, https:\/\/www.cec.org\/wp-content\/uploads\/Monarch-Blitz-2024_FR_4500x4500-2048x2048.webp 2048w, https:\/\/www.cec.org\/wp-content\/uploads\/Monarch-Blitz-2024_FR_4500x4500-550x550.webp 550w, https:\/\/www.cec.org\/wp-content\/uploads\/Monarch-Blitz-2024_FR_4500x4500-1568x1568.webp 1568w\" sizes=\"auto, (max-width: 2560px) 100vw, 2560px\" \/><\/p>\n<p>Le Blitz offre aux individus et aux organisations une occasion unique de participer \u00e0 la protection de cette esp\u00e8ce embl\u00e9matique d\u2019Am\u00e9rique du Nord en collaborant au-del\u00e0 des fronti\u00e8res nationales. Isis\u00a0Howard, biologiste sp\u00e9cialiste de la conservation des esp\u00e8ces en voie de disparition \u00e0 la\u00a0<a href=\"https:\/\/xerces.org\/\"><em>Xerces Society for Invertebrate Conservation<\/em><\/a>\u00a0(Soci\u00e9t\u00e9 Xerces pour la conservation des invert\u00e9br\u00e9s), a expliqu\u00e9 pourquoi son organisation participe chaque ann\u00e9e \u00e0 cette activit\u00e9 en tant que partenaire de coordination du Blitz\u00a0: \u00ab\u00a0La participation au Blitz international de suivi du monarque est une occasion estivale in\u00e9gal\u00e9e pour notre collectivit\u00e9 de s\u2019unir pour conserver et soutenir le monarque, une esp\u00e8ce en p\u00e9ril, et faire partie d\u2019une \u00e9quipe de personnes passionn\u00e9es de nature en Am\u00e9rique du Nord. C\u2019est une occasion fantastique de contribuer \u00e0 un bioblitz continental et de participer concr\u00e8tement \u00e0 la protection de notre cher monarque\u00a0\u00bb.<\/p>\n<p>Le Blitz a mobilis\u00e9 des gens partout en Am\u00e9rique du Nord et a mis en relief l\u2019incroyable parcours de ces papillons et les d\u00e9fis qui les attendent. Comme l\u2019a expliqu\u00e9 James\u00a0Pag\u00e9, sp\u00e9cialiste des esp\u00e8ces en p\u00e9ril et de la biodiversit\u00e9 \u00e0 la\u00a0<a href=\"https:\/\/cwf-fcf.org\/fr\/\">F\u00e9d\u00e9ration canadienne de la faune<\/a>, \u00ab\u00a0Le Canada abrite les populations de monarques les plus nordiques; ces papillons ont donc la plus longue distance \u00e0 parcourir pour l\u2019aller-retour entre leurs aires d\u2019hivernage au Mexique, et le Canada. Le Blitz international de suivi du monarque a sensibilis\u00e9 les gens \u00e0 ce formidable exploit migratoire tout en procurant de pr\u00e9cieux renseignements sur les monarques et la r\u00e9partition des ascl\u00e9piades, leurs plantes h\u00f4tes. Ces renseignements sont essentiels, car cette r\u00e9partition pourrait changer en raison des changements climatiques, en particulier ici au Canada, \u00e0 la limite septentrionale de leur aire de distribution\u00a0\u00bb.<\/p>\n<p>Participer \u00e0 une initiative internationale de science participative g\u00e9n\u00e8re de nombreux avantages concernant l\u2019\u00e9ducation, la conservation et la science relatives aux papillons monarques. Comme l\u2019a soulign\u00e9 Jer\u00f3nimo\u00a0Ch\u00e1vez, gestionnaire de projets du programme\u00a0<a href=\"https:\/\/www.correoreal.mx\/\"><em>Correo\u00a0Real<\/em><\/a>\u00a0de l\u2019organisme\u00a0<a href=\"https:\/\/www.profauna.org.mx\/\"><em>Profauna, A.C.<\/em><\/a>\u00a0: \u00ab\u00a0Dans le cadre du programme Correo Real de Profauna, A.C., nous travaillons \u00e0 maintenir l\u2019int\u00e9r\u00eat envers le monarque et sa migration durant toute l\u2019ann\u00e9e au Mexique. C\u2019est pourquoi le Blitz international de suivi du monarque rev\u00eat une grande importance pour nous. Sa promotion fait que les citoyen\u00b7nes et autres parties prenantes sociales savent que les organisations et institutions en Am\u00e9rique du Nord continuent de collaborer pour collecter d\u2019importants renseignements pour la conservation du monarque. De plus, cette initiative nous aide \u00e0 promouvoir des activit\u00e9s d\u2019\u00e9ducation environnementale et de science participative pour susciter l\u2019int\u00e9r\u00eat de plus de gens pour le monarque et leur participation \u00e0 sa conservation\u00a0\u00bb.<\/p>\n<p>Selon Maxim Larriv\u00e9e, directeur de l\u2019<a href=\"https:\/\/espacepourlavie.ca\/insectarium\">Insectarium de Montr\u00e9al\u00a0| Espace pour la vie<\/a>\u00a0et initiateur de plusieurs projets de sciences participatives, dont le Blitz international de suivi du monarque : \u00ab En pla\u00e7ant l\u2019observation, la documentation et la compr\u00e9hension de la nature au c\u0153ur de leur d\u00e9marche, les activit\u00e9s de sciences participatives cr\u00e9ent un lien puissant entre l\u2019\u00e9merveillement, l\u2019acquisition des connaissances et le sentiment de contribution. Elles favorisent une collaboration enrichissante entre la population et les scientifiques et constituent ainsi un outil remarquable pour la protection de l\u2019environnement et la pr\u00e9servation de la biodiversit\u00e9. \u00bb<\/p>\n<p>Nous tenons \u00e0 remercier toutes les personnes et organisations qui se sont rendues dans la nature afin d\u2019aider les scientifiques et les sp\u00e9cialistes de la conservation dans leurs efforts de surveillance des monarques et des plants d\u2019ascl\u00e9piades. La conservation du papillon monarque constitue une t\u00e2che commune qui repose sur une collaboration internationale et l\u2019aide de b\u00e9n\u00e9voles. Nous c\u00e9l\u00e9brons aujourd\u2019hui le pouvoir de la science participative et l\u2019importance de chaque contribution individuelle \u00e0 la conservation de l\u2019environnement que nous partageons et \u00e0 la protection de notre biodiversit\u00e9.<\/p>\n<p>Le Blitz est organis\u00e9 par la\u00a0<a href=\"https:\/\/www.cec.org\/fr\/\">Commission de coop\u00e9ration environnementale<\/a>\u00a0et soutenu par le Partenariat scientifique trinational pour la conservation du monarque, qui regroupe les organisations suivantes\u00a0:\u00a0<a href=\"https:\/\/www.canada.ca\/fr\/environnement-changement-climatique.html\">Environnement et Changement climatique Canada<\/a>, l'<a href=\"https:\/\/espacepourlavie.ca\/insectarium\">Insectarium\u00a0de Montr\u00e9al\u00a0| Espace pour la vie<\/a>\u00a0et la\u00a0<a href=\"https:\/\/cwf-fcf.org\/fr\/\">F\u00e9d\u00e9ration canadienne de la faune<\/a>\u00a0au Canada, la\u00a0<a href=\"https:\/\/www.gob.mx\/conanp\"><em>Comisi\u00f3n Nacional de \u00c1reas Naturales Protegidas<\/em><\/a>\u00a0(Commission nationale des aires naturelles prot\u00e9g\u00e9es)\u00a0(Conanp) et\u00a0<a href=\"https:\/\/www.profauna.org.mx\/\"><em>Profauna, A.C<\/em>.<\/a>\u00a0au Mexique, ainsi que l\u2019<a href=\"https:\/\/www.fws.gov\/\"><em>U.S. Fish and Wildlife Service<\/em><\/a>,\u00a0la\u00a0<a href=\"https:\/\/www.xerces.org\/\"><em>Xerces Society for Invertebrate Conservation<\/em><\/a>,\u00a0<a href=\"https:\/\/journeynorth.org\/about-journey-north\"><em>Journey North<\/em><\/a>\u00a0et la\u00a0<a href=\"https:\/\/monarchjointventure.org\/about-us\"><em>Monarch Joint Venture<\/em><\/a>\u00a0aux \u00c9tats-Unis.<\/p>\n<p>Pour de plus amples renseignements sur les r\u00e9sultats du Blitz de cette ann\u00e9e, vous pouvez visiter le site\u00a0<a href=\"https:\/\/www.cec.org\/fr\/blitz-international-de-suivi-du-monarque\/\">blitzmonarque.org<\/a>\u00a0ou suivre #BlitzMonarque sur les m\u00e9dias sociaux. Pour en savoir plus sur les programmes de science participative\u00a0:<\/p>\n<ul>\n<li><a href=\"https:\/\/www.mission-monarch.org\/fr\">Mission Monarque<\/a>\u00a0(Canada)<\/li>\n<li><a href=\"https:\/\/inaturalist.ca\/\">iNaturalist.ca<\/a>\u00a0(Canada)<\/li>\n<li><a href=\"https:\/\/journeynorth.org\/\">Journey North<\/a>\u00a0(\u00c9tats-Unis)<\/li>\n<li><a href=\"https:\/\/mlmp.org\/\">Monarch Larva Monitoring Project<\/a>\u00a0(\u00c9tats-Unis)<\/li>\n<li><a href=\"http:\/\/www.monarchmilkweedmapper.org\/\">Western Monarch and Milkweed Mapper<\/a>\u00a0(\u00c9tats-Unis)<\/li>\n<li><a href=\"https:\/\/www.naturalista.mx\/\">Naturalista<\/a>\u00a0(Mexique)<\/li>\n<li><a href=\"https:\/\/www.correoreal.mx\/\">Programme Correo Real<\/a>\u00a0(Mexique)<\/li>\n<\/ul>\n<p>Pour en savoir plus \u00e0 propos des activit\u00e9s, occasions et efforts de la CCE, nous vous invitons \u00e0 vous inscrire pour recevoir notre\u00a0<a href=\"https:\/\/www.cec.org\/fr\/inscrivez-vous\/\" target=\"_blank\" rel=\"noopener noreferrer\" data-sk=\"tooltip_parent\" data-stringify-link=\"https:\/\/www.cec.org\/fr\/inscrivez-vous\/\">bulletin<\/a>\u00a0et \u00e0 nous suivre sur les\u00a0<a href=\"https:\/\/linktr.ee\/CEC_Social\" target=\"_blank\" rel=\"noopener noreferrer\" data-sk=\"tooltip_parent\" data-stringify-link=\"https:\/\/linktr.ee\/CEC_Social\">m\u00e9dias sociaux<\/a>.<\/p>\n","protected":false},"excerpt":{"rendered":"<p>Tiohti\u00e0:ke (Montr\u00e9al), 18 septembre 2024 \u2014\u00a0La huiti\u00e8me\u00a0\u00e9dition annuelle du\u00a0Blitz international de suivi du monarque, qui s\u2019est d\u00e9roul\u00e9e du 26\u00a0juillet au 4\u00a0ao\u00fbt\u00a02024, a invit\u00e9 les organisations et les personnes qui prennent part \u00e0 des activit\u00e9s de science participative partout en Am\u00e9rique du Nord \u00e0 recueillir des donn\u00e9es sur les papillons monarques et les plants d\u2019ascl\u00e9piades essentiels [&hellip;]<\/p>\n","protected":false},"featured_media":56551,"template":"","class_list":["post-56584","news","type-news","status-publish","has-post-thumbnail","hentry","feed-ecosystemes","feed-partenariats"],"acf":[],"yoast_head":"<!-- This site is optimized with the Yoast SEO Premium plugin v27.4 (Yoast SEO v27.4) - https:\/\/yoast.com\/product\/yoast-seo-premium-wordpress\/ -->\n<title>Record d\u2019observations Blitz de suivi du monarque 2024<\/title>\n<meta name=\"description\" content=\"Record d\u2019observations et de participation de b\u00e9n\u00e9voles en Am\u00e9rique du Nord pour le Blitz international de suivi du monarque 2024\" \/>\n<meta name=\"robots\" content=\"index, follow, max-snippet:-1, max-image-preview:large, max-video-preview:-1\" \/>\n<link rel=\"canonical\" href=\"https:\/\/www.cec.org\/fr\/nouvelles\/record-dobservations-blitz-de-suivi-du-monarque-2024\/\" \/>\n<meta property=\"og:locale\" content=\"fr_FR\" \/>\n<meta property=\"og:type\" content=\"article\" \/>\n<meta property=\"og:title\" content=\"Record d\u2019observations et de participation de b\u00e9n\u00e9voles en Am\u00e9rique du Nord pour le Blitz international de suivi du monarque 2024\" \/>\n<meta property=\"og:description\" content=\"Tiohti\u00e0:ke (Montr\u00e9al), 18 septembre 2024 \u2014\u00a0La huiti\u00e8me\u00a0\u00e9dition annuelle du\u00a0Blitz international de suivi du monarque, qui s\u2019est d\u00e9roul\u00e9e du 26\u00a0juillet au\" \/>\n<meta property=\"og:url\" content=\"https:\/\/www.cec.org\/fr\/nouvelles\/record-dobservations-blitz-de-suivi-du-monarque-2024\/\" \/>\n<meta property=\"og:site_name\" content=\"Commission de coop\u00e9ration environnementale\" \/>\n<meta property=\"article:publisher\" content=\"https:\/\/www.facebook.com\/CECconnect\" \/>\n<meta property=\"article:modified_time\" content=\"2025-11-19T21:45:42+00:00\" \/>\n<meta property=\"og:image\" content=\"https:\/\/www.cec.org\/wp-content\/uploads\/CEC_Monarch-Graph-20241200x1080-FR.webp\" \/>\n\t<meta property=\"og:image:width\" content=\"1667\" \/>\n\t<meta property=\"og:image:height\" content=\"950\" \/>\n\t<meta property=\"og:image:type\" content=\"image\/webp\" \/>\n<meta name=\"twitter:card\" content=\"summary_large_image\" \/>\n<meta name=\"twitter:site\" content=\"@CECweb\" \/>\n<script type=\"application\/ld+json\" class=\"yoast-schema-graph\">{\"@context\":\"https:\\\/\\\/schema.org\",\"@graph\":[{\"@type\":\"WebPage\",\"@id\":\"https:\\\/\\\/www.cec.org\\\/fr\\\/nouvelles\\\/record-dobservations-blitz-de-suivi-du-monarque-2024\\\/\",\"url\":\"https:\\\/\\\/www.cec.org\\\/fr\\\/nouvelles\\\/record-dobservations-blitz-de-suivi-du-monarque-2024\\\/\",\"name\":\"Record d\u2019observations Blitz de suivi du monarque 2024\",\"isPartOf\":{\"@id\":\"https:\\\/\\\/www.cec.org\\\/fr\\\/#website\"},\"primaryImageOfPage\":{\"@id\":\"https:\\\/\\\/www.cec.org\\\/fr\\\/nouvelles\\\/record-dobservations-blitz-de-suivi-du-monarque-2024\\\/#primaryimage\"},\"image\":{\"@id\":\"https:\\\/\\\/www.cec.org\\\/fr\\\/nouvelles\\\/record-dobservations-blitz-de-suivi-du-monarque-2024\\\/#primaryimage\"},\"thumbnailUrl\":\"https:\\\/\\\/www.cec.org\\\/wp-content\\\/uploads\\\/CEC_Monarch-Graph-20241200x1080-FR.webp\",\"datePublished\":\"2024-09-18T17:29:38+00:00\",\"dateModified\":\"2025-11-19T21:45:42+00:00\",\"description\":\"Record d\u2019observations et de participation de b\u00e9n\u00e9voles en Am\u00e9rique du Nord pour le Blitz international de suivi du monarque 2024\",\"breadcrumb\":{\"@id\":\"https:\\\/\\\/www.cec.org\\\/fr\\\/nouvelles\\\/record-dobservations-blitz-de-suivi-du-monarque-2024\\\/#breadcrumb\"},\"inLanguage\":\"fr-FR\",\"potentialAction\":[{\"@type\":\"ReadAction\",\"target\":[\"https:\\\/\\\/www.cec.org\\\/fr\\\/nouvelles\\\/record-dobservations-blitz-de-suivi-du-monarque-2024\\\/\"]}]},{\"@type\":\"ImageObject\",\"inLanguage\":\"fr-FR\",\"@id\":\"https:\\\/\\\/www.cec.org\\\/fr\\\/nouvelles\\\/record-dobservations-blitz-de-suivi-du-monarque-2024\\\/#primaryimage\",\"url\":\"https:\\\/\\\/www.cec.org\\\/wp-content\\\/uploads\\\/CEC_Monarch-Graph-20241200x1080-FR.webp\",\"contentUrl\":\"https:\\\/\\\/www.cec.org\\\/wp-content\\\/uploads\\\/CEC_Monarch-Graph-20241200x1080-FR.webp\",\"width\":1667,\"height\":950,\"caption\":\"Monarch Blitz 2024\"},{\"@type\":\"BreadcrumbList\",\"@id\":\"https:\\\/\\\/www.cec.org\\\/fr\\\/nouvelles\\\/record-dobservations-blitz-de-suivi-du-monarque-2024\\\/#breadcrumb\",\"itemListElement\":[{\"@type\":\"ListItem\",\"position\":1,\"name\":\"Accueil\",\"item\":\"https:\\\/\\\/www.cec.org\\\/fr\\\/\"},{\"@type\":\"ListItem\",\"position\":2,\"name\":\"Nouvelles\",\"item\":\"https:\\\/\\\/www.cec.org\\\/fr\\\/nouvelles\\\/\"},{\"@type\":\"ListItem\",\"position\":3,\"name\":\"Record d\u2019observations et de participation de b\u00e9n\u00e9voles en Am\u00e9rique du Nord pour le Blitz international de suivi du monarque 2024\"}]},{\"@type\":\"WebSite\",\"@id\":\"https:\\\/\\\/www.cec.org\\\/fr\\\/#website\",\"url\":\"https:\\\/\\\/www.cec.org\\\/fr\\\/\",\"name\":\"Commission for Environmental Cooperation\",\"description\":\"Three countries working together to protect our shared environment\",\"alternateName\":\"CEC - CCA -CCE\",\"potentialAction\":[{\"@type\":\"SearchAction\",\"target\":{\"@type\":\"EntryPoint\",\"urlTemplate\":\"https:\\\/\\\/www.cec.org\\\/fr\\\/?s={search_term_string}\"},\"query-input\":{\"@type\":\"PropertyValueSpecification\",\"valueRequired\":true,\"valueName\":\"search_term_string\"}}],\"inLanguage\":\"fr-FR\"}]}<\/script>\n<!-- \/ Yoast SEO Premium plugin. -->","yoast_head_json":{"title":"Record d\u2019observations Blitz de suivi du monarque 2024","description":"Record d\u2019observations et de participation de b\u00e9n\u00e9voles en Am\u00e9rique du Nord pour le Blitz international de suivi du monarque 2024","robots":{"index":"index","follow":"follow","max-snippet":"max-snippet:-1","max-image-preview":"max-image-preview:large","max-video-preview":"max-video-preview:-1"},"canonical":"https:\/\/www.cec.org\/fr\/nouvelles\/record-dobservations-blitz-de-suivi-du-monarque-2024\/","og_locale":"fr_FR","og_type":"article","og_title":"Record d\u2019observations et de participation de b\u00e9n\u00e9voles en Am\u00e9rique du Nord pour le Blitz international de suivi du monarque 2024","og_description":"Tiohti\u00e0:ke (Montr\u00e9al), 18 septembre 2024 \u2014\u00a0La huiti\u00e8me\u00a0\u00e9dition annuelle du\u00a0Blitz international de suivi du monarque, qui s\u2019est d\u00e9roul\u00e9e du 26\u00a0juillet au","og_url":"https:\/\/www.cec.org\/fr\/nouvelles\/record-dobservations-blitz-de-suivi-du-monarque-2024\/","og_site_name":"Commission de coop\u00e9ration environnementale","article_publisher":"https:\/\/www.facebook.com\/CECconnect","article_modified_time":"2025-11-19T21:45:42+00:00","og_image":[{"width":1667,"height":950,"url":"https:\/\/www.cec.org\/wp-content\/uploads\/CEC_Monarch-Graph-20241200x1080-FR.webp","type":"image\/webp"}],"twitter_card":"summary_large_image","twitter_site":"@CECweb","schema":{"@context":"https:\/\/schema.org","@graph":[{"@type":"WebPage","@id":"https:\/\/www.cec.org\/fr\/nouvelles\/record-dobservations-blitz-de-suivi-du-monarque-2024\/","url":"https:\/\/www.cec.org\/fr\/nouvelles\/record-dobservations-blitz-de-suivi-du-monarque-2024\/","name":"Record d\u2019observations Blitz de suivi du monarque 2024","isPartOf":{"@id":"https:\/\/www.cec.org\/fr\/#website"},"primaryImageOfPage":{"@id":"https:\/\/www.cec.org\/fr\/nouvelles\/record-dobservations-blitz-de-suivi-du-monarque-2024\/#primaryimage"},"image":{"@id":"https:\/\/www.cec.org\/fr\/nouvelles\/record-dobservations-blitz-de-suivi-du-monarque-2024\/#primaryimage"},"thumbnailUrl":"https:\/\/www.cec.org\/wp-content\/uploads\/CEC_Monarch-Graph-20241200x1080-FR.webp","datePublished":"2024-09-18T17:29:38+00:00","dateModified":"2025-11-19T21:45:42+00:00","description":"Record d\u2019observations et de participation de b\u00e9n\u00e9voles en Am\u00e9rique du Nord pour le Blitz international de suivi du monarque 2024","breadcrumb":{"@id":"https:\/\/www.cec.org\/fr\/nouvelles\/record-dobservations-blitz-de-suivi-du-monarque-2024\/#breadcrumb"},"inLanguage":"fr-FR","potentialAction":[{"@type":"ReadAction","target":["https:\/\/www.cec.org\/fr\/nouvelles\/record-dobservations-blitz-de-suivi-du-monarque-2024\/"]}]},{"@type":"ImageObject","inLanguage":"fr-FR","@id":"https:\/\/www.cec.org\/fr\/nouvelles\/record-dobservations-blitz-de-suivi-du-monarque-2024\/#primaryimage","url":"https:\/\/www.cec.org\/wp-content\/uploads\/CEC_Monarch-Graph-20241200x1080-FR.webp","contentUrl":"https:\/\/www.cec.org\/wp-content\/uploads\/CEC_Monarch-Graph-20241200x1080-FR.webp","width":1667,"height":950,"caption":"Monarch Blitz 2024"},{"@type":"BreadcrumbList","@id":"https:\/\/www.cec.org\/fr\/nouvelles\/record-dobservations-blitz-de-suivi-du-monarque-2024\/#breadcrumb","itemListElement":[{"@type":"ListItem","position":1,"name":"Accueil","item":"https:\/\/www.cec.org\/fr\/"},{"@type":"ListItem","position":2,"name":"Nouvelles","item":"https:\/\/www.cec.org\/fr\/nouvelles\/"},{"@type":"ListItem","position":3,"name":"Record d\u2019observations et de participation de b\u00e9n\u00e9voles en Am\u00e9rique du Nord pour le Blitz international de suivi du monarque 2024"}]},{"@type":"WebSite","@id":"https:\/\/www.cec.org\/fr\/#website","url":"https:\/\/www.cec.org\/fr\/","name":"Commission for Environmental Cooperation","description":"Three countries working together to protect our shared environment","alternateName":"CEC - CCA -CCE","potentialAction":[{"@type":"SearchAction","target":{"@type":"EntryPoint","urlTemplate":"https:\/\/www.cec.org\/fr\/?s={search_term_string}"},"query-input":{"@type":"PropertyValueSpecification","valueRequired":true,"valueName":"search_term_string"}}],"inLanguage":"fr-FR"}]}},"_links":{"self":[{"href":"https:\/\/www.cec.org\/fr\/wp-json\/wp\/v2\/news\/56584","targetHints":{"allow":["GET"]}}],"collection":[{"href":"https:\/\/www.cec.org\/fr\/wp-json\/wp\/v2\/news"}],"about":[{"href":"https:\/\/www.cec.org\/fr\/wp-json\/wp\/v2\/types\/news"}],"wp:featuredmedia":[{"embeddable":true,"href":"https:\/\/www.cec.org\/fr\/wp-json\/wp\/v2\/media\/56551"}],"wp:attachment":[{"href":"https:\/\/www.cec.org\/fr\/wp-json\/wp\/v2\/media?parent=56584"}],"curies":[{"name":"wp","href":"https:\/\/api.w.org\/{rel}","templated":true}]}}