{"id":56526,"date":"2022-10-03T14:51:24","date_gmt":"2022-10-03T18:51:24","guid":{"rendered":"http:\/\/www.cec.org\/media\/participation-record-au-blitz-de-suivi-nord-americain\/"},"modified":"2025-11-19T16:41:47","modified_gmt":"2025-11-19T21:41:47","slug":"participation-record-au-blitz-de-suivi-nord-americain","status":"publish","type":"news","link":"https:\/\/www.cec.org\/fr\/nouvelles\/participation-record-au-blitz-de-suivi-nord-americain\/","title":{"rendered":"La conservation du monarque suscite une participation record au Blitz de suivi nord-am\u00e9ricain"},"content":{"rendered":"<p>La Commission de coop\u00e9ration environnementale (CCE) est fi\u00e8re de souligner la participation, \u00e0 l\u2019\u00e9chelle de l\u2019Am\u00e9rique du Nord, de b\u00e9n\u00e9voles qui ont r\u00e9pondu \u00e0 l\u2019appel visant \u00e0 soutenir les efforts de conservation du monarque entre le 29\u00a0juillet et le 7\u00a0ao\u00fbt\u00a02022, et elle les en remercie.<\/p>\n<p>Pour une deuxi\u00e8me\u00a0ann\u00e9e cons\u00e9cutive, le Blitz international de suivi du monarque a suscit\u00e9 une vive participation qui a d\u00e9pass\u00e9 les taux des ann\u00e9es pr\u00e9c\u00e9dentes en atteignant un nouveau record de plus de 2\u00a0600\u00a0participants dans 75\u00a0\u00c9tats, provinces et territoires d\u2019Am\u00e9rique du Nord. Cette participation s\u2019est traduite en pr\u00e8s de 6 000 observations.\u00a0Compte tenu de la r\u00e9cente inscription du monarque migrateur d\u2019Am\u00e9rique du Nord sur la Liste rouge des esp\u00e8ces menac\u00e9es de l\u2019Union internationale pour la conservation de la nature (UICN), cet effort trinational de science participative illustre l\u2019importance et la valeur cruciale de la collaboration \u00e0 l\u2019\u00e9chelle continentale.<\/p>\n<p>\u00ab\u00a0Les r\u00e9sultats du Blitz international de suivi du monarque d\u00e9montrent l\u2019int\u00e9r\u00eat et l\u2019engagement des collectivit\u00e9s \u00e0 soutenir les efforts de conservation de la population de monarques migrateurs. La participation accrue au Blitz montre que des membres des collectivit\u00e9s d\u2019Am\u00e9rique du Nord intensifient leurs efforts afin de recueillir des renseignements qui contribueront \u00e0 la conservation et \u00e0 la recherche sur cette esp\u00e8ce menac\u00e9e \u00bb, a d\u00e9clar\u00e9 le charg\u00e9 de projet du programme Mission monarque \u00e0 l\u2019Insectarium de Montr\u00e9al \u2013 Espace pour la vie, Alessandro\u00a0Dieni.<\/p>\n<p>Depuis le d\u00e9but des ann\u00e9es\u00a01990, la communaut\u00e9 scientifique surveille activement les populations qui hivernent dans la R\u00e9serve de la biosph\u00e8re du monarque et ailleurs au Mexique, ainsi que dans des sanctuaires situ\u00e9s le long de la c\u00f4te californienne. Ce n\u2019est que r\u00e9cemment que les chercheurs et chercheuses ont pu d\u00e9ployer des efforts de surveillance \u00e0 plus grande \u00e9chelle afin de mieux conna\u00eetre les populations reproductrices estivales. Le Blitz annuel de suivi du monarque contribue \u00e0 soutenir ces efforts et ne pourrait avoir lieu sans la collaboration d\u2019innombrables b\u00e9n\u00e9voles qui participent \u00e0 des programmes de science participative en Am\u00e9rique du Nord.<\/p>\n<p>\u00ab\u00a0\u00c0 la Monarch Joint Venture, nous recevons souvent des demandes de renseignements de la part de membres du public qui s\u2019informent de l\u2019\u00e9tat des monarques tout au long de la saison de reproduction. \u00c0 titre de partenaire, nous sommes ravis de collaborer \u00e0 cet effort trinational afin de mieux documenter l\u2019activit\u00e9 reproductrice de cette esp\u00e8ce embl\u00e9matique dans toute son aire de reproduction\u00a0\u00bb, a affirm\u00e9 la directrice g\u00e9n\u00e9rale de la Monarch Joint Venture, Wendy\u00a0Caldwell.<\/p>\n<p>Il est essentiel de conna\u00eetre l\u2019habitat de reproduction du monarque afin de prioriser et de diriger efficacement les mesures de conservation en \u2018Am\u00e9rique du Nord. En effet, le d\u00e9veloppement de ces connaissances permet d\u2019analyser les tendances et les facteurs pouvant mener \u00e0 la fluctuation des populations reproductrices estivales<\/p>\n<p>Afin de faciliter les recherches relatives \u00e0 la migration du monarque, les donn\u00e9es recueillies par les b\u00e9n\u00e9voles dans le cadre du Blitz de suivi ont \u00e9t\u00e9 publi\u00e9es dans la base de donn\u00e9es du\u00a0<a href=\"https:\/\/naturecounts.ca\/nc\/tmkn\/main.jsp?switchlang=FR\">R\u00e9seau trinational de connaissances sur le monarque<\/a>; elles y sont consultables et t\u00e9l\u00e9chargeables.<\/p>\n<p>Pour obtenir de plus amples renseignements sur les r\u00e9sultats de cette ann\u00e9e, il est possible de consulter la page\u00a0Web\u00a0<a href=\"https:\/\/www.cec.org\/fr\/blitz-international-de-suivi-du-monarque\/\">monarchblitz.org<\/a>\u00a0ou d\u2019utiliser le mot-clic #BlitzMonarque sur les r\u00e9seaux sociaux. Les programmes participants sont les suivants :<\/p>\n<ul>\n<li><a href=\"https:\/\/www.mission-monarch.org\/fr\/\">Mission monarque<\/a>, Canada.<\/li>\n<li><a href=\"https:\/\/monarchjointventure.org\/mlmp\">Monarch Larva Monitoring Project<\/a>\u00a0(Projet de suivi des larves de monarques), \u00c9tats-Unis.<\/li>\n<li><a href=\"http:\/\/www.monarchmilkweedmapper.org\/\">Western Monarch and Milkweed Mapper<\/a>\u00a0(Outil de cartographie du monarque et des ascl\u00e9piades dans l\u2019ouest des \u00c9tats-Unis), \u00c9tats-Unis.<\/li>\n<li><a href=\"https:\/\/www.naturalista.mx\/\">Naturalista<\/a>, Mexique.<\/li>\n<li><a href=\"https:\/\/journeynorth.org\/\">Journey North<\/a>, Am\u00e9rique du Nord.<\/li>\n<\/ul>\n","protected":false},"excerpt":{"rendered":"<p>La Commission de coop\u00e9ration environnementale (CCE) est fi\u00e8re de souligner la participation, \u00e0 l\u2019\u00e9chelle de l\u2019Am\u00e9rique du Nord, de b\u00e9n\u00e9voles qui ont r\u00e9pondu \u00e0 l\u2019appel visant \u00e0 soutenir les efforts de conservation du monarque entre le 29\u00a0juillet et le 7\u00a0ao\u00fbt\u00a02022, et elle les en remercie. Pour une deuxi\u00e8me\u00a0ann\u00e9e cons\u00e9cutive, le Blitz international de suivi du [&hellip;]<\/p>\n","protected":false},"featured_media":50402,"template":"","class_list":["post-56526","news","type-news","status-publish","has-post-thumbnail","hentry","feed-partenariats"],"acf":[],"yoast_head":"<!-- This site is optimized with the Yoast SEO Premium plugin v27.4 (Yoast SEO v27.4) - https:\/\/yoast.com\/product\/yoast-seo-premium-wordpress\/ -->\n<title>La conservation du monarque suscite une participation record au Blitz de suivi nord-am\u00e9ricain<\/title>\n<meta name=\"description\" content=\"La Commission de coop\u00e9ration environnementale (CCE) est fi\u00e8re de souligner la participation, \u00e0 l\u2019\u00e9chelle de l\u2019Am\u00e9rique du Nord...\" \/>\n<meta name=\"robots\" content=\"index, follow, max-snippet:-1, max-image-preview:large, max-video-preview:-1\" \/>\n<link rel=\"canonical\" href=\"https:\/\/www.cec.org\/fr\/nouvelles\/participation-record-au-blitz-de-suivi-nord-americain\/\" \/>\n<meta property=\"og:locale\" content=\"fr_FR\" \/>\n<meta property=\"og:type\" content=\"article\" \/>\n<meta property=\"og:title\" content=\"La conservation du monarque suscite une participation record au Blitz de suivi nord-am\u00e9ricain\" \/>\n<meta property=\"og:description\" content=\"La Commission de coop\u00e9ration environnementale (CCE) est fi\u00e8re de souligner la participation, \u00e0 l\u2019\u00e9chelle de l\u2019Am\u00e9rique du Nord, de b\u00e9n\u00e9voles qui ont\" \/>\n<meta property=\"og:url\" content=\"https:\/\/www.cec.org\/fr\/nouvelles\/participation-record-au-blitz-de-suivi-nord-americain\/\" \/>\n<meta property=\"og:site_name\" content=\"Commission de coop\u00e9ration environnementale\" \/>\n<meta property=\"article:publisher\" content=\"https:\/\/www.facebook.com\/CECconnect\" \/>\n<meta property=\"article:modified_time\" content=\"2025-11-19T21:41:47+00:00\" \/>\n<meta property=\"og:image\" content=\"https:\/\/www.cec.org\/wp-content\/uploads\/cec_monarch-600-fr.png\" \/>\n\t<meta property=\"og:image:width\" content=\"600\" \/>\n\t<meta property=\"og:image:height\" content=\"342\" \/>\n\t<meta property=\"og:image:type\" content=\"image\/png\" \/>\n<meta name=\"twitter:card\" content=\"summary_large_image\" \/>\n<meta name=\"twitter:site\" content=\"@CECweb\" \/>\n<script type=\"application\/ld+json\" class=\"yoast-schema-graph\">{\"@context\":\"https:\\\/\\\/schema.org\",\"@graph\":[{\"@type\":\"WebPage\",\"@id\":\"https:\\\/\\\/www.cec.org\\\/fr\\\/nouvelles\\\/participation-record-au-blitz-de-suivi-nord-americain\\\/\",\"url\":\"https:\\\/\\\/www.cec.org\\\/fr\\\/nouvelles\\\/participation-record-au-blitz-de-suivi-nord-americain\\\/\",\"name\":\"La conservation du monarque suscite une participation record au Blitz de suivi nord-am\u00e9ricain\",\"isPartOf\":{\"@id\":\"https:\\\/\\\/www.cec.org\\\/fr\\\/#website\"},\"primaryImageOfPage\":{\"@id\":\"https:\\\/\\\/www.cec.org\\\/fr\\\/nouvelles\\\/participation-record-au-blitz-de-suivi-nord-americain\\\/#primaryimage\"},\"image\":{\"@id\":\"https:\\\/\\\/www.cec.org\\\/fr\\\/nouvelles\\\/participation-record-au-blitz-de-suivi-nord-americain\\\/#primaryimage\"},\"thumbnailUrl\":\"https:\\\/\\\/www.cec.org\\\/wp-content\\\/uploads\\\/cec_monarch-600-fr.png\",\"datePublished\":\"2022-10-03T18:51:24+00:00\",\"dateModified\":\"2025-11-19T21:41:47+00:00\",\"description\":\"La Commission de coop\u00e9ration environnementale (CCE) est fi\u00e8re de souligner la participation, \u00e0 l\u2019\u00e9chelle de l\u2019Am\u00e9rique du Nord...\",\"breadcrumb\":{\"@id\":\"https:\\\/\\\/www.cec.org\\\/fr\\\/nouvelles\\\/participation-record-au-blitz-de-suivi-nord-americain\\\/#breadcrumb\"},\"inLanguage\":\"fr-FR\",\"potentialAction\":[{\"@type\":\"ReadAction\",\"target\":[\"https:\\\/\\\/www.cec.org\\\/fr\\\/nouvelles\\\/participation-record-au-blitz-de-suivi-nord-americain\\\/\"]}]},{\"@type\":\"ImageObject\",\"inLanguage\":\"fr-FR\",\"@id\":\"https:\\\/\\\/www.cec.org\\\/fr\\\/nouvelles\\\/participation-record-au-blitz-de-suivi-nord-americain\\\/#primaryimage\",\"url\":\"https:\\\/\\\/www.cec.org\\\/wp-content\\\/uploads\\\/cec_monarch-600-fr.png\",\"contentUrl\":\"https:\\\/\\\/www.cec.org\\\/wp-content\\\/uploads\\\/cec_monarch-600-fr.png\",\"width\":600,\"height\":342,\"caption\":\"Un graphique montrant les donn\u00e9es de participation et d'observation du blitz du monarque entre 2017 et 2022.\"},{\"@type\":\"BreadcrumbList\",\"@id\":\"https:\\\/\\\/www.cec.org\\\/fr\\\/nouvelles\\\/participation-record-au-blitz-de-suivi-nord-americain\\\/#breadcrumb\",\"itemListElement\":[{\"@type\":\"ListItem\",\"position\":1,\"name\":\"Accueil\",\"item\":\"https:\\\/\\\/www.cec.org\\\/fr\\\/\"},{\"@type\":\"ListItem\",\"position\":2,\"name\":\"Nouvelles\",\"item\":\"https:\\\/\\\/www.cec.org\\\/fr\\\/nouvelles\\\/\"},{\"@type\":\"ListItem\",\"position\":3,\"name\":\"La conservation du monarque suscite une participation record au Blitz de suivi nord-am\u00e9ricain\"}]},{\"@type\":\"WebSite\",\"@id\":\"https:\\\/\\\/www.cec.org\\\/fr\\\/#website\",\"url\":\"https:\\\/\\\/www.cec.org\\\/fr\\\/\",\"name\":\"Commission for Environmental Cooperation\",\"description\":\"Three countries working together to protect our shared environment\",\"alternateName\":\"CEC - CCA -CCE\",\"potentialAction\":[{\"@type\":\"SearchAction\",\"target\":{\"@type\":\"EntryPoint\",\"urlTemplate\":\"https:\\\/\\\/www.cec.org\\\/fr\\\/?s={search_term_string}\"},\"query-input\":{\"@type\":\"PropertyValueSpecification\",\"valueRequired\":true,\"valueName\":\"search_term_string\"}}],\"inLanguage\":\"fr-FR\"}]}<\/script>\n<!-- \/ Yoast SEO Premium plugin. -->","yoast_head_json":{"title":"La conservation du monarque suscite une participation record au Blitz de suivi nord-am\u00e9ricain","description":"La Commission de coop\u00e9ration environnementale (CCE) est fi\u00e8re de souligner la participation, \u00e0 l\u2019\u00e9chelle de l\u2019Am\u00e9rique du Nord...","robots":{"index":"index","follow":"follow","max-snippet":"max-snippet:-1","max-image-preview":"max-image-preview:large","max-video-preview":"max-video-preview:-1"},"canonical":"https:\/\/www.cec.org\/fr\/nouvelles\/participation-record-au-blitz-de-suivi-nord-americain\/","og_locale":"fr_FR","og_type":"article","og_title":"La conservation du monarque suscite une participation record au Blitz de suivi nord-am\u00e9ricain","og_description":"La Commission de coop\u00e9ration environnementale (CCE) est fi\u00e8re de souligner la participation, \u00e0 l\u2019\u00e9chelle de l\u2019Am\u00e9rique du Nord, de b\u00e9n\u00e9voles qui ont","og_url":"https:\/\/www.cec.org\/fr\/nouvelles\/participation-record-au-blitz-de-suivi-nord-americain\/","og_site_name":"Commission de coop\u00e9ration environnementale","article_publisher":"https:\/\/www.facebook.com\/CECconnect","article_modified_time":"2025-11-19T21:41:47+00:00","og_image":[{"width":600,"height":342,"url":"https:\/\/www.cec.org\/wp-content\/uploads\/cec_monarch-600-fr.png","type":"image\/png"}],"twitter_card":"summary_large_image","twitter_site":"@CECweb","schema":{"@context":"https:\/\/schema.org","@graph":[{"@type":"WebPage","@id":"https:\/\/www.cec.org\/fr\/nouvelles\/participation-record-au-blitz-de-suivi-nord-americain\/","url":"https:\/\/www.cec.org\/fr\/nouvelles\/participation-record-au-blitz-de-suivi-nord-americain\/","name":"La conservation du monarque suscite une participation record au Blitz de suivi nord-am\u00e9ricain","isPartOf":{"@id":"https:\/\/www.cec.org\/fr\/#website"},"primaryImageOfPage":{"@id":"https:\/\/www.cec.org\/fr\/nouvelles\/participation-record-au-blitz-de-suivi-nord-americain\/#primaryimage"},"image":{"@id":"https:\/\/www.cec.org\/fr\/nouvelles\/participation-record-au-blitz-de-suivi-nord-americain\/#primaryimage"},"thumbnailUrl":"https:\/\/www.cec.org\/wp-content\/uploads\/cec_monarch-600-fr.png","datePublished":"2022-10-03T18:51:24+00:00","dateModified":"2025-11-19T21:41:47+00:00","description":"La Commission de coop\u00e9ration environnementale (CCE) est fi\u00e8re de souligner la participation, \u00e0 l\u2019\u00e9chelle de l\u2019Am\u00e9rique du Nord...","breadcrumb":{"@id":"https:\/\/www.cec.org\/fr\/nouvelles\/participation-record-au-blitz-de-suivi-nord-americain\/#breadcrumb"},"inLanguage":"fr-FR","potentialAction":[{"@type":"ReadAction","target":["https:\/\/www.cec.org\/fr\/nouvelles\/participation-record-au-blitz-de-suivi-nord-americain\/"]}]},{"@type":"ImageObject","inLanguage":"fr-FR","@id":"https:\/\/www.cec.org\/fr\/nouvelles\/participation-record-au-blitz-de-suivi-nord-americain\/#primaryimage","url":"https:\/\/www.cec.org\/wp-content\/uploads\/cec_monarch-600-fr.png","contentUrl":"https:\/\/www.cec.org\/wp-content\/uploads\/cec_monarch-600-fr.png","width":600,"height":342,"caption":"Un graphique montrant les donn\u00e9es de participation et d'observation du blitz du monarque entre 2017 et 2022."},{"@type":"BreadcrumbList","@id":"https:\/\/www.cec.org\/fr\/nouvelles\/participation-record-au-blitz-de-suivi-nord-americain\/#breadcrumb","itemListElement":[{"@type":"ListItem","position":1,"name":"Accueil","item":"https:\/\/www.cec.org\/fr\/"},{"@type":"ListItem","position":2,"name":"Nouvelles","item":"https:\/\/www.cec.org\/fr\/nouvelles\/"},{"@type":"ListItem","position":3,"name":"La conservation du monarque suscite une participation record au Blitz de suivi nord-am\u00e9ricain"}]},{"@type":"WebSite","@id":"https:\/\/www.cec.org\/fr\/#website","url":"https:\/\/www.cec.org\/fr\/","name":"Commission for Environmental Cooperation","description":"Three countries working together to protect our shared environment","alternateName":"CEC - CCA -CCE","potentialAction":[{"@type":"SearchAction","target":{"@type":"EntryPoint","urlTemplate":"https:\/\/www.cec.org\/fr\/?s={search_term_string}"},"query-input":{"@type":"PropertyValueSpecification","valueRequired":true,"valueName":"search_term_string"}}],"inLanguage":"fr-FR"}]}},"_links":{"self":[{"href":"https:\/\/www.cec.org\/fr\/wp-json\/wp\/v2\/news\/56526","targetHints":{"allow":["GET"]}}],"collection":[{"href":"https:\/\/www.cec.org\/fr\/wp-json\/wp\/v2\/news"}],"about":[{"href":"https:\/\/www.cec.org\/fr\/wp-json\/wp\/v2\/types\/news"}],"wp:featuredmedia":[{"embeddable":true,"href":"https:\/\/www.cec.org\/fr\/wp-json\/wp\/v2\/media\/50402"}],"wp:attachment":[{"href":"https:\/\/www.cec.org\/fr\/wp-json\/wp\/v2\/media?parent=56526"}],"curies":[{"name":"wp","href":"https:\/\/api.w.org\/{rel}","templated":true}]}}