{"id":56273,"date":"2024-08-12T16:10:51","date_gmt":"2024-08-12T20:10:51","guid":{"rendered":"http:\/\/www.cec.org\/newsletter\/journee-internationale-de-la-jeunesse-2024\/"},"modified":"2025-05-08T20:21:48","modified_gmt":"2025-05-09T00:21:48","slug":"journee-internationale-de-la-jeunesse-2024","status":"publish","type":"news","link":"https:\/\/www.cec.org\/fr\/nouvelles\/journee-internationale-de-la-jeunesse-2024\/","title":{"rendered":"Journ\u00e9e internationale de la jeunesse 2024 : D\u00e9fi innovation jeunesse de la CCE et engagement jeunesse"},"content":{"rendered":"<p>Bonne\u00a0<a href=\"https:\/\/www.un.org\/fr\/observances\/youth-day\">Journ\u00e9e internationale de la jeunesse<\/a>! Depuis 2010, le 12\u00a0ao\u00fbt est connu partout dans le monde comme la journ\u00e9e pour souligner les enjeux auxquels sont confront\u00e9s les jeunes et c\u00e9l\u00e9brer le potentiel de jeunes en tant que partenaires cruciaux pour relever les d\u00e9fis actuels.<\/p>\n<p>Joignez-vous \u00e0 nous aujourd\u2019hui pour c\u00e9l\u00e9brer les jeunes, dont l\u2019expertise, les solutions et les id\u00e9es audacieuses continuent d\u2019influer sur notre travail trinational et dans toute l\u2019Am\u00e9rique du Nord. C\u2019est avec plaisir que nous partageons les temoignages de quelques\u00a0laur\u00e9ats\u00b7es du\u00a0<a href=\"https:\/\/www.cec.org\/fr\/impliquez-vous\/initiatives-pour-les-jeunes\/defi-innovation-jeunesse\/\">D\u00e9fi innovation jeunesse<\/a>, et vous pr\u00e9sentons les projets de la CCE en mati\u00e8re d'engagement jeunesse.<\/p>\n<p><strong>D\u00e9fi innovation jeunesse<\/strong><br \/>\nLa CCE a lanc\u00e9 le D\u00e9fi innovation jeunesse en 2017 pour soutenir les projets innovants de jeunes au Canada, aux \u00c9tats-Unis et au Mexique. Ce concours a pris fin en 2023, apr\u00e8s qu\u2019il eut soutenu 23\u00a0projets d\u2019innovation et fourni 225\u00a0000\u00a0$\u00a0CA en financement de d\u00e9marrage. Beaucoup d\u2019id\u00e9es et de projets innovateurs ont connu un grand succ\u00e8s et continuent de nous inspirer.<\/p>\n<p>Voici les t\u00e9moignages de quelques\u00a0laur\u00e9ats\u00b7es du D\u00e9fi innovation jeunesse<strong>,\u00a0<\/strong>ainsi que des informations sur leur parcours depuis leur participation:<\/p>\n<p><strong>J\u00e9r\u00e9my Lavoie (Canada)\u00a0:<\/strong>\u00a0J\u00e9r\u00e9my et son \u00e9quipe continuent \u00e0 travailler fort sur leur\u00a0<a href=\"https:\/\/www.cec.org\/fr\/initiatives-pour-les-jeunes\/defi-innovation-jeunesse-2022-de-la-cce\/#popup1\">projet<\/a>\u00a0\u00e0\u00a0<a href=\"https:\/\/inscott.ca\/\">Inscott<\/a>, o\u00f9 ils \u0153uvrent \u00e0 la transformation des r\u00e9sidus agroalimentaires \u00e0 l\u2019aide de larves de mouche soldat noire. \u00c0 court terme, leur objectif est de d\u00e9velopper des m\u00e9thodes pour obtenir des produits \u00e0 forte valeur ajout\u00e9e \u00e0 partir de larves.<\/p>\n<p>\u00ab\u00a0Le DIJ a \u00e9t\u00e9 une exp\u00e9rience transformatrice. J\u2019ai pu b\u00e2tir un r\u00e9seau de jeunes entrepreneurs internationaux qui partagent ma vision environnementale. Le DJI m\u2019a aussi permis de rencontrer les ministres de l\u2019Environnement du Canada, du Mexique et des \u00c9tats-Unis et de pr\u00e9senter un projet \u00e0 fort potentiel de changement. Gr\u00e2ce au DJI, ma cr\u00e9dibilit\u00e9 et mes comp\u00e9tences en communication orale et en leadership sont aujourd\u2019hui bien plus grandes, tout comme mon ouverture sur le monde.\u00a0\u00bb \u2013 J\u00e9r\u00e9my Lavoie, laur\u00e9at, D\u00e9fi innovation jeunesse\u00a02022.<\/p>\n<p><strong>Mari\u00e8ve Dallaire-Lamontagne (Canada)\u00a0:<\/strong>\u00a0Mari\u00e8ve est actuellement cheffe de la recherche \u00e0\u00a0<a href=\"https:\/\/inscott.ca\/\">Inscott<\/a>. Outre cette fonction, elle est \u00e9tudiante au doctorat en sciences animales et stagiaire de recherche \u00e0 l\u2019Eawag \u00e0 Zurich, en Suisse. Mari\u00e8ve est \u00e9galement active \u00e0 la\u00a0<a href=\"https:\/\/cleic.fsaa.ulaval.ca\/a-propos\/equipe\/fiche-membre?tx_fsaacentrerecherche_gestionpersonne%5Baction%5D=show&amp;tx_fsaacentrerecherche_gestionpersonne%5Bcontroller%5D=Personne&amp;tx_fsaacentrerecherche_gestionpersonne%5Bpersonne%5D=9&amp;cHash=1a0b5082b54dd3f56870f1e31ae4e339\">Chaire de leadership en enseignement en production et transformation primaire d\u2019insectes comestibles<\/a>\u00a0de l\u2019Universit\u00e9 Laval et participe \u00e0 l\u2019\u00e9laboration d\u2019une certification en \u00e9conomie circulaire avec\u00a0<a href=\"https:\/\/regionsetvillesinnovantes.com\/services\/services-offerts-par-les-entreprises-membres\/\">VRIc<\/a>.<\/p>\n<p>\u00ab\u00a0Gr\u00e2ce \u00e0 ma participation au D\u00e9fi innovation jeunesse, j\u2019ai mis sur pied un r\u00e9seau international avec d\u2019autres jeunes entrepreneurs inspirants qui souhaitent apporter des solutions concr\u00e8tes aux enjeux environnementaux en Am\u00e9rique du Nord. Ce d\u00e9fi a propuls\u00e9 ma carri\u00e8re, m\u2019a offert des ouvertures m\u00e9diatiques pour parler du potentiel des insectes dans une gestion durable des r\u00e9sidus d\u2019\u00e9levage et comme source de prot\u00e9ines de rechange.\u00a0\u00bb \u2013 Mari\u00e8ve Dallaire-Lamontagne, laur\u00e9ate, D\u00e9fi innovation jeunesse\u00a02022.<\/p>\n<p><strong>Monique Chan (Canada)\u00a0:<\/strong>\u00a0Le D\u00e9fi innovation jeunesse a encourag\u00e9 Monique et son \u00e9quipe \u00e0 \u00e9largir leur projet,\u00a0<a href=\"https:\/\/www.bruized.com\/\">Bruized<\/a>, en Ontario. L\u2019\u00e9quipe a lanc\u00e9 fulCircle, un collectif de d\u00e9veloppement durable bas\u00e9 \u00e0 Toronto compos\u00e9 d\u2019agriculteurs, de producteurs et de propri\u00e9taires d\u2019entreprises urbains. Le premier souper collectif a eu un grand succ\u00e8s, et l\u2019\u00e9quipe entend organiser d\u2019autres \u00e9v\u00e9nements \u00e9cologiques, comme des \u00e9changes de v\u00eatements et des ateliers sur la conservation des aliments, le raccommodage et le suprarecyclage.<\/p>\n<p>\u00ab\u00a0Le D\u00e9fi innovation jeunesse a \u00e9t\u00e9 une exp\u00e9rience d\u00e9terminante pour Bruized. Nous avons pu rencontrer de jeunes acteur\u00b7trices de changement de partout dans le monde et ainsi avoir un aper\u00e7u de l\u2019incroyable innovation dans l\u2019univers du d\u00e9veloppement durable. J\u2019ai beaucoup aim\u00e9 l\u2019occasion d\u2019am\u00e9liorer nos comp\u00e9tences en communication orale pour am\u00e9liorer la communication de notre message \u00e0 de nouveaux publics, dont plusieurs responsables mondiaux de haut niveau. En tant que jeunes, nous avons tant de pouvoir pour orienter la trajectoire de notre monde, et ce fut un grand honneur de partager l\u2019importance de r\u00e9duire le gaspillage alimentaire.\u00a0\u00bb \u2013 Monique Chan, laur\u00e9ate, D\u00e9fi innovation jeunesse\u00a02020.<\/p>\n<p><strong>Annie Rosas<\/strong><strong>\u00a0(Mexique)\u00a0<\/strong>: Annie travaille actuellement comme consultante en affaires \u00e0\u00a0<a href=\"https:\/\/www.minsait.com\/en\">Minsait<\/a>\u00a0en plus de poursuivre sa passion pour l\u2019environnement. Elle consacre une grande partie de son temps \u00e0\u00a0<a href=\"https:\/\/www.bluekali.mx\/\">Bluekali<\/a>, la solution prim\u00e9e de son \u00e9quipe pour nettoyer les oc\u00e9ans et les aquif\u00e8res. Elle envisage \u00e9galement de faire une ma\u00eetrise dans une \u00e9cole de gestion \u00e0 l\u2019\u00e9tranger pour se sp\u00e9cialiser en d\u00e9veloppement durable et impact environnemental.<\/p>\n<p>\u00ab\u00a0Ma s\u00e9lection comme laur\u00e9ate du D\u00e9fi innovation jeunesse\u00a02023 a \u00e9t\u00e9 l\u2019une des exp\u00e9riences les plus enrichissantes de ma carri\u00e8re d\u2019entrepreneuse sociale. Tout au long du programme de mentorat, j\u2019ai acquis des connaissances en droit essentielles pour prot\u00e9ger notre technologie et j\u2019ai appris \u00e0 transformer un projet social en un projet d\u2019entreprise viable. Le soutien de la CCE et la visibilit\u00e9 que ce prix nous a apport\u00e9e nous ont permis de remporter plusieurs concours et de participer \u00e0 divers programmes d\u2019investissement et de formation. Gr\u00e2ce \u00e0 la CCE, nous avons appris que les partenariats avec le gouvernement sont une strat\u00e9gie viable et efficace.\u00a0\u00bb \u2013 Annie Rosas, laur\u00e9ate, D\u00e9fi innovation jeunesse\u00a02023.<\/p>\n<p><strong>Rodrigo Trejo (Mexique)\u00a0:<\/strong>\u00a0Dans le cadre de ses activit\u00e9s professionnelles, Rodrigo s\u2019est consacr\u00e9 \u00e0 outiller les jeunes de collectivit\u00e9s c\u00f4ti\u00e8res du Mexique pour cocr\u00e9er des projets ax\u00e9s sur l\u2019\u00e9conomie circulaire. En ce moment, il \u00e9tudie l\u2019anglais en Nouvelle-Z\u00e9lande, o\u00f9 il entend reproduire son projet prim\u00e9,\u00a0<a href=\"http:\/\/www.cec.org\/wp-content\/uploads\/DEL-PUERTO-AL-HUERTO-RTJ_COMPRESSES-_En-translation.frrevise.pdf\"><em>Del Puerto al Huerto<\/em><\/a>\u00a0(Du port au jardin). Il r\u00eave d\u2019entreprendre un doctorat en innovation et \u00e9conomie de l\u2019environnement au Canada l\u2019ann\u00e9e prochaine.<\/p>\n<p>\u00ab\u00a0Gr\u00e2ce aux formations que j\u2019ai re\u00e7ues et \u00e0 l\u2019exp\u00e9rience acquise en pr\u00e9sentant le projet\u00a0<em>Del Puerto al Huerto<\/em>\u00a0aux responsables et aux leaders environnementaux d\u2019Am\u00e9rique du Nord, j\u2019ai pu inspirer d\u2019autres jeunes. Ma s\u00e9lection parmi les laur\u00e9ats du D\u00e9fi innovation jeunesse de la CCE m\u2019a encourag\u00e9 \u00e0 poursuivre mes projets et me rappelle que les jeunes ont de grandes id\u00e9es et des r\u00eaves \u00e0 r\u00e9aliser, que nous ne sommes pas seuls et qu\u2019il est temps de cr\u00e9er un monde meilleur.\u00a0\u00bb \u2013 Rodrigo Trejo, laur\u00e9at, D\u00e9fi innovation jeunesse\u00a02022.<\/p>\n<p><strong>Karime Guillen (Mexique)\u00a0:<\/strong>\u00a0Karime poursuit son parcours entrepreneurial avec de nouveaux projets, dont\u00a0<a href=\"https:\/\/www.rearvora.com\/\">Rearvora<\/a>, qui vise \u00e0 promouvoir l\u2019\u00e9conomie circulaire et les pratiques durables dans le secteur du tourisme. Elle est \u00e9galement pr\u00e9sidente du\u00a0<a href=\"https:\/\/concaem.mx\/\"><u>Consejo de C\u00e1maras y Asociaciones Empresariales del Estado de M\u00e9xico<\/u><\/a>\u00a0(Conseil des chambres et des associations entrepreneuriales de l\u2019\u00c9tat de Mexico), qui soutient les entrepreneur\u00b7es qui souhaitent donner vie \u00e0 leurs id\u00e9es. Elle souhaite \u00e9tendre la port\u00e9e et l\u2019influence de Rearvora, tout en continuant \u00e0 faire entendre sa voix et \u00e0 promouvoir le d\u00e9veloppement durable par l\u2019interm\u00e9diaire de conf\u00e9rences et de services-conseils.<\/p>\n<p>\u00ab\u00a0Ma participation a eu un effet non seulement sur le projet, mais aussi sur ma vie gr\u00e2ce \u00e0 la confiance qu\u2019elle m\u2019a donn\u00e9e. C\u2019\u00e9tait la meilleure fa\u00e7on de m\u2019encourager \u00e0 r\u00e9aliser mes r\u00eaves et \u00e0 devenir la personne que je suis aujourd\u2019hui.\u00a0\u00bb \u2013 Karime Guillen, laur\u00e9ate, D\u00e9fi innovation jeunesse\u00a02020.<\/p>\n<p><strong>Gener M\u00e9ndez (Mexique)\u00a0:<\/strong>\u00a0Le projet d\u2019une\u00a0<a href=\"https:\/\/www.cec.org\/fr\/initiatives-pour-les-jeunes\/defi-innovation-jeunesse-2021\/#popup3\">\u00e9cole mobile de formation en foresterie communautaire<\/a>\u00a0que Gener avait propos\u00e9 au D\u00e9fi innovation jeunesse l\u2019a inspir\u00e9 \u00e0 poser sa candidature \u00e0 un programme de coop\u00e9ration internationale, qui a men\u00e9 Gener en Colombie. Il y a pass\u00e9 un an \u00e0 travailler comme conseiller forestier offrant du soutien technique aux organismes environnementaux locaux. Aujourd\u2019hui, il est conseiller forestier et charg\u00e9 de projet en Gambie. \u00c0 ce titre, Gener dirige le projet\u00a0<em>African Food Forest<\/em>, qui vise \u00e0 am\u00e9liorer la production alimentaire et foresti\u00e8re durable en Gambie. Ce projet a pour objet d\u2019\u00e9tablir les bases de pratiques agroforesti\u00e8res qui permettront d\u2019assurer une gestion continue des parcelles, ainsi que la s\u00e9curit\u00e9 alimentaire pour les m\u00e9nages gambiens.<\/p>\n<p>\u00ab\u00a0\u00c0 la fin de ma participation au D\u00e9fi innovation jeunesse, j\u2019ai repens\u00e9 \u00e0 toute cette exp\u00e9rience et au d\u00e9veloppement personnel qu\u2019elle avait entra\u00een\u00e9. Je ch\u00e9ris les liens \u00e9troits que j\u2019ai tiss\u00e9s avec les leaders environnementaux des communaut\u00e9s autochtones des trois pays et les membres d\u2019\u00e9quipe de la CCE. Ils nous ont accompagn\u00e9s durant tout le projet et ont suscit\u00e9 le leadership au sein du groupe.\u00a0Gr\u00e2ce aux encouragements de la CCE, nous avons lanc\u00e9 une \u00e9cole mobile de formation en foresterie communautaire pour promouvoir les connaissances \u00e9cologiques traditionnelles et prot\u00e9ger le territoire gr\u00e2ce \u00e0 l\u2019agroforesterie et aux cultures locales.\u00a0\u00bb \u2013 Gener M\u00e9ndez, laur\u00e9at, D\u00e9fi innovation jeunesse\u00a02021.<\/p>\n<p><strong>Hailey Hall<\/strong>\u00a0<strong>(\u00c9tats-Unis)<\/strong>\u00a0: La solution de Hailey,\u00a0<a href=\"https:\/\/www.cec.org\/fr\/initiatives-pour-les-jeunes\/solutions-concernant-leau-pour-un-developpement-durable\/#popup4\"><em>Is your water well?<\/em><\/a>\u00a0(Votre eau est-elle bonne?), vise \u00e0 analyser les puits et \u00e0 sensibiliser les communaut\u00e9s rurales ou mal desservies \u00e0 la sant\u00e9 publique avec de l\u2019information sur leur sant\u00e9 et sur l\u2019\u00e9tat des aquif\u00e8res. Le D\u00e9fi innovation jeunesse a permis \u00e0 Hailey d\u2019acqu\u00e9rir des comp\u00e9tences et d\u2019\u00e9largir la port\u00e9e et l\u2019effet de son projet. \u00c0 l\u2019avenir, elle esp\u00e8re accro\u00eetre sa capacit\u00e9 d\u2019\u00e9chantillonnage, ses activit\u00e9s de surveillance et ses sources de financement.<\/p>\n<p>\u00ab\u00a0Ma s\u00e9lection comme laur\u00e9ate du DIJ a \u00e9t\u00e9 une exp\u00e9rience d\u00e9terminante pour mon d\u00e9veloppement. Je conseille \u00e0 quiconque souhaite agir pour aider notre environnement de faire preuve d\u2019ouverture, de curiosit\u00e9 et d\u2019esprit coop\u00e9ratif. Parlez aux autres \u00e0 propos de notre terre, de notre air et de notre eau pour en apprendre davantage et partager votre passion. Dites-vous qu\u2019il y a tellement de fa\u00e7ons positives et concr\u00e8tes d\u2019am\u00e9liorer les choses.\u00a0\u00bb \u2013 Hailey Hall, laur\u00e9ate, D\u00e9fi innovation jeunesse\u00a02023.<\/p>\n<p><strong>Xiangkun (Elvis) Cao (\u00c9tats-Unis)\u00a0:\u00a0<\/strong>La solution d\u2019Elvis,\u00a0<a href=\"https:\/\/www.cec.org\/fr\/initiatives-pour-les-jeunes\/defi-innovation-jeunesse-2021\/#popup4\">Carbon2X<\/a>, vise \u00e0 cr\u00e9er des retomb\u00e9es positives pour les communaut\u00e9s tout en faisant progresser les technologies climatiques. Sa s\u00e9lection comme laur\u00e9at du D\u00e9fi innovation jeunesse a \u00e9t\u00e9 un tournant pour lui et lui a permis de d\u00e9crocher la bourse\u00a0<a href=\"https:\/\/cece.american.edu\/carbon-removal-justice-fellows-program\/\">Carbon Removal Justice Fellowship<\/a>, financ\u00e9e par la Chan Zuckerberg Initiative et le New York Community Trust. Elvis est aujourd\u2019hui conseiller principal \u00e0\u00a0<a href=\"https:\/\/www.dnv.fr\/about\/\">DNV<\/a>, et sp\u00e9cialiste en \u00e9limination du gaz carbonique.<\/p>\n<p>\u00ab\u00a0J\u2019ai grandement b\u00e9n\u00e9fici\u00e9 de la formation en communication lors de ma participation au D\u00e9fi innovation jeunesse. Cette exp\u00e9rience a aussi aid\u00e9 ma transition, de simple ing\u00e9nieur \u00e0 ing\u00e9nieur conscient des dimensions humaines des technologies que je d\u00e9velopperai \u00e0 l\u2019avenir.\u00a0\u00bb \u2013 Xiangkun (Elvis)\u00a0Cao, laur\u00e9at, D\u00e9fi innovation jeunesse\u00a02021.<\/p>\n<p>Joignez-vous \u00e0 nous pour f\u00e9liciter les laur\u00e9ats\u00b7es\u00a0du\u00a0<a href=\"https:\/\/www.cec.org\/fr\/impliquez-vous\/initiatives-pour-les-jeunes\/defi-innovation-jeunesse\/\">D\u00e9fi innovation jeunesse<\/a>\u00a0et leur souhaiter bonne chance dans leurs projets pour soutenir les communaut\u00e9s partout en Am\u00e9rique du Nord!<\/p>\n<p><strong>Engagement jeunesse et programme G\u00e9n\u00e9ration de leaders de l\u2019environnement de la CCE<\/strong><br \/>\nLes sept ann\u00e9es d\u2019existence du D\u00e9fi innovation jeunesse, ainsi que les recommandations recueillies lors des\u00a0<a href=\"https:\/\/www.cec.org\/fr\/youth-engagement-week\/\">Journ\u00e9es de l\u2019engagement jeunesse<\/a>\u00a02023 de la CCE, ont permis de tirer de nombreuses le\u00e7ons pour concevoir la strat\u00e9gie d'engagement jeunesse\u00a0de la CCE et le nouveau\u00a0<a href=\"https:\/\/www.cec.org\/fr\/sujets\/engagement-jeunesse\/gelp\/\" target=\"_blank\" rel=\"noopener\">programme G\u00e9n\u00e9ration de leaders de l\u2019environnement\u00a0(PGLE)<\/a>. Ce programme et sa vision aident la CCE \u00e0 viser un engagement jeunesse\u00a0constructif\u00a0et \u00e0 long terme, fournit une structure pour un engagement\u00a0continue et \u00e9tablit un r\u00e9seau durable de jeunes en Am\u00e9rique du Nord.<\/p>\n<p>Nous avons eu le plaisir de pr\u00e9senter la\u00a0<a href=\"https:\/\/www.cec.org\/fr\/medias\/communiques\/premiere-cohorte-pgle-de-la-cce\/\">premi\u00e8re cohorte du PGLE<\/a>\u00a0en juin dernier. Les solutions propos\u00e9es par les \u00e9quipes de jeunes retenues abordent la pollution plastique en d\u00e9veloppant des emballages compostables \u00e0 partir de d\u00e9chets agroalimentaires recycl\u00e9s, mettent en \u0153uvre un programme de mobilisation communautaire pour la restauration et la conservation des milieux humides, et d\u00e9veloppe<em>\u00a0<\/em>un outil innovateur de cr\u00e9ation de main-d\u2019\u0153uvre qui offre aux personnes incarc\u00e9r\u00e9es des formations pour acqu\u00e9rir des comp\u00e9tences en \u00e9nergies renouvelables.<\/p>\n<p>Pour en savoir plus sur le PGLE et sa premi\u00e8re cohorte, cliquez\u00a0<a href=\"https:\/\/www.cec.org\/fr\/sujets\/engagement-jeunesse\/gelp\/\" target=\"_blank\" rel=\"noopener\">ici<\/a>.<\/p>\n<p>Restez \u00e0 l\u2019aff\u00fbt pour d\u2019autres \u00e9v\u00e9nements et activit\u00e9s d'<a href=\"https:\/\/www.cec.org\/fr\/impliquez-vous\/initiatives-pour-les-jeunes\/\">engagement jeunesse<\/a>!<\/p>\n<p>Pour en savoir plus sur les activit\u00e9s et travaux de la CCE et les possibilit\u00e9s qu\u2019elle offre, abonnez-vous \u00e0 notre\u00a0<a href=\"https:\/\/www.cec.org\/fr\/inscrivez-vous\/\">bulletin<\/a>\u00a0et suivez-nous sur les\u00a0<a href=\"https:\/\/linktr.ee\/CEC_Social\">m\u00e9dias sociaux<\/a>.<\/p>\n","protected":false},"excerpt":{"rendered":"<p>Bonne\u00a0Journ\u00e9e internationale de la jeunesse! Depuis 2010, le 12\u00a0ao\u00fbt est connu partout dans le monde comme la journ\u00e9e pour souligner les enjeux auxquels sont confront\u00e9s les jeunes et c\u00e9l\u00e9brer le potentiel de jeunes en tant que partenaires cruciaux pour relever les d\u00e9fis actuels. Joignez-vous \u00e0 nous aujourd\u2019hui pour c\u00e9l\u00e9brer les jeunes, dont l\u2019expertise, les solutions [&hellip;]<\/p>\n","protected":false},"featured_media":56275,"template":"","class_list":["post-56273","news","type-news","status-publish","has-post-thumbnail","hentry","feed-engagement-jeunesse"],"acf":[],"yoast_head":"<!-- This site is optimized with the Yoast SEO Premium plugin v27.4 (Yoast SEO v27.4) - https:\/\/yoast.com\/product\/yoast-seo-premium-wordpress\/ -->\n<title>Journ\u00e9e internationale de la jeunesse 2024 : D\u00e9fi innovation jeunesse de la CCE et engagement jeunesse<\/title>\n<meta name=\"description\" content=\"D\u00e9fi innovation jeunesse de la CCE et engagement jeunesse\" \/>\n<meta name=\"robots\" content=\"index, follow, max-snippet:-1, max-image-preview:large, max-video-preview:-1\" \/>\n<link rel=\"canonical\" href=\"https:\/\/www.cec.org\/fr\/nouvelles\/journee-internationale-de-la-jeunesse-2024\/\" \/>\n<meta property=\"og:locale\" content=\"fr_FR\" \/>\n<meta property=\"og:type\" content=\"article\" \/>\n<meta property=\"og:title\" content=\"Journ\u00e9e internationale de la jeunesse 2024 : D\u00e9fi innovation jeunesse de la CCE et engagement jeunesse\" \/>\n<meta property=\"og:description\" content=\"Bonne\u00a0Journ\u00e9e internationale de la jeunesse! Depuis 2010, le 12\u00a0ao\u00fbt est connu partout dans le monde comme la journ\u00e9e pour souligner les enjeux auxquels\" \/>\n<meta property=\"og:url\" content=\"https:\/\/www.cec.org\/fr\/nouvelles\/journee-internationale-de-la-jeunesse-2024\/\" \/>\n<meta property=\"og:site_name\" content=\"Commission de coop\u00e9ration environnementale\" \/>\n<meta property=\"article:publisher\" content=\"https:\/\/www.facebook.com\/CECconnect\" \/>\n<meta property=\"article:modified_time\" content=\"2025-05-09T00:21:48+00:00\" \/>\n<meta property=\"og:image\" content=\"https:\/\/www.cec.org\/wp-content\/uploads\/youth.webp\" \/>\n\t<meta property=\"og:image:width\" content=\"1200\" \/>\n\t<meta property=\"og:image:height\" content=\"684\" \/>\n\t<meta property=\"og:image:type\" content=\"image\/webp\" \/>\n<meta name=\"twitter:card\" content=\"summary_large_image\" \/>\n<meta name=\"twitter:site\" content=\"@CECweb\" \/>\n<script type=\"application\/ld+json\" class=\"yoast-schema-graph\">{\"@context\":\"https:\\\/\\\/schema.org\",\"@graph\":[{\"@type\":\"WebPage\",\"@id\":\"https:\\\/\\\/www.cec.org\\\/fr\\\/nouvelles\\\/journee-internationale-de-la-jeunesse-2024\\\/\",\"url\":\"https:\\\/\\\/www.cec.org\\\/fr\\\/nouvelles\\\/journee-internationale-de-la-jeunesse-2024\\\/\",\"name\":\"Journ\u00e9e internationale de la jeunesse 2024 : D\u00e9fi innovation jeunesse de la CCE et engagement jeunesse\",\"isPartOf\":{\"@id\":\"https:\\\/\\\/www.cec.org\\\/fr\\\/#website\"},\"primaryImageOfPage\":{\"@id\":\"https:\\\/\\\/www.cec.org\\\/fr\\\/nouvelles\\\/journee-internationale-de-la-jeunesse-2024\\\/#primaryimage\"},\"image\":{\"@id\":\"https:\\\/\\\/www.cec.org\\\/fr\\\/nouvelles\\\/journee-internationale-de-la-jeunesse-2024\\\/#primaryimage\"},\"thumbnailUrl\":\"https:\\\/\\\/www.cec.org\\\/wp-content\\\/uploads\\\/youth.webp\",\"datePublished\":\"2024-08-12T20:10:51+00:00\",\"dateModified\":\"2025-05-09T00:21:48+00:00\",\"description\":\"D\u00e9fi innovation jeunesse de la CCE et engagement jeunesse\",\"breadcrumb\":{\"@id\":\"https:\\\/\\\/www.cec.org\\\/fr\\\/nouvelles\\\/journee-internationale-de-la-jeunesse-2024\\\/#breadcrumb\"},\"inLanguage\":\"fr-FR\",\"potentialAction\":[{\"@type\":\"ReadAction\",\"target\":[\"https:\\\/\\\/www.cec.org\\\/fr\\\/nouvelles\\\/journee-internationale-de-la-jeunesse-2024\\\/\"]}]},{\"@type\":\"ImageObject\",\"inLanguage\":\"fr-FR\",\"@id\":\"https:\\\/\\\/www.cec.org\\\/fr\\\/nouvelles\\\/journee-internationale-de-la-jeunesse-2024\\\/#primaryimage\",\"url\":\"https:\\\/\\\/www.cec.org\\\/wp-content\\\/uploads\\\/youth.webp\",\"contentUrl\":\"https:\\\/\\\/www.cec.org\\\/wp-content\\\/uploads\\\/youth.webp\",\"width\":1200,\"height\":684,\"caption\":\"Youth Engagement - International Youth Day 2024\"},{\"@type\":\"BreadcrumbList\",\"@id\":\"https:\\\/\\\/www.cec.org\\\/fr\\\/nouvelles\\\/journee-internationale-de-la-jeunesse-2024\\\/#breadcrumb\",\"itemListElement\":[{\"@type\":\"ListItem\",\"position\":1,\"name\":\"Accueil\",\"item\":\"https:\\\/\\\/www.cec.org\\\/fr\\\/\"},{\"@type\":\"ListItem\",\"position\":2,\"name\":\"Nouvelles\",\"item\":\"https:\\\/\\\/www.cec.org\\\/fr\\\/nouvelles\\\/\"},{\"@type\":\"ListItem\",\"position\":3,\"name\":\"Journ\u00e9e internationale de la jeunesse 2024 : D\u00e9fi innovation jeunesse de la CCE et engagement jeunesse\"}]},{\"@type\":\"WebSite\",\"@id\":\"https:\\\/\\\/www.cec.org\\\/fr\\\/#website\",\"url\":\"https:\\\/\\\/www.cec.org\\\/fr\\\/\",\"name\":\"Commission for Environmental Cooperation\",\"description\":\"Three countries working together to protect our shared environment\",\"alternateName\":\"CEC - CCA -CCE\",\"potentialAction\":[{\"@type\":\"SearchAction\",\"target\":{\"@type\":\"EntryPoint\",\"urlTemplate\":\"https:\\\/\\\/www.cec.org\\\/fr\\\/?s={search_term_string}\"},\"query-input\":{\"@type\":\"PropertyValueSpecification\",\"valueRequired\":true,\"valueName\":\"search_term_string\"}}],\"inLanguage\":\"fr-FR\"}]}<\/script>\n<!-- \/ Yoast SEO Premium plugin. -->","yoast_head_json":{"title":"Journ\u00e9e internationale de la jeunesse 2024 : D\u00e9fi innovation jeunesse de la CCE et engagement jeunesse","description":"D\u00e9fi innovation jeunesse de la CCE et engagement jeunesse","robots":{"index":"index","follow":"follow","max-snippet":"max-snippet:-1","max-image-preview":"max-image-preview:large","max-video-preview":"max-video-preview:-1"},"canonical":"https:\/\/www.cec.org\/fr\/nouvelles\/journee-internationale-de-la-jeunesse-2024\/","og_locale":"fr_FR","og_type":"article","og_title":"Journ\u00e9e internationale de la jeunesse 2024 : D\u00e9fi innovation jeunesse de la CCE et engagement jeunesse","og_description":"Bonne\u00a0Journ\u00e9e internationale de la jeunesse! Depuis 2010, le 12\u00a0ao\u00fbt est connu partout dans le monde comme la journ\u00e9e pour souligner les enjeux auxquels","og_url":"https:\/\/www.cec.org\/fr\/nouvelles\/journee-internationale-de-la-jeunesse-2024\/","og_site_name":"Commission de coop\u00e9ration environnementale","article_publisher":"https:\/\/www.facebook.com\/CECconnect","article_modified_time":"2025-05-09T00:21:48+00:00","og_image":[{"width":1200,"height":684,"url":"https:\/\/www.cec.org\/wp-content\/uploads\/youth.webp","type":"image\/webp"}],"twitter_card":"summary_large_image","twitter_site":"@CECweb","schema":{"@context":"https:\/\/schema.org","@graph":[{"@type":"WebPage","@id":"https:\/\/www.cec.org\/fr\/nouvelles\/journee-internationale-de-la-jeunesse-2024\/","url":"https:\/\/www.cec.org\/fr\/nouvelles\/journee-internationale-de-la-jeunesse-2024\/","name":"Journ\u00e9e internationale de la jeunesse 2024 : D\u00e9fi innovation jeunesse de la CCE et engagement jeunesse","isPartOf":{"@id":"https:\/\/www.cec.org\/fr\/#website"},"primaryImageOfPage":{"@id":"https:\/\/www.cec.org\/fr\/nouvelles\/journee-internationale-de-la-jeunesse-2024\/#primaryimage"},"image":{"@id":"https:\/\/www.cec.org\/fr\/nouvelles\/journee-internationale-de-la-jeunesse-2024\/#primaryimage"},"thumbnailUrl":"https:\/\/www.cec.org\/wp-content\/uploads\/youth.webp","datePublished":"2024-08-12T20:10:51+00:00","dateModified":"2025-05-09T00:21:48+00:00","description":"D\u00e9fi innovation jeunesse de la CCE et engagement jeunesse","breadcrumb":{"@id":"https:\/\/www.cec.org\/fr\/nouvelles\/journee-internationale-de-la-jeunesse-2024\/#breadcrumb"},"inLanguage":"fr-FR","potentialAction":[{"@type":"ReadAction","target":["https:\/\/www.cec.org\/fr\/nouvelles\/journee-internationale-de-la-jeunesse-2024\/"]}]},{"@type":"ImageObject","inLanguage":"fr-FR","@id":"https:\/\/www.cec.org\/fr\/nouvelles\/journee-internationale-de-la-jeunesse-2024\/#primaryimage","url":"https:\/\/www.cec.org\/wp-content\/uploads\/youth.webp","contentUrl":"https:\/\/www.cec.org\/wp-content\/uploads\/youth.webp","width":1200,"height":684,"caption":"Youth Engagement - International Youth Day 2024"},{"@type":"BreadcrumbList","@id":"https:\/\/www.cec.org\/fr\/nouvelles\/journee-internationale-de-la-jeunesse-2024\/#breadcrumb","itemListElement":[{"@type":"ListItem","position":1,"name":"Accueil","item":"https:\/\/www.cec.org\/fr\/"},{"@type":"ListItem","position":2,"name":"Nouvelles","item":"https:\/\/www.cec.org\/fr\/nouvelles\/"},{"@type":"ListItem","position":3,"name":"Journ\u00e9e internationale de la jeunesse 2024 : D\u00e9fi innovation jeunesse de la CCE et engagement jeunesse"}]},{"@type":"WebSite","@id":"https:\/\/www.cec.org\/fr\/#website","url":"https:\/\/www.cec.org\/fr\/","name":"Commission for Environmental Cooperation","description":"Three countries working together to protect our shared environment","alternateName":"CEC - CCA -CCE","potentialAction":[{"@type":"SearchAction","target":{"@type":"EntryPoint","urlTemplate":"https:\/\/www.cec.org\/fr\/?s={search_term_string}"},"query-input":{"@type":"PropertyValueSpecification","valueRequired":true,"valueName":"search_term_string"}}],"inLanguage":"fr-FR"}]}},"_links":{"self":[{"href":"https:\/\/www.cec.org\/fr\/wp-json\/wp\/v2\/news\/56273","targetHints":{"allow":["GET"]}}],"collection":[{"href":"https:\/\/www.cec.org\/fr\/wp-json\/wp\/v2\/news"}],"about":[{"href":"https:\/\/www.cec.org\/fr\/wp-json\/wp\/v2\/types\/news"}],"wp:featuredmedia":[{"embeddable":true,"href":"https:\/\/www.cec.org\/fr\/wp-json\/wp\/v2\/media\/56275"}],"wp:attachment":[{"href":"https:\/\/www.cec.org\/fr\/wp-json\/wp\/v2\/media?parent=56273"}],"curies":[{"name":"wp","href":"https:\/\/api.w.org\/{rel}","templated":true}]}}