{"id":55848,"date":"2024-06-20T13:15:23","date_gmt":"2024-06-20T17:15:23","guid":{"rendered":"http:\/\/www.cec.org\/media\/media-releases\/premiere-cohorte-pgle-de-la-cce\/"},"modified":"2025-06-23T14:44:51","modified_gmt":"2025-06-23T18:44:51","slug":"premiere-cohorte-pgle-de-la-cce","status":"publish","type":"news","link":"https:\/\/www.cec.org\/fr\/nouvelles\/premiere-cohorte-pgle-de-la-cce\/","title":{"rendered":"Annonce de la premi\u00e8re cohorte du programme G\u00e9n\u00e9ration de leaders de l\u2019environnement de la CCE"},"content":{"rendered":"<p><strong>Tiohti\u00e0:ke (Montr\u00e9al), le 20 juin 2024 \u2014\u00a0<\/strong>La\u00a0<a href=\"https:\/\/www.cec.org\/fr\/\" target=\"_blank\" rel=\"noopener\">Commission de coop\u00e9ration environnementale<\/a>\u00a0(CCE) est fi\u00e8re d\u2019annoncer la premi\u00e8re cohorte du nouveau programme G\u00e9n\u00e9ration de leaders de l\u2019environnement (PGLE).<\/p>\n<p>La cohorte\u00a02024 du PGLE comprend trois \u00e9quipes, chacune repr\u00e9sentant l\u2019un des trois pays d\u2019Am\u00e9rique du Nord\u00a0: le Canada, le Mexique et les\u00a0\u00c9tats-Unis. Ces \u00e9quipes ont \u00e9t\u00e9 retenues pour leurs solutions cr\u00e9atives et effectives, qui vont soutenir les collectivit\u00e9s nord-am\u00e9ricaines et pr\u00e9server les eaux, les terres et l\u2019air que nous partageons.<\/p>\n<p>Plus qu\u2019une simple plateforme d\u2019\u00e9change d\u2019id\u00e9es, le PGLE propose un programme de mentorat d\u2019un an, qui comprend une formation en art oratoire, en marketing et en gestion de projet sous l\u2019\u00e9gide de nombreux sp\u00e9cialistes, et offre de nombreuses occasions de r\u00e9seautage. Chaque \u00e9quipe s\u00e9lectionn\u00e9e re\u00e7oit 15\u00a0000\u00a0$\u00a0CA en fonds de d\u00e9marrage pour mettre en \u0153uvre ses solutions dans des collectivit\u00e9s locales.<\/p>\n<p>\u00ab Nous sommes fiers d\u2019annoncer la toute premi\u00e8re cohorte du PGLE, dont les solutions \u00e0 la fois inspirantes et avant-gardistes ont d\u00e9j\u00e0 un impact et rel\u00e8vent certains de nos d\u00e9fis sociaux et environnementaux les plus urgents. Le PGLE est une des pierres angulaires de la strat\u00e9gie de la CCE et des efforts d\u00e9ploy\u00e9s pour mobiliser les jeunes d\u2019Am\u00e9rique du Nord \u00bb, a d\u00e9clar\u00e9 Julie Amina Jacquemin, charg\u00e9e de sensibilisation, relations ext\u00e9rieures et partenariats \u00e0 la CCE.<\/p>\n<p>Voici les \u00e9quipes s\u00e9lectionn\u00e9es et leurs solutions\u00a0:<\/p>\n<p><strong>\u2022 Canada\u00a0\u2013 Encore! Biomat\u00e9riaux\u00a0<\/strong><br \/>\nLa pollution par les plastiques, la gestion inefficace des d\u00e9chets alimentaires et la production \u00e9nergivore de substituts du plastique \u00e0 usage unique posent d\u2019importants probl\u00e8mes pour l\u2019environnement. Les responsables d\u2019Encore! Biomat\u00e9riaux<em>\u00a0<\/em>ont donc imagin\u00e9 une solution novatrice\u00a0: des emballages compostables fabriqu\u00e9s \u00e0 partir de d\u00e9chets agroalimentaires.<\/p>\n<p>Leur processus a commenc\u00e9 par de nombreuses recherches sur les d\u00e9fis environnementaux actuels et le potentiel inexploit\u00e9 du surcyclage\u00a0(<em>upcycling<\/em>) valorisant des d\u00e9chets agroalimentaires. Des essais en laboratoire leur ont ensuite permis de mettre au point un liant biosourc\u00e9 et biod\u00e9gradable qui sert de base \u00e0 leurs emballages compostables. Leur solution est non seulement peu co\u00fbteuse sur le plan \u00e9nerg\u00e9tique, elle se d\u00e9marque aussi par la polyvalence du type de d\u00e9chets qu\u2019on peut surcycler\u00a0(<em>upcycle<\/em>) et par sa simplicit\u00e9 op\u00e9rationnelle.<\/p>\n<p><strong>\u2022 \u00c9tats-Unis\u00a0\u2013\u00a0<\/strong><strong>Electrivive\u00a0: outil de perfectionnement de la main-d\u2019\u0153uvre en mati\u00e8re d\u2019\u00e9lectrification \u00e9quitable des b\u00e2timents<\/strong><br \/>\n\u00c9tant donn\u00e9 l\u2019urgent besoin de main-d\u2019\u0153uvre comp\u00e9tente dans le secteur des \u00e9nergies renouvelables, Electrivive propose un programme d\u2019\u00e9ducation novateur qui vise \u00e0 offrir \u00e0 des personnes incarc\u00e9r\u00e9es dans des prisons de la r\u00e9gion une formation compl\u00e8te en \u00e9lectrification des b\u00e2timents. \u00c9labor\u00e9 en collaboration avec des partenaires comme Flipp\u00a0Inc. et le H4I\u00a0Energy Justice Lab de l\u2019Universit\u00e9 de l\u2019Indiana \u00e0 Bloomington, le programme d\u2019\u00e9tudes d\u2019Electrivive couvre des sujets comme la conception de b\u00e2timents \u00e9co\u00e9nerg\u00e9tiques, les solutions en r\u00e9seau coordonn\u00e9 et les syst\u00e8mes de contr\u00f4le intelligents.<\/p>\n<p>En offrant aux personnes participantes des comp\u00e9tences recherch\u00e9es sur le march\u00e9 du travail et une voie d\u2019acc\u00e8s \u00e0 des carri\u00e8res vertes, Electrivive vise \u00e0 r\u00e9duire les cas de r\u00e9cidive et \u00e0 stimuler la croissance \u00e9conomique et la durabilit\u00e9 de l\u2019environnement dans les collectivit\u00e9s de la Virginie. Gr\u00e2ce au perfectionnement de la main-d\u2019\u0153uvre, \u00e0 la justice sociale et \u00e0 la g\u00e9rance environnementale, Electrivive offre une lueur d\u2019espoir pour un avenir meilleur et plus vert.<\/p>\n<p>\u2022\u00a0<strong>Mexique\u00a0\u2013 \u00c9ducation en vue de la restauration et de la conservation de la zone humide de Tamasopo\u00a0<\/strong><br \/>\nSitu\u00e9e dans l\u2019\u00c9tat de San Luis Potos\u00ed et site Ramsar d\u2019importance internationale, la zone humide de Tamasopo est menac\u00e9e par la pollution imputable \u00e0 l\u2019agriculture et \u00e0 l\u2019\u00e9levage de b\u00e9tail. Un changement d\u2019affectation des terres au profit de la culture de canne \u00e0 sucre, et la contamination qui en d\u00e9coule, a profond\u00e9ment transform\u00e9 cette zone. Un r\u00e9cent incendie, provoqu\u00e9 par le br\u00fblage de r\u00e9sidus de culture de canne \u00e0 sucre, a consum\u00e9 la moiti\u00e9 de la zone humide, ce qui a encore exacerb\u00e9 la situation et entra\u00een\u00e9 une perte alarmante de biodiversit\u00e9.<\/p>\n<p>Pour contrer ce d\u00e9clin, l\u2019\u00e9quipe de jeunes de l\u2019<em>Organizaci\u00f3n para Remediar el Medio Ambiente y Armon\u00eda Social A.C.<\/em>\u00a0propose une activit\u00e9 de restauration compl\u00e8te de la zone humide ax\u00e9e sur des strat\u00e9gies d\u2019\u00e9ducation environnementale, de reboisement et de conservation. Apr\u00e8s plusieurs visites des lieux, l\u2019\u00e9quipe a organis\u00e9 une s\u00e9ance de mobilisation communautaire pour aborder les besoins et priorit\u00e9s de la collectivit\u00e9. Gr\u00e2ce \u00e0 une approche collaborative et \u00e0 des initiatives communautaires, l\u2019\u00e9quipe esp\u00e8re lancer la remise en \u00e9tat graduelle de la zone humide de Tamasopo et prot\u00e9ger sa biodiversit\u00e9 et son int\u00e9grit\u00e9 \u00e9cologique pour les g\u00e9n\u00e9rations \u00e0 venir.<\/p>\n<p>Cliquez\u00a0<a href=\"https:\/\/www.cec.org\/fr\/newsletter\/de-toutes-dernieres-nouvelles-par-le-directeur-executif-de-la-cce-richard-a-morgan\/\" target=\"_blank\" rel=\"noopener\">ici<\/a>\u00a0pour en savoir plus sur la cohorte\u00a02024 du PGLE et ses solutions.<\/p>\n<p>La cohorte du PGLE pr\u00e9sentera ses solutions aux responsables de plus haut niveau en mati\u00e8re d\u2019environnement en Am\u00e9rique du Nord \u00e0 l\u2019occasion de la\u00a0<a href=\"https:\/\/www.cec.org\/fr\/activites\/cce31\/\">session annuelle du Conseil et tribune publique du CCPM<\/a>, qui se tiendra du 24 au 26\u00a0juin\u00a02024 \u00e0 Wilmington, en Caroline du Nord. Ces rendez-vous sont ouverts au public et diffus\u00e9s en direct.<\/p>\n<p>Pour de plus amples renseignements sur les initiatives jeunesse de la CCE et pour vous joindre \u00e0 un r\u00e9seau collaboratif de jeunes leaders de l\u2019environnement, veuillez consulter la\u00a0<a href=\"https:\/\/www.cec.org\/fr\/impliquez-vous\/initiatives-pour-les-jeunes\/\">section Initiatives pour les jeunes<\/a>\u00a0de notre site Web.<\/p>\n<p>Suivez-nous sur Facebook, Twitter, LinkedIn et Instagram, et joignez-vous \u00e0 la discussion en utilisant les mots-clics #AgirMaintenant, #PGLE et #CCE31.<\/p>\n<p>Pour en savoir plus \u00e0 propos des activit\u00e9s, occasions et efforts de la CCE, nous vous invitons \u00e0 vous inscrire pour recevoir notre\u00a0<a href=\"https:\/\/www.cec.org\/fr\/inscrivez-vous\/\" target=\"_blank\" rel=\"noopener\" data-sk=\"tooltip_parent\" data-stringify-link=\"https:\/\/www.cec.org\/fr\/inscrivez-vous\/\">bulletin<\/a>\u00a0et \u00e0 nous suivre sur les\u00a0<a href=\"https:\/\/linktr.ee\/CEC_Social\" target=\"_blank\" rel=\"noopener\" data-sk=\"tooltip_parent\" data-stringify-link=\"https:\/\/linktr.ee\/CEC_Social\">m\u00e9dias sociaux<\/a>.<\/p>\n","protected":false},"excerpt":{"rendered":"<p>Tiohti\u00e0:ke (Montr\u00e9al), le 20 juin 2024 \u2014\u00a0La\u00a0Commission de coop\u00e9ration environnementale\u00a0(CCE) est fi\u00e8re d\u2019annoncer la premi\u00e8re cohorte du nouveau programme G\u00e9n\u00e9ration de leaders de l\u2019environnement (PGLE). La cohorte\u00a02024 du PGLE comprend trois \u00e9quipes, chacune repr\u00e9sentant l\u2019un des trois pays d\u2019Am\u00e9rique du Nord\u00a0: le Canada, le Mexique et les\u00a0\u00c9tats-Unis. Ces \u00e9quipes ont \u00e9t\u00e9 retenues pour leurs solutions [&hellip;]<\/p>\n","protected":false},"featured_media":55749,"template":"","class_list":["post-55848","news","type-news","status-publish","has-post-thumbnail","hentry","feed-engagement-jeunesse"],"acf":[],"yoast_head":"<!-- This site is optimized with the Yoast SEO Premium plugin v27.4 (Yoast SEO v27.4) - https:\/\/yoast.com\/product\/yoast-seo-premium-wordpress\/ -->\n<title>Annonce de la premi\u00e8re cohorte du programme G\u00e9n\u00e9ration de leaders de l\u2019environnement de la CCE<\/title>\n<meta name=\"description\" content=\"La CCE est fi\u00e8re d\u2019annoncer la premi\u00e8re cohorte du nouveau programme G\u00e9n\u00e9ration de leaders de l\u2019environnement (PGLE).\" \/>\n<meta name=\"robots\" content=\"index, follow, max-snippet:-1, max-image-preview:large, max-video-preview:-1\" \/>\n<link rel=\"canonical\" href=\"https:\/\/www.cec.org\/fr\/nouvelles\/premiere-cohorte-pgle-de-la-cce\/\" \/>\n<meta property=\"og:locale\" content=\"fr_FR\" \/>\n<meta property=\"og:type\" content=\"article\" \/>\n<meta property=\"og:title\" content=\"Annonce de la premi\u00e8re cohorte du programme G\u00e9n\u00e9ration de leaders de l\u2019environnement de la CCE\" \/>\n<meta property=\"og:description\" content=\"Tiohti\u00e0:ke (Montr\u00e9al), le 20 juin 2024 \u2014\u00a0La\u00a0Commission de coop\u00e9ration environnementale\u00a0(CCE) est fi\u00e8re d\u2019annoncer la premi\u00e8re cohorte du nouveau programme\" \/>\n<meta property=\"og:url\" content=\"https:\/\/www.cec.org\/fr\/nouvelles\/premiere-cohorte-pgle-de-la-cce\/\" \/>\n<meta property=\"og:site_name\" content=\"Commission de coop\u00e9ration environnementale\" \/>\n<meta property=\"article:publisher\" content=\"https:\/\/www.facebook.com\/CECconnect\" \/>\n<meta property=\"article:modified_time\" content=\"2025-06-23T18:44:51+00:00\" \/>\n<meta property=\"og:image\" content=\"https:\/\/www.cec.org\/wp-content\/uploads\/GELp-Meet_-FR.webp\" \/>\n\t<meta property=\"og:image:width\" content=\"1200\" \/>\n\t<meta property=\"og:image:height\" content=\"684\" \/>\n\t<meta property=\"og:image:type\" content=\"image\/webp\" \/>\n<meta name=\"twitter:card\" content=\"summary_large_image\" \/>\n<meta name=\"twitter:site\" content=\"@CECweb\" \/>\n<script type=\"application\/ld+json\" class=\"yoast-schema-graph\">{\"@context\":\"https:\\\/\\\/schema.org\",\"@graph\":[{\"@type\":\"WebPage\",\"@id\":\"https:\\\/\\\/www.cec.org\\\/fr\\\/nouvelles\\\/premiere-cohorte-pgle-de-la-cce\\\/\",\"url\":\"https:\\\/\\\/www.cec.org\\\/fr\\\/nouvelles\\\/premiere-cohorte-pgle-de-la-cce\\\/\",\"name\":\"Annonce de la premi\u00e8re cohorte du programme G\u00e9n\u00e9ration de leaders de l\u2019environnement de la CCE\",\"isPartOf\":{\"@id\":\"https:\\\/\\\/www.cec.org\\\/fr\\\/#website\"},\"primaryImageOfPage\":{\"@id\":\"https:\\\/\\\/www.cec.org\\\/fr\\\/nouvelles\\\/premiere-cohorte-pgle-de-la-cce\\\/#primaryimage\"},\"image\":{\"@id\":\"https:\\\/\\\/www.cec.org\\\/fr\\\/nouvelles\\\/premiere-cohorte-pgle-de-la-cce\\\/#primaryimage\"},\"thumbnailUrl\":\"https:\\\/\\\/www.cec.org\\\/wp-content\\\/uploads\\\/GELp-Meet_-FR.webp\",\"datePublished\":\"2024-06-20T17:15:23+00:00\",\"dateModified\":\"2025-06-23T18:44:51+00:00\",\"description\":\"La CCE est fi\u00e8re d\u2019annoncer la premi\u00e8re cohorte du nouveau programme G\u00e9n\u00e9ration de leaders de l\u2019environnement (PGLE).\",\"breadcrumb\":{\"@id\":\"https:\\\/\\\/www.cec.org\\\/fr\\\/nouvelles\\\/premiere-cohorte-pgle-de-la-cce\\\/#breadcrumb\"},\"inLanguage\":\"fr-FR\",\"potentialAction\":[{\"@type\":\"ReadAction\",\"target\":[\"https:\\\/\\\/www.cec.org\\\/fr\\\/nouvelles\\\/premiere-cohorte-pgle-de-la-cce\\\/\"]}]},{\"@type\":\"ImageObject\",\"inLanguage\":\"fr-FR\",\"@id\":\"https:\\\/\\\/www.cec.org\\\/fr\\\/nouvelles\\\/premiere-cohorte-pgle-de-la-cce\\\/#primaryimage\",\"url\":\"https:\\\/\\\/www.cec.org\\\/wp-content\\\/uploads\\\/GELp-Meet_-FR.webp\",\"contentUrl\":\"https:\\\/\\\/www.cec.org\\\/wp-content\\\/uploads\\\/GELp-Meet_-FR.webp\",\"width\":1200,\"height\":684,\"caption\":\"PGLE 2024\"},{\"@type\":\"BreadcrumbList\",\"@id\":\"https:\\\/\\\/www.cec.org\\\/fr\\\/nouvelles\\\/premiere-cohorte-pgle-de-la-cce\\\/#breadcrumb\",\"itemListElement\":[{\"@type\":\"ListItem\",\"position\":1,\"name\":\"Accueil\",\"item\":\"https:\\\/\\\/www.cec.org\\\/fr\\\/\"},{\"@type\":\"ListItem\",\"position\":2,\"name\":\"Nouvelles\",\"item\":\"https:\\\/\\\/www.cec.org\\\/fr\\\/nouvelles\\\/\"},{\"@type\":\"ListItem\",\"position\":3,\"name\":\"Annonce de la premi\u00e8re cohorte du programme G\u00e9n\u00e9ration de leaders de l\u2019environnement de la CCE\"}]},{\"@type\":\"WebSite\",\"@id\":\"https:\\\/\\\/www.cec.org\\\/fr\\\/#website\",\"url\":\"https:\\\/\\\/www.cec.org\\\/fr\\\/\",\"name\":\"Commission for Environmental Cooperation\",\"description\":\"Three countries working together to protect our shared environment\",\"alternateName\":\"CEC - CCA -CCE\",\"potentialAction\":[{\"@type\":\"SearchAction\",\"target\":{\"@type\":\"EntryPoint\",\"urlTemplate\":\"https:\\\/\\\/www.cec.org\\\/fr\\\/?s={search_term_string}\"},\"query-input\":{\"@type\":\"PropertyValueSpecification\",\"valueRequired\":true,\"valueName\":\"search_term_string\"}}],\"inLanguage\":\"fr-FR\"}]}<\/script>\n<!-- \/ Yoast SEO Premium plugin. -->","yoast_head_json":{"title":"Annonce de la premi\u00e8re cohorte du programme G\u00e9n\u00e9ration de leaders de l\u2019environnement de la CCE","description":"La CCE est fi\u00e8re d\u2019annoncer la premi\u00e8re cohorte du nouveau programme G\u00e9n\u00e9ration de leaders de l\u2019environnement (PGLE).","robots":{"index":"index","follow":"follow","max-snippet":"max-snippet:-1","max-image-preview":"max-image-preview:large","max-video-preview":"max-video-preview:-1"},"canonical":"https:\/\/www.cec.org\/fr\/nouvelles\/premiere-cohorte-pgle-de-la-cce\/","og_locale":"fr_FR","og_type":"article","og_title":"Annonce de la premi\u00e8re cohorte du programme G\u00e9n\u00e9ration de leaders de l\u2019environnement de la CCE","og_description":"Tiohti\u00e0:ke (Montr\u00e9al), le 20 juin 2024 \u2014\u00a0La\u00a0Commission de coop\u00e9ration environnementale\u00a0(CCE) est fi\u00e8re d\u2019annoncer la premi\u00e8re cohorte du nouveau programme","og_url":"https:\/\/www.cec.org\/fr\/nouvelles\/premiere-cohorte-pgle-de-la-cce\/","og_site_name":"Commission de coop\u00e9ration environnementale","article_publisher":"https:\/\/www.facebook.com\/CECconnect","article_modified_time":"2025-06-23T18:44:51+00:00","og_image":[{"width":1200,"height":684,"url":"https:\/\/www.cec.org\/wp-content\/uploads\/GELp-Meet_-FR.webp","type":"image\/webp"}],"twitter_card":"summary_large_image","twitter_site":"@CECweb","schema":{"@context":"https:\/\/schema.org","@graph":[{"@type":"WebPage","@id":"https:\/\/www.cec.org\/fr\/nouvelles\/premiere-cohorte-pgle-de-la-cce\/","url":"https:\/\/www.cec.org\/fr\/nouvelles\/premiere-cohorte-pgle-de-la-cce\/","name":"Annonce de la premi\u00e8re cohorte du programme G\u00e9n\u00e9ration de leaders de l\u2019environnement de la CCE","isPartOf":{"@id":"https:\/\/www.cec.org\/fr\/#website"},"primaryImageOfPage":{"@id":"https:\/\/www.cec.org\/fr\/nouvelles\/premiere-cohorte-pgle-de-la-cce\/#primaryimage"},"image":{"@id":"https:\/\/www.cec.org\/fr\/nouvelles\/premiere-cohorte-pgle-de-la-cce\/#primaryimage"},"thumbnailUrl":"https:\/\/www.cec.org\/wp-content\/uploads\/GELp-Meet_-FR.webp","datePublished":"2024-06-20T17:15:23+00:00","dateModified":"2025-06-23T18:44:51+00:00","description":"La CCE est fi\u00e8re d\u2019annoncer la premi\u00e8re cohorte du nouveau programme G\u00e9n\u00e9ration de leaders de l\u2019environnement (PGLE).","breadcrumb":{"@id":"https:\/\/www.cec.org\/fr\/nouvelles\/premiere-cohorte-pgle-de-la-cce\/#breadcrumb"},"inLanguage":"fr-FR","potentialAction":[{"@type":"ReadAction","target":["https:\/\/www.cec.org\/fr\/nouvelles\/premiere-cohorte-pgle-de-la-cce\/"]}]},{"@type":"ImageObject","inLanguage":"fr-FR","@id":"https:\/\/www.cec.org\/fr\/nouvelles\/premiere-cohorte-pgle-de-la-cce\/#primaryimage","url":"https:\/\/www.cec.org\/wp-content\/uploads\/GELp-Meet_-FR.webp","contentUrl":"https:\/\/www.cec.org\/wp-content\/uploads\/GELp-Meet_-FR.webp","width":1200,"height":684,"caption":"PGLE 2024"},{"@type":"BreadcrumbList","@id":"https:\/\/www.cec.org\/fr\/nouvelles\/premiere-cohorte-pgle-de-la-cce\/#breadcrumb","itemListElement":[{"@type":"ListItem","position":1,"name":"Accueil","item":"https:\/\/www.cec.org\/fr\/"},{"@type":"ListItem","position":2,"name":"Nouvelles","item":"https:\/\/www.cec.org\/fr\/nouvelles\/"},{"@type":"ListItem","position":3,"name":"Annonce de la premi\u00e8re cohorte du programme G\u00e9n\u00e9ration de leaders de l\u2019environnement de la CCE"}]},{"@type":"WebSite","@id":"https:\/\/www.cec.org\/fr\/#website","url":"https:\/\/www.cec.org\/fr\/","name":"Commission for Environmental Cooperation","description":"Three countries working together to protect our shared environment","alternateName":"CEC - CCA -CCE","potentialAction":[{"@type":"SearchAction","target":{"@type":"EntryPoint","urlTemplate":"https:\/\/www.cec.org\/fr\/?s={search_term_string}"},"query-input":{"@type":"PropertyValueSpecification","valueRequired":true,"valueName":"search_term_string"}}],"inLanguage":"fr-FR"}]}},"_links":{"self":[{"href":"https:\/\/www.cec.org\/fr\/wp-json\/wp\/v2\/news\/55848","targetHints":{"allow":["GET"]}}],"collection":[{"href":"https:\/\/www.cec.org\/fr\/wp-json\/wp\/v2\/news"}],"about":[{"href":"https:\/\/www.cec.org\/fr\/wp-json\/wp\/v2\/types\/news"}],"wp:featuredmedia":[{"embeddable":true,"href":"https:\/\/www.cec.org\/fr\/wp-json\/wp\/v2\/media\/55749"}],"wp:attachment":[{"href":"https:\/\/www.cec.org\/fr\/wp-json\/wp\/v2\/media?parent=55848"}],"curies":[{"name":"wp","href":"https:\/\/api.w.org\/{rel}","templated":true}]}}