{"id":55815,"date":"2024-06-18T15:57:34","date_gmt":"2024-06-18T19:57:34","guid":{"rendered":"http:\/\/www.cec.org\/newsletter\/semaine-des-pollinisateurs-2024\/"},"modified":"2024-07-11T15:03:01","modified_gmt":"2024-07-11T19:03:01","slug":"semaine-des-pollinisateurs-2024","status":"publish","type":"news","link":"https:\/\/www.cec.org\/fr\/nouvelles\/semaine-des-pollinisateurs-2024\/","title":{"rendered":"C\u00e9l\u00e9bration de la Semaine des pollinisateurs 2024 : un bourdonnement d\u2019activit\u00e9s!"},"content":{"rendered":"<p>D\u00e9couvrez dans ce bulletin les derni\u00e8res nouvelles sur notre projet de conservation des pollinisateurs\u00a0<a href=\"https:\/\/www.cec.org\/fr\/promotion-de-la-conservation-des-pollinisateurs-en-amerique-du-nord\/\">Promotion de la conservation des pollinisateurs en Am\u00e9rique du Nord<\/a>. Nous sommes en pleine\u00a0<a href=\"https:\/\/www.pollinator.org\/pollinator-week\">Semaine des pollinisateurs\u00a02024<\/a>\u00a0(du 17 au 23\u00a0juin) et nous voulons vous informer de nos r\u00e9alisations r\u00e9centes.<\/p>\n<p><strong>1. Campagne \u00ab\u00a0Pour les pollinisateurs\u00a0\u00bb\u00a0: joignez-vous au mouvement!<\/strong><br \/>\nNous sommes ravis d\u2019annoncer le succ\u00e8s de notre r\u00e9cente campagne\u00a0<a href=\"https:\/\/www.cec.org\/fr\/pour-les-pollinisateurs\/\">Pour les pollinisateurs<\/a>\u00a0sur les m\u00e9dias sociaux. Ensemble, nous avons diffus\u00e9 de l\u2019information et sensibilis\u00e9 plus de 8\u00a0millions de personnes \u00e0 la conservation des pollinisateurs dans toute l\u2019Am\u00e9rique du Nord.<\/p>\n<p>Il est toujours temps de vous joindre au mouvement! Cliquez\u00a0<a href=\"https:\/\/www.cec.org\/fr\/pour-les-pollinisateurs\/nine-steps\/\" target=\"_self\" rel=\"noopener\">ici<\/a>\u00a0pour visiter notre site Web et d\u00e9couvrir neuf fa\u00e7ons simples et faciles d'aider les pollinisateurs, dont des conseils et ressources pour votre jardin! N\u2019oubliez pas de consulter notre\u00a0<a href=\"http:\/\/www.cec.org\/wp-content\/uploads\/Pour-les-pollinisateurs-Boite-a-outils-pour-les-medias-sociaux.pdf\">bo\u00eete \u00e0 outils pour les m\u00e9dias sociaux<\/a>, qui contient des ressources t\u00e9l\u00e9chargeables et du contenu que vous pourrez diffuser.<\/p>\n<p><img loading=\"lazy\" decoding=\"async\" class=\"aligncenter wp-image-55096 size-full\" src=\"http:\/\/www.cec.org\/wp-content\/uploads\/Digi-Postcard-FR.webp\" alt=\"Pollinisateurs\" width=\"1400\" height=\"1000\" srcset=\"https:\/\/www.cec.org\/wp-content\/uploads\/Digi-Postcard-FR.webp 1400w, https:\/\/www.cec.org\/wp-content\/uploads\/Digi-Postcard-FR-483x345.webp 483w, https:\/\/www.cec.org\/wp-content\/uploads\/Digi-Postcard-FR-1120x800.webp 1120w, https:\/\/www.cec.org\/wp-content\/uploads\/Digi-Postcard-FR-768x549.webp 768w, https:\/\/www.cec.org\/wp-content\/uploads\/Digi-Postcard-FR-770x550.webp 770w\" sizes=\"auto, (max-width: 1400px) 100vw, 1400px\" \/><\/p>\n<p><strong>2. Mise \u00e0<\/strong><strong>\u00a0jour sur le projet \u00ab\u00a0Promotion de la conservation des pollinisateurs en Am\u00e9rique du Nord\u00a0\u00bb<\/strong><br \/>\nNous avons travaill\u00e9 fort comme des abeilles pour faire progresser la conservation des pollinisateurs! De 2022 \u00e0 2024, nous avons organis\u00e9 des r\u00e9unions virtuelles et en personne avec des sp\u00e9cialistes pour approfondir des sujets cruciaux, comme l\u2019inventaire et le suivi\u00a0des abeilles indig\u00e8nes d'Am\u00e9rique du Nord. Les discussions ont abord\u00e9 les programmes, les pratiques et les consid\u00e9rations pour les praticien\u00b7nes, ainsi que les outils g\u00e9ospatiaux et recommandations strat\u00e9giques ou encore le recensement des zones prioritaires. Ne ratez pas les publications \u00e0 venir qui pr\u00e9senteront les id\u00e9es et recommandations issues de ces discussions!<\/p>\n<p><strong>3. L\u2019outil des abeilles pour l'Am\u00e9rique du Nord\u00a0: d\u00e9couvrez les abeilles de votre r\u00e9gion<\/strong><br \/>\nBonne nouvelle! Nous avons r\u00e9alis\u00e9 de grands progr\u00e8s par rapport \u00e0 l\u2019outil des abeilles pour l'Am\u00e9rique du Nord.\u00a0Convivial et particuli\u00e8rement utile pour les scientifiques et les praticien\u00b7nes de la conservation, il est con\u00e7u pour vous aider \u00e0 explorer le monde vari\u00e9 des abeilles dans votre r\u00e9gion. Vous \u00eates curieux de savoir quelles abeilles butinent dans votre jardin? Cliquez\u00a0<a href=\"https:\/\/thebeetool.com\/\" target=\"_new\" rel=\"noopener\">ici<\/a>\u00a0pour essayer l\u2019outil et d\u00e9couvrir le monde fascinant des abeilles en Am\u00e9rique du Nord.<\/p>\n<p><strong>4. \u00c9tat des connaissances sur la conservation des pollinisateurs en Am\u00e9rique du Nord<\/strong><br \/>\nEnfin, nous sommes fiers d\u2019annoncer la publication du rapport\u00a0<em>\u00c9tat des connaissances sur la conservation des pollinisateurs en Am\u00e9rique du Nord\u00a0: priorit\u00e9s communes \u00e0 l\u2019\u00e9chelle du continent<\/em>. Plongez dans ce rapport complet en cliquant\u00a0<a href=\"https:\/\/www.cec.org\/fr\/publications\/conservation-des-pollinisateurs-en-amerique-du-nord\/\" target=\"_new\" rel=\"noopener\">ici<\/a>\u00a0pour d\u00e9couvrir les priorit\u00e9s communes et les id\u00e9es qui fa\u00e7onnent les efforts de conservation des pollinisateurs en Am\u00e9rique du Nord.<\/p>\n<p>Nous vous remercions de votre soutien continu et de votre engagement envers la conservation des pollinisateurs. Ensemble, nous agissons pour aider les pollinisateurs vitaux de notre plan\u00e8te. Bonne Semaine des pollinisateurs\u00a02024!<\/p>\n<p>Pour en savoir plus sur les activit\u00e9s et actions de la CCE ainsi que les occasions qu\u2019elle offre, abonnez-vous \u00e0 notre\u00a0<a href=\"https:\/\/www.cec.org\/fr\/inscrivez-vous\/\">bulletin<\/a>\u00a0ou suivez-nous sur les\u00a0<a href=\"https:\/\/linktr.ee\/CEC_Social\">m\u00e9dias sociaux<\/a>.<\/p>\n","protected":false},"excerpt":{"rendered":"<p>D\u00e9couvrez dans ce bulletin les derni\u00e8res nouvelles sur notre projet de conservation des pollinisateurs\u00a0Promotion de la conservation des pollinisateurs en Am\u00e9rique du Nord. Nous sommes en pleine\u00a0Semaine des pollinisateurs\u00a02024\u00a0(du 17 au 23\u00a0juin) et nous voulons vous informer de nos r\u00e9alisations r\u00e9centes. 1. Campagne \u00ab\u00a0Pour les pollinisateurs\u00a0\u00bb\u00a0: joignez-vous au mouvement! Nous sommes ravis d\u2019annoncer le succ\u00e8s [&hellip;]<\/p>\n","protected":false},"featured_media":55811,"template":"","class_list":["post-55815","news","type-news","status-publish","has-post-thumbnail","hentry","feed-ecosystemes"],"acf":[],"yoast_head":"<!-- This site is optimized with the Yoast SEO Premium plugin v27.4 (Yoast SEO v27.4) - https:\/\/yoast.com\/product\/yoast-seo-premium-wordpress\/ -->\n<title>Promotion de la conservation des pollinisateurs en Am\u00e9rique du Nord.<\/title>\n<meta name=\"description\" content=\"Campagne \u00ab Pour les pollinisateurs \u00bb : joignez-vous au mouvement! Nous sommes ravis d\u2019annoncer le succ\u00e8s de notre r\u00e9cente campagne Pour les pollinisateurs\" \/>\n<meta name=\"robots\" content=\"index, follow, max-snippet:-1, max-image-preview:large, max-video-preview:-1\" \/>\n<link rel=\"canonical\" href=\"https:\/\/www.cec.org\/fr\/nouvelles\/semaine-des-pollinisateurs-2024\/\" \/>\n<meta property=\"og:locale\" content=\"fr_FR\" \/>\n<meta property=\"og:type\" content=\"article\" \/>\n<meta property=\"og:title\" content=\"C\u00e9l\u00e9bration de la Semaine des pollinisateurs 2024 : un bourdonnement d\u2019activit\u00e9s!\" \/>\n<meta property=\"og:description\" content=\"D\u00e9couvrez dans ce bulletin les derni\u00e8res nouvelles sur notre projet de conservation des pollinisateurs\u00a0Promotion de la conservation des pollinisateurs en\" \/>\n<meta property=\"og:url\" content=\"https:\/\/www.cec.org\/fr\/nouvelles\/semaine-des-pollinisateurs-2024\/\" \/>\n<meta property=\"og:site_name\" content=\"Commission de coop\u00e9ration environnementale\" \/>\n<meta property=\"article:publisher\" content=\"https:\/\/www.facebook.com\/CECconnect\" \/>\n<meta property=\"article:modified_time\" content=\"2024-07-11T19:03:01+00:00\" \/>\n<meta property=\"og:image\" content=\"https:\/\/www.cec.org\/wp-content\/uploads\/pollinators-en.webp\" \/>\n\t<meta property=\"og:image:width\" content=\"1200\" \/>\n\t<meta property=\"og:image:height\" content=\"684\" \/>\n\t<meta property=\"og:image:type\" content=\"image\/webp\" \/>\n<meta name=\"twitter:card\" content=\"summary_large_image\" \/>\n<meta name=\"twitter:site\" content=\"@CECweb\" \/>\n<script type=\"application\/ld+json\" class=\"yoast-schema-graph\">{\"@context\":\"https:\\\/\\\/schema.org\",\"@graph\":[{\"@type\":\"WebPage\",\"@id\":\"https:\\\/\\\/www.cec.org\\\/fr\\\/nouvelles\\\/semaine-des-pollinisateurs-2024\\\/\",\"url\":\"https:\\\/\\\/www.cec.org\\\/fr\\\/nouvelles\\\/semaine-des-pollinisateurs-2024\\\/\",\"name\":\"Promotion de la conservation des pollinisateurs en Am\u00e9rique du Nord.\",\"isPartOf\":{\"@id\":\"https:\\\/\\\/www.cec.org\\\/fr\\\/#website\"},\"primaryImageOfPage\":{\"@id\":\"https:\\\/\\\/www.cec.org\\\/fr\\\/nouvelles\\\/semaine-des-pollinisateurs-2024\\\/#primaryimage\"},\"image\":{\"@id\":\"https:\\\/\\\/www.cec.org\\\/fr\\\/nouvelles\\\/semaine-des-pollinisateurs-2024\\\/#primaryimage\"},\"thumbnailUrl\":\"https:\\\/\\\/www.cec.org\\\/wp-content\\\/uploads\\\/pollinators-en.webp\",\"datePublished\":\"2024-06-18T19:57:34+00:00\",\"dateModified\":\"2024-07-11T19:03:01+00:00\",\"description\":\"Campagne \u00ab Pour les pollinisateurs \u00bb : joignez-vous au mouvement! Nous sommes ravis d\u2019annoncer le succ\u00e8s de notre r\u00e9cente campagne Pour les pollinisateurs\",\"breadcrumb\":{\"@id\":\"https:\\\/\\\/www.cec.org\\\/fr\\\/nouvelles\\\/semaine-des-pollinisateurs-2024\\\/#breadcrumb\"},\"inLanguage\":\"fr-FR\",\"potentialAction\":[{\"@type\":\"ReadAction\",\"target\":[\"https:\\\/\\\/www.cec.org\\\/fr\\\/nouvelles\\\/semaine-des-pollinisateurs-2024\\\/\"]}]},{\"@type\":\"ImageObject\",\"inLanguage\":\"fr-FR\",\"@id\":\"https:\\\/\\\/www.cec.org\\\/fr\\\/nouvelles\\\/semaine-des-pollinisateurs-2024\\\/#primaryimage\",\"url\":\"https:\\\/\\\/www.cec.org\\\/wp-content\\\/uploads\\\/pollinators-en.webp\",\"contentUrl\":\"https:\\\/\\\/www.cec.org\\\/wp-content\\\/uploads\\\/pollinators-en.webp\",\"width\":1200,\"height\":684,\"caption\":\"Pollinator Week 2024\"},{\"@type\":\"BreadcrumbList\",\"@id\":\"https:\\\/\\\/www.cec.org\\\/fr\\\/nouvelles\\\/semaine-des-pollinisateurs-2024\\\/#breadcrumb\",\"itemListElement\":[{\"@type\":\"ListItem\",\"position\":1,\"name\":\"Accueil\",\"item\":\"https:\\\/\\\/www.cec.org\\\/fr\\\/\"},{\"@type\":\"ListItem\",\"position\":2,\"name\":\"Nouvelles\",\"item\":\"https:\\\/\\\/www.cec.org\\\/fr\\\/nouvelles\\\/\"},{\"@type\":\"ListItem\",\"position\":3,\"name\":\"C\u00e9l\u00e9bration de la Semaine des pollinisateurs 2024 : un bourdonnement d\u2019activit\u00e9s!\"}]},{\"@type\":\"WebSite\",\"@id\":\"https:\\\/\\\/www.cec.org\\\/fr\\\/#website\",\"url\":\"https:\\\/\\\/www.cec.org\\\/fr\\\/\",\"name\":\"Commission for Environmental Cooperation\",\"description\":\"Three countries working together to protect our shared environment\",\"alternateName\":\"CEC - CCA -CCE\",\"potentialAction\":[{\"@type\":\"SearchAction\",\"target\":{\"@type\":\"EntryPoint\",\"urlTemplate\":\"https:\\\/\\\/www.cec.org\\\/fr\\\/?s={search_term_string}\"},\"query-input\":{\"@type\":\"PropertyValueSpecification\",\"valueRequired\":true,\"valueName\":\"search_term_string\"}}],\"inLanguage\":\"fr-FR\"}]}<\/script>\n<!-- \/ Yoast SEO Premium plugin. -->","yoast_head_json":{"title":"Promotion de la conservation des pollinisateurs en Am\u00e9rique du Nord.","description":"Campagne \u00ab Pour les pollinisateurs \u00bb : joignez-vous au mouvement! Nous sommes ravis d\u2019annoncer le succ\u00e8s de notre r\u00e9cente campagne Pour les pollinisateurs","robots":{"index":"index","follow":"follow","max-snippet":"max-snippet:-1","max-image-preview":"max-image-preview:large","max-video-preview":"max-video-preview:-1"},"canonical":"https:\/\/www.cec.org\/fr\/nouvelles\/semaine-des-pollinisateurs-2024\/","og_locale":"fr_FR","og_type":"article","og_title":"C\u00e9l\u00e9bration de la Semaine des pollinisateurs 2024 : un bourdonnement d\u2019activit\u00e9s!","og_description":"D\u00e9couvrez dans ce bulletin les derni\u00e8res nouvelles sur notre projet de conservation des pollinisateurs\u00a0Promotion de la conservation des pollinisateurs en","og_url":"https:\/\/www.cec.org\/fr\/nouvelles\/semaine-des-pollinisateurs-2024\/","og_site_name":"Commission de coop\u00e9ration environnementale","article_publisher":"https:\/\/www.facebook.com\/CECconnect","article_modified_time":"2024-07-11T19:03:01+00:00","og_image":[{"width":1200,"height":684,"url":"https:\/\/www.cec.org\/wp-content\/uploads\/pollinators-en.webp","type":"image\/webp"}],"twitter_card":"summary_large_image","twitter_site":"@CECweb","schema":{"@context":"https:\/\/schema.org","@graph":[{"@type":"WebPage","@id":"https:\/\/www.cec.org\/fr\/nouvelles\/semaine-des-pollinisateurs-2024\/","url":"https:\/\/www.cec.org\/fr\/nouvelles\/semaine-des-pollinisateurs-2024\/","name":"Promotion de la conservation des pollinisateurs en Am\u00e9rique du Nord.","isPartOf":{"@id":"https:\/\/www.cec.org\/fr\/#website"},"primaryImageOfPage":{"@id":"https:\/\/www.cec.org\/fr\/nouvelles\/semaine-des-pollinisateurs-2024\/#primaryimage"},"image":{"@id":"https:\/\/www.cec.org\/fr\/nouvelles\/semaine-des-pollinisateurs-2024\/#primaryimage"},"thumbnailUrl":"https:\/\/www.cec.org\/wp-content\/uploads\/pollinators-en.webp","datePublished":"2024-06-18T19:57:34+00:00","dateModified":"2024-07-11T19:03:01+00:00","description":"Campagne \u00ab Pour les pollinisateurs \u00bb : joignez-vous au mouvement! Nous sommes ravis d\u2019annoncer le succ\u00e8s de notre r\u00e9cente campagne Pour les pollinisateurs","breadcrumb":{"@id":"https:\/\/www.cec.org\/fr\/nouvelles\/semaine-des-pollinisateurs-2024\/#breadcrumb"},"inLanguage":"fr-FR","potentialAction":[{"@type":"ReadAction","target":["https:\/\/www.cec.org\/fr\/nouvelles\/semaine-des-pollinisateurs-2024\/"]}]},{"@type":"ImageObject","inLanguage":"fr-FR","@id":"https:\/\/www.cec.org\/fr\/nouvelles\/semaine-des-pollinisateurs-2024\/#primaryimage","url":"https:\/\/www.cec.org\/wp-content\/uploads\/pollinators-en.webp","contentUrl":"https:\/\/www.cec.org\/wp-content\/uploads\/pollinators-en.webp","width":1200,"height":684,"caption":"Pollinator Week 2024"},{"@type":"BreadcrumbList","@id":"https:\/\/www.cec.org\/fr\/nouvelles\/semaine-des-pollinisateurs-2024\/#breadcrumb","itemListElement":[{"@type":"ListItem","position":1,"name":"Accueil","item":"https:\/\/www.cec.org\/fr\/"},{"@type":"ListItem","position":2,"name":"Nouvelles","item":"https:\/\/www.cec.org\/fr\/nouvelles\/"},{"@type":"ListItem","position":3,"name":"C\u00e9l\u00e9bration de la Semaine des pollinisateurs 2024 : un bourdonnement d\u2019activit\u00e9s!"}]},{"@type":"WebSite","@id":"https:\/\/www.cec.org\/fr\/#website","url":"https:\/\/www.cec.org\/fr\/","name":"Commission for Environmental Cooperation","description":"Three countries working together to protect our shared environment","alternateName":"CEC - CCA -CCE","potentialAction":[{"@type":"SearchAction","target":{"@type":"EntryPoint","urlTemplate":"https:\/\/www.cec.org\/fr\/?s={search_term_string}"},"query-input":{"@type":"PropertyValueSpecification","valueRequired":true,"valueName":"search_term_string"}}],"inLanguage":"fr-FR"}]}},"_links":{"self":[{"href":"https:\/\/www.cec.org\/fr\/wp-json\/wp\/v2\/news\/55815","targetHints":{"allow":["GET"]}}],"collection":[{"href":"https:\/\/www.cec.org\/fr\/wp-json\/wp\/v2\/news"}],"about":[{"href":"https:\/\/www.cec.org\/fr\/wp-json\/wp\/v2\/types\/news"}],"wp:featuredmedia":[{"embeddable":true,"href":"https:\/\/www.cec.org\/fr\/wp-json\/wp\/v2\/media\/55811"}],"wp:attachment":[{"href":"https:\/\/www.cec.org\/fr\/wp-json\/wp\/v2\/media?parent=55815"}],"curies":[{"name":"wp","href":"https:\/\/api.w.org\/{rel}","templated":true}]}}