{"id":54377,"date":"2024-02-13T16:06:12","date_gmt":"2024-02-13T21:06:12","guid":{"rendered":"http:\/\/www.cec.org\/media\/media-releases\/pgleprogramme-generation-de-leaders-de-lenvironnement\/"},"modified":"2025-05-08T19:38:28","modified_gmt":"2025-05-08T23:38:28","slug":"pgle-programme-generation-de-leaders-de-lenvironnement","status":"publish","type":"news","link":"https:\/\/www.cec.org\/fr\/nouvelles\/pgle-programme-generation-de-leaders-de-lenvironnement\/","title":{"rendered":"Lancement du nouveau programme G\u00e9n\u00e9ration de leaders de l\u2019environnement pour les jeunes de l\u2019Am\u00e9rique du Nord"},"content":{"rendered":"<p><strong>Tiohti\u00e0:ke (Montr\u00e9al), 13 f\u00e9vrier 2024 \u2014\u00a0<\/strong>Appel aux jeunes du Canada, du Mexique et des \u00c9tats\u2011Unis! Aspirez-vous \u00e0 agir d\u00e8s maintenant pour soutenir les collectivit\u00e9s nord-am\u00e9ricaines et pr\u00e9server les eaux, les terres et l\u2019air que nous partageons?<\/p>\n<p>La\u00a0Commission de coop\u00e9ration environnementale\u00a0(CCE) est fi\u00e8re d\u2019annoncer le lancement du nouveau programme G\u00e9n\u00e9ration de leaders de l\u2019environnement (PGLE). Ce programme mobilisateur aidera les jeunes leaders \u00e0 acqu\u00e9rir des comp\u00e9tences essentielles et leur permettra d\u2019acc\u00e9der \u00e0 des fonds de d\u00e9marrage pour vraiment laisser leur marque dans leur collectivit\u00e9 et au-del\u00e0.<\/p>\n<p>Les personnes dont les solutions seront retenues b\u00e9n\u00e9ficieront d\u2019un programme de mentorat d\u2019un\u00a0an et d\u2019occasions de r\u00e9seautage partout en Am\u00e9rique du Nord. Elles recevront 15\u00a0000\u00a0$\u00a0CA en fonds de d\u00e9marrage et pourront pr\u00e9senter leur solution aux responsables de\u00a0plus haut niveau en mati\u00e8re d\u2019environnement en Am\u00e9rique du Nord dans le cadre de la session annuelle du\u00a0<a href=\"https:\/\/www.cec.org\/fr\/qui-sommes-nous\/le-conseil\/\" target=\"_blank\" rel=\"noopener\">Conseil<\/a>\u00a0de la CCE.<\/p>\n<p><strong>Il faut agir maintenant.<\/strong><\/p>\n<p>\u00ab\u00a0Gr\u00e2ce au programme G\u00e9n\u00e9ration de leaders de l\u2019environnement de la CCE, nous offrons aux jeunes leaders de l\u2019environnement de se joindre \u00e0 la famille de la CCE, a d\u00e9clar\u00e9 le directeur ex\u00e9cutif de la CCE, Jorge\u00a0Daniel\u00a0Taillant. Le PGLE fournit aux jeunes des comp\u00e9tences essentielles et de vraies occasions de s\u2019engager aupr\u00e8s de la CCE et de s\u2019attaquer aux d\u00e9fis environnementaux les plus urgents \u00e0 l\u2019\u00e9chelle du continent, tels que les changements climatiques, la r\u00e9duction de la pollution, la perte de biodiversit\u00e9 et l\u2019\u00e9quit\u00e9 environnementale.\u00a0\u00bb<\/p>\n<p>Le PGLE invite des \u00e9quipes de jeunes leaders en Am\u00e9rique du Nord \u00e0 soutenir les collectivit\u00e9s et \u00e0 pr\u00e9server les eaux, les terres et l\u2019air que nous partageons. Ce programme s\u2019adresse aux jeunes de 18\u00a0\u00e0 35\u00a0ans qui peuvent d\u00e9montrer leur capacit\u00e9 \u00e0 travailler en \u00e9quipe en faisant, par exemple,\u00a0partie d\u2019une organisation dirig\u00e9e par des jeunes, d\u2019une \u00e9quipe de jeunes personnes engag\u00e9es et innovatrices, d\u2019une ONG,\u00a0d\u2019un organisme \u00e0 but non lucratif dirig\u00e9 par des jeunes, ou encore, des personnes entrepreneures souhaitant cr\u00e9er leur entreprise.<\/p>\n<p>En plus de renforcer les capacit\u00e9s des jeunes, ce nouveau programme de la CCE acc\u00e9l\u00e9rera le d\u00e9veloppement du leadership jeunesse en \u00e9largissant les r\u00e9seaux de jeunes agissant pour l\u2019environnement et fournira des fonds de d\u00e9marrage qui permettront le d\u00e9ploiement de solutions cr\u00e9atives, particuli\u00e8rement \u00e0 l\u2019\u00e9chelle locale. Dans le cadre du programme de mentorat d\u2019un\u00a0an, ces jeunes leaders participeront \u00e0 des s\u00e9ances d\u2019\u00e9change de connaissances avec des sp\u00e9cialistes pour promouvoir leur solution et ainsi enrichir une communaut\u00e9 nord-am\u00e9ricaine du savoir. Ce programme soutiendra des activit\u00e9s efficaces, durables et ax\u00e9es sur les collectivit\u00e9s et \u00e9tablira un solide r\u00e9seau de jeunes \u00e0 l\u2019\u00e9chelle de l\u2019Am\u00e9rique du Nord.<\/p>\n<p>Le PGLE offrira \u00e9galement aux personnes participantes de vastes possibilit\u00e9s de r\u00e9seautage. Les solutions retenues seront pr\u00e9sent\u00e9es au public, et les jeunes leaders pourront collaborer avec le\u00a0<a href=\"https:\/\/www.cec.org\/fr\/qui-sommes-nous\/comite-consultatif-public-mixte\/\">Comit\u00e9 consultatif public mixte<\/a>\u00a0et le\u00a0<a href=\"https:\/\/www.cec.org\/fr\/qui-sommes-nous\/groupe-de-specialistes-sur-les-connaissances-ecologiques-traditionnelles\/\">Groupe de sp\u00e9cialistes des connaissances \u00e9cologiques traditionnelles<\/a>\u00a0de la CCE, ainsi qu\u2019avec des personnes repr\u00e9sentant les gouvernements nord-am\u00e9ricains et des sp\u00e9cialistes, \u00e0 l\u2019occasion de la session du Conseil de la CCE, une plateforme id\u00e9ale pour pr\u00e9senter les id\u00e9es efficaces \u00e0 l'\u00e9chelle minist\u00e9rielle.<\/p>\n<p>Dans le cadre du programme de mentorat, les jeunes leaders recevront des conseils de sp\u00e9cialistes pour les aider \u00e0 faire progresser leur solution, ainsi que des directives portant sur divers \u00e9l\u00e9ments de leur projet (par exemple, la fa\u00e7on de pr\u00e9senter leur solution), et sur divers sujets relatifs \u00e0 l\u2019\u00e9laboration et \u00e0 la gestion d\u2019un projet, dont la gestion des risques, l\u2019\u00e9tablissement d\u2019un budget, la diffusion et la collecte de fonds.<\/p>\n<p>Les personnes candidates devront d\u00e9montrer en quoi leur solution permettrait de participer \u00e0 la r\u00e9solution de probl\u00e8mes critiques dans leur collectivit\u00e9 et \u00e0 la pr\u00e9servation des eaux, des terres et de l\u2019air que nous partageons en Am\u00e9rique du Nord. Les propositions doivent \u00eatre des solutions pratiques, efficaces, r\u00e9alistes et durables qui visent \u00e0 r\u00e9soudre un probl\u00e8me environnemental clairement d\u00e9fini. Elles doivent aussi \u00eatre adapt\u00e9es au contexte et tenir compte des caract\u00e9ristiques particuli\u00e8res de la collectivit\u00e9 ou de la r\u00e9gion cibl\u00e9e par le projet.<\/p>\n<p>Les crit\u00e8res d\u2019admissibilit\u00e9 et d\u2019\u00e9valuation favoriseront les solutions ax\u00e9es sur un objectif clair et qui auront d\u2019importantes r\u00e9percussions sur les collectivit\u00e9s locales et leur environnement\u00a0:<\/p>\n<ul>\n<li>Port\u00e9e et participation communautaire (40\u00a0%)<\/li>\n<li>Faisabilit\u00e9 (25\u00a0%)<\/li>\n<li>Harmonisation avec les priorit\u00e9s strat\u00e9giques de la CCE et le th\u00e8me du programme (15\u00a0%)<\/li>\n<li>D\u00e9termination des probl\u00e8mes et des enjeux (10\u00a0%)<\/li>\n<li>Innovation (10\u00a0%)<\/li>\n<\/ul>\n<p>On accordera la priorit\u00e9 aux solutions \u00e9labor\u00e9es en collaboration avec les collectivit\u00e9s, notamment celles dont les membres ne peuvent habituellement pas participer \u00e0 la prise de d\u00e9cisions.<\/p>\n<p><strong>Date limite de pr\u00e9sentation\u00a0<\/strong>: les solutions propos\u00e9es devront \u00eatre t\u00e9l\u00e9vers\u00e9es sur Foundant avant le 31\u00a0mars\u00a02024 \u00e0 23\u00a0h\u00a059, heure locale<strong>.<\/strong><\/p>\n<p>Cliquez\u00a0<a href=\"http:\/\/www.cec.org\/pgle\" target=\"_blank\" rel=\"noopener\">ici<\/a>\u00a0pour tout savoir sur le programme, les lignes directrices et crit\u00e8res de pr\u00e9sentation, et pour pr\u00e9senter une solution.<\/p>\n<p>Pour de plus amples renseignements sur le programme G\u00e9n\u00e9ration de leaders de l\u2019environnement et le processus de pr\u00e9sentation d\u2019une solution,\u00a0<a href=\"https:\/\/www.cec.org\/fr\/activites\/seance-dinformation-pgle\/\" target=\"_blank\" rel=\"noopener\">participez<\/a>\u00a0\u00e0 la s\u00e9ance d\u2019information virtuelle, le 29\u00a0f\u00e9vrier prochain, de 13\u00a0h \u00e0 14\u00a0h, heure de l\u2019Est. Des services d\u2019interpr\u00e9tation simultan\u00e9e en fran\u00e7ais, en anglais et en espagnol seront offerts.<\/p>\n","protected":false},"excerpt":{"rendered":"<p>Tiohti\u00e0:ke (Montr\u00e9al), 13 f\u00e9vrier 2024 \u2014\u00a0Appel aux jeunes du Canada, du Mexique et des \u00c9tats\u2011Unis! Aspirez-vous \u00e0 agir d\u00e8s maintenant pour soutenir les collectivit\u00e9s nord-am\u00e9ricaines et pr\u00e9server les eaux, les terres et l\u2019air que nous partageons? La\u00a0Commission de coop\u00e9ration environnementale\u00a0(CCE) est fi\u00e8re d\u2019annoncer le lancement du nouveau programme G\u00e9n\u00e9ration de leaders de l\u2019environnement (PGLE). Ce [&hellip;]<\/p>\n","protected":false},"featured_media":54306,"template":"","class_list":["post-54377","news","type-news","status-publish","has-post-thumbnail","hentry","feed-engagement-jeunesse"],"acf":[],"yoast_head":"<!-- This site is optimized with the Yoast SEO Premium plugin v27.4 (Yoast SEO v27.4) - https:\/\/yoast.com\/product\/yoast-seo-premium-wordpress\/ -->\n<title>pgle : Lancement du nouveau programme G\u00e9n\u00e9ration de leaders de l\u2019environnement<\/title>\n<meta name=\"description\" content=\"Les personnes dont les solutions seront retenues b\u00e9n\u00e9ficieront d\u2019un programme de mentorat d\u2019un an et d\u2019occasions de r\u00e9seautage partout en Am\u00e9rique du Nord\" \/>\n<meta name=\"robots\" content=\"index, follow, max-snippet:-1, max-image-preview:large, max-video-preview:-1\" \/>\n<link rel=\"canonical\" href=\"https:\/\/www.cec.org\/fr\/nouvelles\/pgle-programme-generation-de-leaders-de-lenvironnement\/\" \/>\n<meta property=\"og:locale\" content=\"fr_FR\" \/>\n<meta property=\"og:type\" content=\"article\" \/>\n<meta property=\"og:title\" content=\"Lancement du nouveau programme G\u00e9n\u00e9ration de leaders de l\u2019environnement pour les jeunes de l\u2019Am\u00e9rique du Nord\" \/>\n<meta property=\"og:description\" content=\"Tiohti\u00e0:ke (Montr\u00e9al), 13 f\u00e9vrier 2024 \u2014\u00a0Appel aux jeunes du Canada, du Mexique et des \u00c9tats\u2011Unis! Aspirez-vous \u00e0 agir d\u00e8s maintenant pour soutenir les\" \/>\n<meta property=\"og:url\" content=\"https:\/\/www.cec.org\/fr\/nouvelles\/pgle-programme-generation-de-leaders-de-lenvironnement\/\" \/>\n<meta property=\"og:site_name\" content=\"Commission de coop\u00e9ration environnementale\" \/>\n<meta property=\"article:publisher\" content=\"https:\/\/www.facebook.com\/CECconnect\" \/>\n<meta property=\"article:modified_time\" content=\"2025-05-08T23:38:28+00:00\" \/>\n<meta property=\"og:image\" content=\"https:\/\/www.cec.org\/wp-content\/uploads\/GELp-main-fr.webp\" \/>\n\t<meta property=\"og:image:width\" content=\"1200\" \/>\n\t<meta property=\"og:image:height\" content=\"684\" \/>\n\t<meta property=\"og:image:type\" content=\"image\/webp\" \/>\n<meta name=\"twitter:card\" content=\"summary_large_image\" \/>\n<meta name=\"twitter:site\" content=\"@CECweb\" \/>\n<script type=\"application\/ld+json\" class=\"yoast-schema-graph\">{\"@context\":\"https:\\\/\\\/schema.org\",\"@graph\":[{\"@type\":\"WebPage\",\"@id\":\"https:\\\/\\\/www.cec.org\\\/fr\\\/nouvelles\\\/pgle-programme-generation-de-leaders-de-lenvironnement\\\/\",\"url\":\"https:\\\/\\\/www.cec.org\\\/fr\\\/nouvelles\\\/pgle-programme-generation-de-leaders-de-lenvironnement\\\/\",\"name\":\"pgle : Lancement du nouveau programme G\u00e9n\u00e9ration de leaders de l\u2019environnement\",\"isPartOf\":{\"@id\":\"https:\\\/\\\/www.cec.org\\\/fr\\\/#website\"},\"primaryImageOfPage\":{\"@id\":\"https:\\\/\\\/www.cec.org\\\/fr\\\/nouvelles\\\/pgle-programme-generation-de-leaders-de-lenvironnement\\\/#primaryimage\"},\"image\":{\"@id\":\"https:\\\/\\\/www.cec.org\\\/fr\\\/nouvelles\\\/pgle-programme-generation-de-leaders-de-lenvironnement\\\/#primaryimage\"},\"thumbnailUrl\":\"https:\\\/\\\/www.cec.org\\\/wp-content\\\/uploads\\\/GELp-main-fr.webp\",\"datePublished\":\"2024-02-13T21:06:12+00:00\",\"dateModified\":\"2025-05-08T23:38:28+00:00\",\"description\":\"Les personnes dont les solutions seront retenues b\u00e9n\u00e9ficieront d\u2019un programme de mentorat d\u2019un an et d\u2019occasions de r\u00e9seautage partout en Am\u00e9rique du Nord\",\"breadcrumb\":{\"@id\":\"https:\\\/\\\/www.cec.org\\\/fr\\\/nouvelles\\\/pgle-programme-generation-de-leaders-de-lenvironnement\\\/#breadcrumb\"},\"inLanguage\":\"fr-FR\",\"potentialAction\":[{\"@type\":\"ReadAction\",\"target\":[\"https:\\\/\\\/www.cec.org\\\/fr\\\/nouvelles\\\/pgle-programme-generation-de-leaders-de-lenvironnement\\\/\"]}]},{\"@type\":\"ImageObject\",\"inLanguage\":\"fr-FR\",\"@id\":\"https:\\\/\\\/www.cec.org\\\/fr\\\/nouvelles\\\/pgle-programme-generation-de-leaders-de-lenvironnement\\\/#primaryimage\",\"url\":\"https:\\\/\\\/www.cec.org\\\/wp-content\\\/uploads\\\/GELp-main-fr.webp\",\"contentUrl\":\"https:\\\/\\\/www.cec.org\\\/wp-content\\\/uploads\\\/GELp-main-fr.webp\",\"width\":1200,\"height\":684,\"caption\":\"Le Canada, le Mexique et les \u00c9tats-Unis lancent le nouveau programme G\u00e9n\u00e9ration de leaders de l\u2019environnement sous les auspices de la Commission de coop\u00e9ration environnementale pour acc\u00e9l\u00e9rer la mise en \u0153uvre de solutions environnementales propos\u00e9es par des jeunes.\"},{\"@type\":\"BreadcrumbList\",\"@id\":\"https:\\\/\\\/www.cec.org\\\/fr\\\/nouvelles\\\/pgle-programme-generation-de-leaders-de-lenvironnement\\\/#breadcrumb\",\"itemListElement\":[{\"@type\":\"ListItem\",\"position\":1,\"name\":\"Accueil\",\"item\":\"https:\\\/\\\/www.cec.org\\\/fr\\\/\"},{\"@type\":\"ListItem\",\"position\":2,\"name\":\"Nouvelles\",\"item\":\"https:\\\/\\\/www.cec.org\\\/fr\\\/nouvelles\\\/\"},{\"@type\":\"ListItem\",\"position\":3,\"name\":\"Lancement du nouveau programme G\u00e9n\u00e9ration de leaders de l\u2019environnement pour les jeunes de l\u2019Am\u00e9rique du Nord\"}]},{\"@type\":\"WebSite\",\"@id\":\"https:\\\/\\\/www.cec.org\\\/fr\\\/#website\",\"url\":\"https:\\\/\\\/www.cec.org\\\/fr\\\/\",\"name\":\"Commission for Environmental Cooperation\",\"description\":\"Three countries working together to protect our shared environment\",\"alternateName\":\"CEC - CCA -CCE\",\"potentialAction\":[{\"@type\":\"SearchAction\",\"target\":{\"@type\":\"EntryPoint\",\"urlTemplate\":\"https:\\\/\\\/www.cec.org\\\/fr\\\/?s={search_term_string}\"},\"query-input\":{\"@type\":\"PropertyValueSpecification\",\"valueRequired\":true,\"valueName\":\"search_term_string\"}}],\"inLanguage\":\"fr-FR\"}]}<\/script>\n<!-- \/ Yoast SEO Premium plugin. -->","yoast_head_json":{"title":"pgle : Lancement du nouveau programme G\u00e9n\u00e9ration de leaders de l\u2019environnement","description":"Les personnes dont les solutions seront retenues b\u00e9n\u00e9ficieront d\u2019un programme de mentorat d\u2019un an et d\u2019occasions de r\u00e9seautage partout en Am\u00e9rique du Nord","robots":{"index":"index","follow":"follow","max-snippet":"max-snippet:-1","max-image-preview":"max-image-preview:large","max-video-preview":"max-video-preview:-1"},"canonical":"https:\/\/www.cec.org\/fr\/nouvelles\/pgle-programme-generation-de-leaders-de-lenvironnement\/","og_locale":"fr_FR","og_type":"article","og_title":"Lancement du nouveau programme G\u00e9n\u00e9ration de leaders de l\u2019environnement pour les jeunes de l\u2019Am\u00e9rique du Nord","og_description":"Tiohti\u00e0:ke (Montr\u00e9al), 13 f\u00e9vrier 2024 \u2014\u00a0Appel aux jeunes du Canada, du Mexique et des \u00c9tats\u2011Unis! Aspirez-vous \u00e0 agir d\u00e8s maintenant pour soutenir les","og_url":"https:\/\/www.cec.org\/fr\/nouvelles\/pgle-programme-generation-de-leaders-de-lenvironnement\/","og_site_name":"Commission de coop\u00e9ration environnementale","article_publisher":"https:\/\/www.facebook.com\/CECconnect","article_modified_time":"2025-05-08T23:38:28+00:00","og_image":[{"width":1200,"height":684,"url":"https:\/\/www.cec.org\/wp-content\/uploads\/GELp-main-fr.webp","type":"image\/webp"}],"twitter_card":"summary_large_image","twitter_site":"@CECweb","schema":{"@context":"https:\/\/schema.org","@graph":[{"@type":"WebPage","@id":"https:\/\/www.cec.org\/fr\/nouvelles\/pgle-programme-generation-de-leaders-de-lenvironnement\/","url":"https:\/\/www.cec.org\/fr\/nouvelles\/pgle-programme-generation-de-leaders-de-lenvironnement\/","name":"pgle : Lancement du nouveau programme G\u00e9n\u00e9ration de leaders de l\u2019environnement","isPartOf":{"@id":"https:\/\/www.cec.org\/fr\/#website"},"primaryImageOfPage":{"@id":"https:\/\/www.cec.org\/fr\/nouvelles\/pgle-programme-generation-de-leaders-de-lenvironnement\/#primaryimage"},"image":{"@id":"https:\/\/www.cec.org\/fr\/nouvelles\/pgle-programme-generation-de-leaders-de-lenvironnement\/#primaryimage"},"thumbnailUrl":"https:\/\/www.cec.org\/wp-content\/uploads\/GELp-main-fr.webp","datePublished":"2024-02-13T21:06:12+00:00","dateModified":"2025-05-08T23:38:28+00:00","description":"Les personnes dont les solutions seront retenues b\u00e9n\u00e9ficieront d\u2019un programme de mentorat d\u2019un an et d\u2019occasions de r\u00e9seautage partout en Am\u00e9rique du Nord","breadcrumb":{"@id":"https:\/\/www.cec.org\/fr\/nouvelles\/pgle-programme-generation-de-leaders-de-lenvironnement\/#breadcrumb"},"inLanguage":"fr-FR","potentialAction":[{"@type":"ReadAction","target":["https:\/\/www.cec.org\/fr\/nouvelles\/pgle-programme-generation-de-leaders-de-lenvironnement\/"]}]},{"@type":"ImageObject","inLanguage":"fr-FR","@id":"https:\/\/www.cec.org\/fr\/nouvelles\/pgle-programme-generation-de-leaders-de-lenvironnement\/#primaryimage","url":"https:\/\/www.cec.org\/wp-content\/uploads\/GELp-main-fr.webp","contentUrl":"https:\/\/www.cec.org\/wp-content\/uploads\/GELp-main-fr.webp","width":1200,"height":684,"caption":"Le Canada, le Mexique et les \u00c9tats-Unis lancent le nouveau programme G\u00e9n\u00e9ration de leaders de l\u2019environnement sous les auspices de la Commission de coop\u00e9ration environnementale pour acc\u00e9l\u00e9rer la mise en \u0153uvre de solutions environnementales propos\u00e9es par des jeunes."},{"@type":"BreadcrumbList","@id":"https:\/\/www.cec.org\/fr\/nouvelles\/pgle-programme-generation-de-leaders-de-lenvironnement\/#breadcrumb","itemListElement":[{"@type":"ListItem","position":1,"name":"Accueil","item":"https:\/\/www.cec.org\/fr\/"},{"@type":"ListItem","position":2,"name":"Nouvelles","item":"https:\/\/www.cec.org\/fr\/nouvelles\/"},{"@type":"ListItem","position":3,"name":"Lancement du nouveau programme G\u00e9n\u00e9ration de leaders de l\u2019environnement pour les jeunes de l\u2019Am\u00e9rique du Nord"}]},{"@type":"WebSite","@id":"https:\/\/www.cec.org\/fr\/#website","url":"https:\/\/www.cec.org\/fr\/","name":"Commission for Environmental Cooperation","description":"Three countries working together to protect our shared environment","alternateName":"CEC - CCA -CCE","potentialAction":[{"@type":"SearchAction","target":{"@type":"EntryPoint","urlTemplate":"https:\/\/www.cec.org\/fr\/?s={search_term_string}"},"query-input":{"@type":"PropertyValueSpecification","valueRequired":true,"valueName":"search_term_string"}}],"inLanguage":"fr-FR"}]}},"_links":{"self":[{"href":"https:\/\/www.cec.org\/fr\/wp-json\/wp\/v2\/news\/54377","targetHints":{"allow":["GET"]}}],"collection":[{"href":"https:\/\/www.cec.org\/fr\/wp-json\/wp\/v2\/news"}],"about":[{"href":"https:\/\/www.cec.org\/fr\/wp-json\/wp\/v2\/types\/news"}],"wp:featuredmedia":[{"embeddable":true,"href":"https:\/\/www.cec.org\/fr\/wp-json\/wp\/v2\/media\/54306"}],"wp:attachment":[{"href":"https:\/\/www.cec.org\/fr\/wp-json\/wp\/v2\/media?parent=54377"}],"curies":[{"name":"wp","href":"https:\/\/api.w.org\/{rel}","templated":true}]}}