{"id":52411,"date":"2023-06-12T14:47:49","date_gmt":"2023-06-12T18:47:49","guid":{"rendered":"http:\/\/www.cec.org\/newsletter\/blitz-monarque-2023\/"},"modified":"2025-11-19T16:54:23","modified_gmt":"2025-11-19T21:54:23","slug":"blitz-monarque-2023","status":"publish","type":"news","link":"https:\/\/www.cec.org\/fr\/nouvelles\/blitz-monarque-2023\/","title":{"rendered":"Dates \u00e0 inscrire au calendrier : le Blitz international de suivi du monarque aura lieu du 28 juillet au 6 ao\u00fbt 2023"},"content":{"rendered":"<p>Inscrivez dans votre calendrier les dates du\u00a0<a href=\"https:\/\/www.cec.org\/fr\/blitz-international-de-suivi-du-monarque\/\">7e Blitz international de suivi du monarque<\/a>\u00a0au cours duquel, chaque ann\u00e9e, des milliers de personnes unissent leurs efforts au Canada, au Mexique et aux \u00c9tats-Unis afin d\u2019appuyer la conservation des monarques en les observant ainsi que les plants d\u2019ascl\u00e9piades. Joignez-vous \u00e0 cette essentielle activit\u00e9 trinationale en faisant part de ce que vous aurez observ\u00e9 du 28\u00a0juillet au 6\u00a0ao\u00fbt\u00a0prochains.<\/p>\n<p>Durant cette p\u00e9riode de dix jours, le #BlitzMonarque invite les r\u00e9sidants de toute l\u2019Am\u00e9rique du Nord \u00e0 chercher ces papillons, mais aussi les plants d\u2019ascl\u00e9piades pour y trouver des \u0153ufs, des chenilles et des chrysalides de monarque. Les donn\u00e9es recueillies pendant le Blitz sont t\u00e9l\u00e9vers\u00e9es et transmises aux chercheurs par l'entremise\u00a0<a href=\"https:\/\/naturecounts.ca\/nc\/tmkn\/main.jsp?switchlang=FR\">du R\u00e9seau trinational de connaissances sur le monarque<\/a>, lequel constitue une base de donn\u00e9es centrale qui, en combinant les donn\u00e9es issues de diverses sources, aide les chercheurs \u00e0 effectuer des analyses temporelles et spatiales \u00e0 grande \u00e9chelle. Les donn\u00e9es recueillies par les b\u00e9n\u00e9voles permettent aux chercheurs de r\u00e9pondre \u00e0 d'importantes questions, dont celles ayant trait \u00e0 la r\u00e9partition des monarques et des ascl\u00e9piades, au moment de la reproduction de ces papillons et \u00e0 l\u2019utilisation des ressources naturelles. Cette information aide ensuite les sp\u00e9cialistes de la conservation \u00e0 d\u00e9finir les mesures visant \u00e0 conserver l\u2019esp\u00e8ce et \u00e0 les classer par ordre de priorit\u00e9.<\/p>\n<p>Pour participer au Blitz, transmettez vos observations gr\u00e2ce \u00e0 l\u2019un des\u00a0<a href=\"https:\/\/www.cec.org\/fr\/blitz-international-de-suivi-du-monarque\/\">programmes de science participative<\/a>\u00a0suivants\u00a0:<\/p>\n<ul>\n<li>Journey North (&lt;<a href=\"https:\/\/journeynorth.org\/\">journeynorth.org<\/a>&gt;)<\/li>\n<li>Mission monarque (&lt;<a href=\"http:\/\/mission-monarch.org\/fr\">mission-monarch.org\/fr<\/a>&gt;)<\/li>\n<li><em>Monarch Larva Monitoring Project<\/em>\u00a0(projet de suivi des larves de monarque, \u00c9tats-Unis - &lt;<a href=\"http:\/\/mlmp.org\/\">mlmp.org<\/a>&gt;)<\/li>\n<li>Naturalista (&lt;<a href=\"https:\/\/www.naturalista.mx\/\">naturalista.mx<\/a><u>&gt;)<\/u><\/li>\n<li>Correo Real Program\/PROFAUNA A.C. (&lt;<a href=\"https:\/\/www.correoreal.mx\/\">https:\/\/www.correoreal.mx\/<\/a>&gt;)<\/li>\n<li><em>Western Monarch Milkweed Mapper<\/em>\u00a0(outil de cartographie du monarque et des ascl\u00e9piades dans l\u2019ouest des \u00c9tats-Unis - &lt;<a href=\"http:\/\/monarchmilkweedmapper.org\/\">monarchmilkweedmapper.org<\/a>&gt;)<\/li>\n<\/ul>\n<p>Suivez le Blitz et rendez compte de votre participation \u00e0 cet effort international de conservation sur les m\u00e9dias sociaux, en utilisant le mot-clic\u00a0<strong>#BlitzMonarque<\/strong>.<br \/>\n<em>Le Blitz est organis\u00e9 par le Partenariat scientifique trinational pour la conservation du monarque, qui est le fruit de la collaboration des organisations suivantes\u00a0: la\u00a0<\/em><a href=\"https:\/\/www.cec.org\/fr\/\" target=\"_blank\" rel=\"noopener\">Commission de coop\u00e9ration environnementale<\/a><em>, l\u2019<\/em><a href=\"https:\/\/espacepourlavie.ca\/insectarium\">Insectarium\/Montr\u00e9al Espace pour la vie<\/a><em>,\u00a0<\/em><a href=\"https:\/\/www.canada.ca\/fr\/environnement-changement-climatique.html\">Environnement et Changement climatique Canada (ECCC)<\/a><em>,\u00a0<\/em><a href=\"http:\/\/monarchjointventure.org\/\">Monarch Joint Venture<\/a><em>,\u00a0<\/em><a href=\"http:\/\/journeynorth.org\/\">Journey North<\/a><em>, l\u2019<\/em><a href=\"https:\/\/www.fws.gov\/\"><em>US Fish and Wildlife Service<\/em>\u00a0(Service des p\u00eaches et de la faune des \u00c9tats-Unis)<\/a><em>, la\u00a0<\/em><a href=\"https:\/\/xerces.org\/\"><em>Xerces Society for Invertebrate Conservation<\/em>\u00a0(Soci\u00e9t\u00e9 Xerces pour la conservation des invert\u00e9br\u00e9s)<\/a><em>, le\u00a0<\/em><a href=\"https:\/\/www.correoreal.mx\/\">PROFAUNA AC\/Correo Real Program<\/a><em>\u00a0et la\u00a0<\/em><a href=\"https:\/\/www.gob.mx\/conanp\"><em>Comisi\u00f3n Nacional de \u00c1reas Naturales Protegidas<\/em>\u00a0(Conanp, Commission nationale des aires naturelles prot\u00e9g\u00e9es)<\/a>\u00a0du Mexique<em>.<\/em><\/p>\n<p>Pour d\u00e9couvrir ce que nous avons accompli ensemble l\u2019an dernier et comment vous pouvez faire votre part, veuillez consulter\u00a0la page Web &lt;<a href=\"https:\/\/www.cec.org\/fr\/blitz-international-de-suivi-du-monarque\/\">https:\/\/www.cec.org\/fr\/blitz-international-de-suivi-du-monarque\/<\/a>&gt;.<\/p>\n","protected":false},"excerpt":{"rendered":"<p>Inscrivez dans votre calendrier les dates du\u00a07e Blitz international de suivi du monarque\u00a0au cours duquel, chaque ann\u00e9e, des milliers de personnes unissent leurs efforts au Canada, au Mexique et aux \u00c9tats-Unis afin d\u2019appuyer la conservation des monarques en les observant ainsi que les plants d\u2019ascl\u00e9piades. Joignez-vous \u00e0 cette essentielle activit\u00e9 trinationale en faisant part de [&hellip;]<\/p>\n","protected":false},"featured_media":52404,"template":"","class_list":["post-52411","news","type-news","status-publish","has-post-thumbnail","hentry","feed-ecosystemes","feed-partenariats"],"acf":[],"yoast_head":"<!-- This site is optimized with the Yoast SEO Premium plugin v27.4 (Yoast SEO v27.4) - https:\/\/yoast.com\/product\/yoast-seo-premium-wordpress\/ -->\n<title>Blitz international de suivi du monarque 2023<\/title>\n<meta name=\"description\" content=\"Inscrivez dans votre calendrier les dates du\u00a07e Blitz international de suivi du monarque\u00a0au cours duquel, chaque ann\u00e9e, des milliers de personnes unissent\" \/>\n<meta name=\"robots\" content=\"index, follow, max-snippet:-1, max-image-preview:large, max-video-preview:-1\" \/>\n<link rel=\"canonical\" href=\"https:\/\/www.cec.org\/fr\/nouvelles\/blitz-monarque-2023\/\" \/>\n<meta property=\"og:locale\" content=\"fr_FR\" \/>\n<meta property=\"og:type\" content=\"article\" \/>\n<meta property=\"og:title\" content=\"Dates \u00e0 inscrire au calendrier : le Blitz international de suivi du monarque aura lieu du 28 juillet au 6 ao\u00fbt 2023\" \/>\n<meta property=\"og:description\" content=\"Inscrivez dans votre calendrier les dates du\u00a07e Blitz international de suivi du monarque\u00a0au cours duquel, chaque ann\u00e9e, des milliers de personnes unissent\" \/>\n<meta property=\"og:url\" content=\"https:\/\/www.cec.org\/fr\/nouvelles\/blitz-monarque-2023\/\" \/>\n<meta property=\"og:site_name\" content=\"Commission de coop\u00e9ration environnementale\" \/>\n<meta property=\"article:publisher\" content=\"https:\/\/www.facebook.com\/CECconnect\" \/>\n<meta property=\"article:modified_time\" content=\"2025-11-19T21:54:23+00:00\" \/>\n<meta property=\"og:image\" content=\"https:\/\/www.cec.org\/wp-content\/uploads\/Monarch-Blitz-Save-the-Date-FR-1.webp\" \/>\n\t<meta property=\"og:image:width\" content=\"600\" \/>\n\t<meta property=\"og:image:height\" content=\"342\" \/>\n\t<meta property=\"og:image:type\" content=\"image\/webp\" \/>\n<meta name=\"twitter:card\" content=\"summary_large_image\" \/>\n<meta name=\"twitter:site\" content=\"@CECweb\" \/>\n<script type=\"application\/ld+json\" class=\"yoast-schema-graph\">{\"@context\":\"https:\\\/\\\/schema.org\",\"@graph\":[{\"@type\":\"WebPage\",\"@id\":\"https:\\\/\\\/www.cec.org\\\/fr\\\/nouvelles\\\/blitz-monarque-2023\\\/\",\"url\":\"https:\\\/\\\/www.cec.org\\\/fr\\\/nouvelles\\\/blitz-monarque-2023\\\/\",\"name\":\"Blitz international de suivi du monarque 2023\",\"isPartOf\":{\"@id\":\"https:\\\/\\\/www.cec.org\\\/fr\\\/#website\"},\"primaryImageOfPage\":{\"@id\":\"https:\\\/\\\/www.cec.org\\\/fr\\\/nouvelles\\\/blitz-monarque-2023\\\/#primaryimage\"},\"image\":{\"@id\":\"https:\\\/\\\/www.cec.org\\\/fr\\\/nouvelles\\\/blitz-monarque-2023\\\/#primaryimage\"},\"thumbnailUrl\":\"https:\\\/\\\/www.cec.org\\\/wp-content\\\/uploads\\\/Monarch-Blitz-Save-the-Date-FR-1.webp\",\"datePublished\":\"2023-06-12T18:47:49+00:00\",\"dateModified\":\"2025-11-19T21:54:23+00:00\",\"description\":\"Inscrivez dans votre calendrier les dates du\u00a07e Blitz international de suivi du monarque\u00a0au cours duquel, chaque ann\u00e9e, des milliers de personnes unissent\",\"breadcrumb\":{\"@id\":\"https:\\\/\\\/www.cec.org\\\/fr\\\/nouvelles\\\/blitz-monarque-2023\\\/#breadcrumb\"},\"inLanguage\":\"fr-FR\",\"potentialAction\":[{\"@type\":\"ReadAction\",\"target\":[\"https:\\\/\\\/www.cec.org\\\/fr\\\/nouvelles\\\/blitz-monarque-2023\\\/\"]}]},{\"@type\":\"ImageObject\",\"inLanguage\":\"fr-FR\",\"@id\":\"https:\\\/\\\/www.cec.org\\\/fr\\\/nouvelles\\\/blitz-monarque-2023\\\/#primaryimage\",\"url\":\"https:\\\/\\\/www.cec.org\\\/wp-content\\\/uploads\\\/Monarch-Blitz-Save-the-Date-FR-1.webp\",\"contentUrl\":\"https:\\\/\\\/www.cec.org\\\/wp-content\\\/uploads\\\/Monarch-Blitz-Save-the-Date-FR-1.webp\",\"width\":600,\"height\":342,\"caption\":\"Monarch Blitz 2023\"},{\"@type\":\"BreadcrumbList\",\"@id\":\"https:\\\/\\\/www.cec.org\\\/fr\\\/nouvelles\\\/blitz-monarque-2023\\\/#breadcrumb\",\"itemListElement\":[{\"@type\":\"ListItem\",\"position\":1,\"name\":\"Accueil\",\"item\":\"https:\\\/\\\/www.cec.org\\\/fr\\\/\"},{\"@type\":\"ListItem\",\"position\":2,\"name\":\"Nouvelles\",\"item\":\"https:\\\/\\\/www.cec.org\\\/fr\\\/nouvelles\\\/\"},{\"@type\":\"ListItem\",\"position\":3,\"name\":\"Dates \u00e0 inscrire au calendrier : le Blitz international de suivi du monarque aura lieu du 28 juillet au 6 ao\u00fbt 2023\"}]},{\"@type\":\"WebSite\",\"@id\":\"https:\\\/\\\/www.cec.org\\\/fr\\\/#website\",\"url\":\"https:\\\/\\\/www.cec.org\\\/fr\\\/\",\"name\":\"Commission for Environmental Cooperation\",\"description\":\"Three countries working together to protect our shared environment\",\"alternateName\":\"CEC - CCA -CCE\",\"potentialAction\":[{\"@type\":\"SearchAction\",\"target\":{\"@type\":\"EntryPoint\",\"urlTemplate\":\"https:\\\/\\\/www.cec.org\\\/fr\\\/?s={search_term_string}\"},\"query-input\":{\"@type\":\"PropertyValueSpecification\",\"valueRequired\":true,\"valueName\":\"search_term_string\"}}],\"inLanguage\":\"fr-FR\"}]}<\/script>\n<!-- \/ Yoast SEO Premium plugin. -->","yoast_head_json":{"title":"Blitz international de suivi du monarque 2023","description":"Inscrivez dans votre calendrier les dates du\u00a07e Blitz international de suivi du monarque\u00a0au cours duquel, chaque ann\u00e9e, des milliers de personnes unissent","robots":{"index":"index","follow":"follow","max-snippet":"max-snippet:-1","max-image-preview":"max-image-preview:large","max-video-preview":"max-video-preview:-1"},"canonical":"https:\/\/www.cec.org\/fr\/nouvelles\/blitz-monarque-2023\/","og_locale":"fr_FR","og_type":"article","og_title":"Dates \u00e0 inscrire au calendrier : le Blitz international de suivi du monarque aura lieu du 28 juillet au 6 ao\u00fbt 2023","og_description":"Inscrivez dans votre calendrier les dates du\u00a07e Blitz international de suivi du monarque\u00a0au cours duquel, chaque ann\u00e9e, des milliers de personnes unissent","og_url":"https:\/\/www.cec.org\/fr\/nouvelles\/blitz-monarque-2023\/","og_site_name":"Commission de coop\u00e9ration environnementale","article_publisher":"https:\/\/www.facebook.com\/CECconnect","article_modified_time":"2025-11-19T21:54:23+00:00","og_image":[{"width":600,"height":342,"url":"https:\/\/www.cec.org\/wp-content\/uploads\/Monarch-Blitz-Save-the-Date-FR-1.webp","type":"image\/webp"}],"twitter_card":"summary_large_image","twitter_site":"@CECweb","schema":{"@context":"https:\/\/schema.org","@graph":[{"@type":"WebPage","@id":"https:\/\/www.cec.org\/fr\/nouvelles\/blitz-monarque-2023\/","url":"https:\/\/www.cec.org\/fr\/nouvelles\/blitz-monarque-2023\/","name":"Blitz international de suivi du monarque 2023","isPartOf":{"@id":"https:\/\/www.cec.org\/fr\/#website"},"primaryImageOfPage":{"@id":"https:\/\/www.cec.org\/fr\/nouvelles\/blitz-monarque-2023\/#primaryimage"},"image":{"@id":"https:\/\/www.cec.org\/fr\/nouvelles\/blitz-monarque-2023\/#primaryimage"},"thumbnailUrl":"https:\/\/www.cec.org\/wp-content\/uploads\/Monarch-Blitz-Save-the-Date-FR-1.webp","datePublished":"2023-06-12T18:47:49+00:00","dateModified":"2025-11-19T21:54:23+00:00","description":"Inscrivez dans votre calendrier les dates du\u00a07e Blitz international de suivi du monarque\u00a0au cours duquel, chaque ann\u00e9e, des milliers de personnes unissent","breadcrumb":{"@id":"https:\/\/www.cec.org\/fr\/nouvelles\/blitz-monarque-2023\/#breadcrumb"},"inLanguage":"fr-FR","potentialAction":[{"@type":"ReadAction","target":["https:\/\/www.cec.org\/fr\/nouvelles\/blitz-monarque-2023\/"]}]},{"@type":"ImageObject","inLanguage":"fr-FR","@id":"https:\/\/www.cec.org\/fr\/nouvelles\/blitz-monarque-2023\/#primaryimage","url":"https:\/\/www.cec.org\/wp-content\/uploads\/Monarch-Blitz-Save-the-Date-FR-1.webp","contentUrl":"https:\/\/www.cec.org\/wp-content\/uploads\/Monarch-Blitz-Save-the-Date-FR-1.webp","width":600,"height":342,"caption":"Monarch Blitz 2023"},{"@type":"BreadcrumbList","@id":"https:\/\/www.cec.org\/fr\/nouvelles\/blitz-monarque-2023\/#breadcrumb","itemListElement":[{"@type":"ListItem","position":1,"name":"Accueil","item":"https:\/\/www.cec.org\/fr\/"},{"@type":"ListItem","position":2,"name":"Nouvelles","item":"https:\/\/www.cec.org\/fr\/nouvelles\/"},{"@type":"ListItem","position":3,"name":"Dates \u00e0 inscrire au calendrier : le Blitz international de suivi du monarque aura lieu du 28 juillet au 6 ao\u00fbt 2023"}]},{"@type":"WebSite","@id":"https:\/\/www.cec.org\/fr\/#website","url":"https:\/\/www.cec.org\/fr\/","name":"Commission for Environmental Cooperation","description":"Three countries working together to protect our shared environment","alternateName":"CEC - CCA -CCE","potentialAction":[{"@type":"SearchAction","target":{"@type":"EntryPoint","urlTemplate":"https:\/\/www.cec.org\/fr\/?s={search_term_string}"},"query-input":{"@type":"PropertyValueSpecification","valueRequired":true,"valueName":"search_term_string"}}],"inLanguage":"fr-FR"}]}},"_links":{"self":[{"href":"https:\/\/www.cec.org\/fr\/wp-json\/wp\/v2\/news\/52411","targetHints":{"allow":["GET"]}}],"collection":[{"href":"https:\/\/www.cec.org\/fr\/wp-json\/wp\/v2\/news"}],"about":[{"href":"https:\/\/www.cec.org\/fr\/wp-json\/wp\/v2\/types\/news"}],"wp:featuredmedia":[{"embeddable":true,"href":"https:\/\/www.cec.org\/fr\/wp-json\/wp\/v2\/media\/52404"}],"wp:attachment":[{"href":"https:\/\/www.cec.org\/fr\/wp-json\/wp\/v2\/media?parent=52411"}],"curies":[{"name":"wp","href":"https:\/\/api.w.org\/{rel}","templated":true}]}}