{"id":51708,"date":"2023-03-15T13:28:20","date_gmt":"2023-03-15T17:28:20","guid":{"rendered":"http:\/\/www.cec.org\/newsletter\/avis-du-ccpm-sur-le-role-des-ports-dans-la-lutte-contre-les-changements-climatiques\/"},"modified":"2024-07-11T15:03:24","modified_gmt":"2024-07-11T19:03:24","slug":"avis-du-ccpm-sur-le-role-des-ports-dans-la-lutte-contre-les-changements-climatiques","status":"publish","type":"news","link":"https:\/\/www.cec.org\/fr\/nouvelles\/avis-du-ccpm-sur-le-role-des-ports-dans-la-lutte-contre-les-changements-climatiques\/","title":{"rendered":"Avis du CCPM sur le r\u00f4le des ports dans la lutte contre les changements climatiques"},"content":{"rendered":"<p>Le\u00a0<a href=\"https:\/\/www.cec.org\/fr\/qui-sommes-nous\/comite-consultatif-public-mixte\/\">CCPM<\/a>\u00a0a r\u00e9cemment transmis un avis au\u00a0<a href=\"https:\/\/www.cec.org\/fr\/qui-sommes-nous\/le-conseil\/\">Conseil<\/a>\u00a0de la CCE \u00e0 la suite d\u2019une\u00a0<a href=\"https:\/\/www.cec.org\/fr\/activites\/tribune-publique-du-ccpm-sur-le-role-des-ports-dans-la-lutte-contre-les-changements-climatiques-intitulee-mettre-le-cap-sur-la-decarbonisation-de-lindustrie\/\">tribune publique<\/a>\u00a0qui a eu lieu le 1<sup>er\u00a0<\/sup>d\u00e9cembre\u00a02022 \u00e0 Halifax (Nouvelle-\u00c9cosse), au Canada.<\/p>\n<p>Cette tribune a r\u00e9uni des sp\u00e9cialistes repr\u00e9sentant les administrations portuaires, le secteur du transport maritime, des organisations non gouvernementales (ONG), des universit\u00e9s et des gouvernements, qui ont discut\u00e9 du r\u00f4le des ports dans la lutte contre les changements climatiques (y compris de leur att\u00e9nuation), de couloirs de navigation \u00e9cologiques, de combustibles \u00e0 z\u00e9ro \u00e9mission et d\u2019infrastructures d\u2019approvisionnement, ainsi que des dimensions des activit\u00e9s portuaires en mati\u00e8re de justice environnementale et sociale. Plus de 500\u00a0personnes, provenant de toute l\u2019Am\u00e9rique du Nord et d\u2019autres pays, ont particip\u00e9 sur place et en ligne \u00e0 cette tribune.<\/p>\n<p><strong>Recommandations du CCPM<\/strong><\/p>\n<p>\u00c0 partir des discussions qui se sont d\u00e9roul\u00e9es durant la tribune publique, et tenant compte des activit\u00e9s et des engagements \u00e0 l\u2019\u00e9chelle continentale et mondiale, le CCPM a formul\u00e9 les recommandations suivantes aux membres du Conseil repr\u00e9sentant les Parties \u00e0 propos de domaines de collaboration potentiels en Am\u00e9rique du Nord :<\/p>\n<ol>\n<li style=\"font-weight:bold;\"><strong>La mise sur pied d\u2019un projet permanent de la CCE concernant les ports et les changements climatiques<\/strong><\/li>\n<\/ol>\n<p>Le CCPM recommande au Conseil de mettre sur pied un projet permanent concernant les ports et les changements climatiques, et de soutenir les projets qui traitent du r\u00f4le des ports dans les interventions \u00e0 l\u2019\u00e9gard des changements climatiques et de la transition \u00e9cologique \u00e0 l\u2019\u00e9chelle mondiale. Ces projets pourraient permettre de d\u00e9terminer et de diffuser des pratiques exemplaires concernant\u00a0:<\/p>\n<ul>\n<li>le r\u00f4le que peuvent jouer les ports dans l\u2019att\u00e9nuation des changements climatiques;<\/li>\n<li>l\u2019\u00e9lectrification des op\u00e9rations portuaires et des activit\u00e9s de transport de marchandises connexes;<\/li>\n<li>les combustibles \u00e0 z\u00e9ro \u00e9mission;<\/li>\n<li>les mesures d\u2019efficacit\u00e9 sur les plans op\u00e9rationnel et \u00e9nerg\u00e9tique;<\/li>\n<li>la mobilisation significative des collectivit\u00e9s autochtones et de celles visant la justice environnementale en Am\u00e9rique du Nord.<\/li>\n<\/ul>\n<ol>\n<li style=\"font-weight:bold;\" value=\"2\"><strong>L\u2019\u00e9tablissement d\u2019un plan d\u2019action nord-am\u00e9ricain \u00e0 l\u2019\u00e9gard des oc\u00e9ans et du climat<\/strong><\/li>\n<\/ol>\n<p>Le CCPM recommande au Conseil d\u2019appuyer l\u2019\u00e9tablissement d\u2019un plan d\u2019action nord\u2011am\u00e9ricain \u00e0 l\u2019\u00e9gard des oc\u00e9ans et du climat afin que l\u2019Am\u00e9rique du Nord occupe une place avantageuse, et de soutenir l\u2019am\u00e9nagement de ports durables.<\/p>\n<ol>\n<li style=\"font-weight:bold;\" value=\"3\"><strong>La conclusion d\u2019un accord nord-am\u00e9ricain sur l\u2019utilisation de combustibles \u00e0 z\u00e9ro ou \u00e0 faibles \u00e9missions<\/strong><\/li>\n<\/ol>\n<p>Le CCPM recommande que les gouvernements du Canada, du Mexique et des \u00c9tats\u2011Unis concluent un accord nord-am\u00e9ricain sur l\u2019utilisation de combustibles \u00e0 z\u00e9ro ou \u00e0 faibles \u00e9missions, afin de soutenir la transition \u00e9cologique et d\u2019offrir aux Parties la possibilit\u00e9 de s\u2019acquitter des engagements qu\u2019elles ont pris en mati\u00e8re de climat sur le plan mondial.<\/p>\n<p>Veuillez cliquer\u00a0<a href=\"http:\/\/www.cec.org\/files\/documents\/ccpm_avis_conseil\/jpac-advice-23-02-fr.pdf\" target=\"_blank\" rel=\"noopener\">ici<\/a>\u00a0pour consulter la version int\u00e9grale de l\u2019avis.<\/p>\n<p>Si vous souhaitez en apprendre davantage au sujet des activit\u00e9s du CCPM et de la CCE, vous pouvez vous inscrire \u00e0 notre\u00a0<a href=\"https:\/\/www.cec.org\/fr\/inscrivez-vous\/\" target=\"_blank\" rel=\"noopener\">bulletin<\/a>\u00a0et nous suivre sur les\u00a0<a href=\"https:\/\/linktr.ee\/CEC_Social\">m\u00e9dias sociaux<\/a>.<\/p>\n","protected":false},"excerpt":{"rendered":"<p>Le\u00a0CCPM\u00a0a r\u00e9cemment transmis un avis au\u00a0Conseil\u00a0de la CCE \u00e0 la suite d\u2019une\u00a0tribune publique\u00a0qui a eu lieu le 1er\u00a0d\u00e9cembre\u00a02022 \u00e0 Halifax (Nouvelle-\u00c9cosse), au Canada. Cette tribune a r\u00e9uni des sp\u00e9cialistes repr\u00e9sentant les administrations portuaires, le secteur du transport maritime, des organisations non gouvernementales (ONG), des universit\u00e9s et des gouvernements, qui ont discut\u00e9 du r\u00f4le des ports [&hellip;]<\/p>\n","protected":false},"featured_media":51705,"template":"","class_list":["post-51708","news","type-news","status-publish","has-post-thumbnail","hentry","feed-le-ccpm"],"acf":[],"yoast_head":"<!-- This site is optimized with the Yoast SEO Premium plugin v27.4 (Yoast SEO v27.4) - https:\/\/yoast.com\/product\/yoast-seo-premium-wordpress\/ -->\n<title>Avis du CCPM sur le r\u00f4le des ports dans la lutte contre les changements climatiques<\/title>\n<meta name=\"description\" content=\"Le\u00a0CCPM\u00a0a r\u00e9cemment transmis un avis au\u00a0Conseil\u00a0de la CCE \u00e0 la suite d\u2019une\u00a0tribune publique\u00a0qui a eu lieu le 1er\u00a0d\u00e9cembre\u00a02022 \u00e0 Halifax\" \/>\n<meta name=\"robots\" content=\"index, follow, max-snippet:-1, max-image-preview:large, max-video-preview:-1\" \/>\n<link rel=\"canonical\" href=\"https:\/\/www.cec.org\/fr\/nouvelles\/avis-du-ccpm-sur-le-role-des-ports-dans-la-lutte-contre-les-changements-climatiques\/\" \/>\n<meta property=\"og:locale\" content=\"fr_FR\" \/>\n<meta property=\"og:type\" content=\"article\" \/>\n<meta property=\"og:title\" content=\"Avis du CCPM sur le r\u00f4le des ports dans la lutte contre les changements climatiques\" \/>\n<meta property=\"og:description\" content=\"Le\u00a0CCPM\u00a0a r\u00e9cemment transmis un avis au\u00a0Conseil\u00a0de la CCE \u00e0 la suite d\u2019une\u00a0tribune publique\u00a0qui a eu lieu le 1er\u00a0d\u00e9cembre\u00a02022 \u00e0 Halifax\" \/>\n<meta property=\"og:url\" content=\"https:\/\/www.cec.org\/fr\/nouvelles\/avis-du-ccpm-sur-le-role-des-ports-dans-la-lutte-contre-les-changements-climatiques\/\" \/>\n<meta property=\"og:site_name\" content=\"Commission de coop\u00e9ration environnementale\" \/>\n<meta property=\"article:publisher\" content=\"https:\/\/www.facebook.com\/CECconnect\" \/>\n<meta property=\"article:modified_time\" content=\"2024-07-11T19:03:24+00:00\" \/>\n<meta property=\"og:image\" content=\"https:\/\/www.cec.org\/wp-content\/uploads\/advice-fr.jpg\" \/>\n\t<meta property=\"og:image:width\" content=\"600\" \/>\n\t<meta property=\"og:image:height\" content=\"342\" \/>\n\t<meta property=\"og:image:type\" content=\"image\/jpeg\" \/>\n<meta name=\"twitter:card\" content=\"summary_large_image\" \/>\n<meta name=\"twitter:site\" content=\"@CECweb\" \/>\n<script type=\"application\/ld+json\" class=\"yoast-schema-graph\">{\"@context\":\"https:\\\/\\\/schema.org\",\"@graph\":[{\"@type\":\"WebPage\",\"@id\":\"https:\\\/\\\/www.cec.org\\\/fr\\\/nouvelles\\\/avis-du-ccpm-sur-le-role-des-ports-dans-la-lutte-contre-les-changements-climatiques\\\/\",\"url\":\"https:\\\/\\\/www.cec.org\\\/fr\\\/nouvelles\\\/avis-du-ccpm-sur-le-role-des-ports-dans-la-lutte-contre-les-changements-climatiques\\\/\",\"name\":\"Avis du CCPM sur le r\u00f4le des ports dans la lutte contre les changements climatiques\",\"isPartOf\":{\"@id\":\"https:\\\/\\\/www.cec.org\\\/fr\\\/#website\"},\"primaryImageOfPage\":{\"@id\":\"https:\\\/\\\/www.cec.org\\\/fr\\\/nouvelles\\\/avis-du-ccpm-sur-le-role-des-ports-dans-la-lutte-contre-les-changements-climatiques\\\/#primaryimage\"},\"image\":{\"@id\":\"https:\\\/\\\/www.cec.org\\\/fr\\\/nouvelles\\\/avis-du-ccpm-sur-le-role-des-ports-dans-la-lutte-contre-les-changements-climatiques\\\/#primaryimage\"},\"thumbnailUrl\":\"https:\\\/\\\/www.cec.org\\\/wp-content\\\/uploads\\\/advice-fr.jpg\",\"datePublished\":\"2023-03-15T17:28:20+00:00\",\"dateModified\":\"2024-07-11T19:03:24+00:00\",\"description\":\"Le\u00a0CCPM\u00a0a r\u00e9cemment transmis un avis au\u00a0Conseil\u00a0de la CCE \u00e0 la suite d\u2019une\u00a0tribune publique\u00a0qui a eu lieu le 1er\u00a0d\u00e9cembre\u00a02022 \u00e0 Halifax\",\"breadcrumb\":{\"@id\":\"https:\\\/\\\/www.cec.org\\\/fr\\\/nouvelles\\\/avis-du-ccpm-sur-le-role-des-ports-dans-la-lutte-contre-les-changements-climatiques\\\/#breadcrumb\"},\"inLanguage\":\"fr-FR\",\"potentialAction\":[{\"@type\":\"ReadAction\",\"target\":[\"https:\\\/\\\/www.cec.org\\\/fr\\\/nouvelles\\\/avis-du-ccpm-sur-le-role-des-ports-dans-la-lutte-contre-les-changements-climatiques\\\/\"]}]},{\"@type\":\"ImageObject\",\"inLanguage\":\"fr-FR\",\"@id\":\"https:\\\/\\\/www.cec.org\\\/fr\\\/nouvelles\\\/avis-du-ccpm-sur-le-role-des-ports-dans-la-lutte-contre-les-changements-climatiques\\\/#primaryimage\",\"url\":\"https:\\\/\\\/www.cec.org\\\/wp-content\\\/uploads\\\/advice-fr.jpg\",\"contentUrl\":\"https:\\\/\\\/www.cec.org\\\/wp-content\\\/uploads\\\/advice-fr.jpg\",\"width\":600,\"height\":342,\"caption\":\"Le Comit\u00e9 consultatif public mixte (CCPM) formule un avis au Conseil de la CCE \u00e0 la suite d\u2019une tribune publique consacr\u00e9e au r\u00f4le des ports dans la lutte contre les changements climatiques.\"},{\"@type\":\"BreadcrumbList\",\"@id\":\"https:\\\/\\\/www.cec.org\\\/fr\\\/nouvelles\\\/avis-du-ccpm-sur-le-role-des-ports-dans-la-lutte-contre-les-changements-climatiques\\\/#breadcrumb\",\"itemListElement\":[{\"@type\":\"ListItem\",\"position\":1,\"name\":\"Accueil\",\"item\":\"https:\\\/\\\/www.cec.org\\\/fr\\\/\"},{\"@type\":\"ListItem\",\"position\":2,\"name\":\"Nouvelles\",\"item\":\"https:\\\/\\\/www.cec.org\\\/fr\\\/nouvelles\\\/\"},{\"@type\":\"ListItem\",\"position\":3,\"name\":\"Avis du CCPM sur le r\u00f4le des ports dans la lutte contre les changements climatiques\"}]},{\"@type\":\"WebSite\",\"@id\":\"https:\\\/\\\/www.cec.org\\\/fr\\\/#website\",\"url\":\"https:\\\/\\\/www.cec.org\\\/fr\\\/\",\"name\":\"Commission for Environmental Cooperation\",\"description\":\"Three countries working together to protect our shared environment\",\"alternateName\":\"CEC - CCA -CCE\",\"potentialAction\":[{\"@type\":\"SearchAction\",\"target\":{\"@type\":\"EntryPoint\",\"urlTemplate\":\"https:\\\/\\\/www.cec.org\\\/fr\\\/?s={search_term_string}\"},\"query-input\":{\"@type\":\"PropertyValueSpecification\",\"valueRequired\":true,\"valueName\":\"search_term_string\"}}],\"inLanguage\":\"fr-FR\"}]}<\/script>\n<!-- \/ Yoast SEO Premium plugin. -->","yoast_head_json":{"title":"Avis du CCPM sur le r\u00f4le des ports dans la lutte contre les changements climatiques","description":"Le\u00a0CCPM\u00a0a r\u00e9cemment transmis un avis au\u00a0Conseil\u00a0de la CCE \u00e0 la suite d\u2019une\u00a0tribune publique\u00a0qui a eu lieu le 1er\u00a0d\u00e9cembre\u00a02022 \u00e0 Halifax","robots":{"index":"index","follow":"follow","max-snippet":"max-snippet:-1","max-image-preview":"max-image-preview:large","max-video-preview":"max-video-preview:-1"},"canonical":"https:\/\/www.cec.org\/fr\/nouvelles\/avis-du-ccpm-sur-le-role-des-ports-dans-la-lutte-contre-les-changements-climatiques\/","og_locale":"fr_FR","og_type":"article","og_title":"Avis du CCPM sur le r\u00f4le des ports dans la lutte contre les changements climatiques","og_description":"Le\u00a0CCPM\u00a0a r\u00e9cemment transmis un avis au\u00a0Conseil\u00a0de la CCE \u00e0 la suite d\u2019une\u00a0tribune publique\u00a0qui a eu lieu le 1er\u00a0d\u00e9cembre\u00a02022 \u00e0 Halifax","og_url":"https:\/\/www.cec.org\/fr\/nouvelles\/avis-du-ccpm-sur-le-role-des-ports-dans-la-lutte-contre-les-changements-climatiques\/","og_site_name":"Commission de coop\u00e9ration environnementale","article_publisher":"https:\/\/www.facebook.com\/CECconnect","article_modified_time":"2024-07-11T19:03:24+00:00","og_image":[{"width":600,"height":342,"url":"https:\/\/www.cec.org\/wp-content\/uploads\/advice-fr.jpg","type":"image\/jpeg"}],"twitter_card":"summary_large_image","twitter_site":"@CECweb","schema":{"@context":"https:\/\/schema.org","@graph":[{"@type":"WebPage","@id":"https:\/\/www.cec.org\/fr\/nouvelles\/avis-du-ccpm-sur-le-role-des-ports-dans-la-lutte-contre-les-changements-climatiques\/","url":"https:\/\/www.cec.org\/fr\/nouvelles\/avis-du-ccpm-sur-le-role-des-ports-dans-la-lutte-contre-les-changements-climatiques\/","name":"Avis du CCPM sur le r\u00f4le des ports dans la lutte contre les changements climatiques","isPartOf":{"@id":"https:\/\/www.cec.org\/fr\/#website"},"primaryImageOfPage":{"@id":"https:\/\/www.cec.org\/fr\/nouvelles\/avis-du-ccpm-sur-le-role-des-ports-dans-la-lutte-contre-les-changements-climatiques\/#primaryimage"},"image":{"@id":"https:\/\/www.cec.org\/fr\/nouvelles\/avis-du-ccpm-sur-le-role-des-ports-dans-la-lutte-contre-les-changements-climatiques\/#primaryimage"},"thumbnailUrl":"https:\/\/www.cec.org\/wp-content\/uploads\/advice-fr.jpg","datePublished":"2023-03-15T17:28:20+00:00","dateModified":"2024-07-11T19:03:24+00:00","description":"Le\u00a0CCPM\u00a0a r\u00e9cemment transmis un avis au\u00a0Conseil\u00a0de la CCE \u00e0 la suite d\u2019une\u00a0tribune publique\u00a0qui a eu lieu le 1er\u00a0d\u00e9cembre\u00a02022 \u00e0 Halifax","breadcrumb":{"@id":"https:\/\/www.cec.org\/fr\/nouvelles\/avis-du-ccpm-sur-le-role-des-ports-dans-la-lutte-contre-les-changements-climatiques\/#breadcrumb"},"inLanguage":"fr-FR","potentialAction":[{"@type":"ReadAction","target":["https:\/\/www.cec.org\/fr\/nouvelles\/avis-du-ccpm-sur-le-role-des-ports-dans-la-lutte-contre-les-changements-climatiques\/"]}]},{"@type":"ImageObject","inLanguage":"fr-FR","@id":"https:\/\/www.cec.org\/fr\/nouvelles\/avis-du-ccpm-sur-le-role-des-ports-dans-la-lutte-contre-les-changements-climatiques\/#primaryimage","url":"https:\/\/www.cec.org\/wp-content\/uploads\/advice-fr.jpg","contentUrl":"https:\/\/www.cec.org\/wp-content\/uploads\/advice-fr.jpg","width":600,"height":342,"caption":"Le Comit\u00e9 consultatif public mixte (CCPM) formule un avis au Conseil de la CCE \u00e0 la suite d\u2019une tribune publique consacr\u00e9e au r\u00f4le des ports dans la lutte contre les changements climatiques."},{"@type":"BreadcrumbList","@id":"https:\/\/www.cec.org\/fr\/nouvelles\/avis-du-ccpm-sur-le-role-des-ports-dans-la-lutte-contre-les-changements-climatiques\/#breadcrumb","itemListElement":[{"@type":"ListItem","position":1,"name":"Accueil","item":"https:\/\/www.cec.org\/fr\/"},{"@type":"ListItem","position":2,"name":"Nouvelles","item":"https:\/\/www.cec.org\/fr\/nouvelles\/"},{"@type":"ListItem","position":3,"name":"Avis du CCPM sur le r\u00f4le des ports dans la lutte contre les changements climatiques"}]},{"@type":"WebSite","@id":"https:\/\/www.cec.org\/fr\/#website","url":"https:\/\/www.cec.org\/fr\/","name":"Commission for Environmental Cooperation","description":"Three countries working together to protect our shared environment","alternateName":"CEC - CCA -CCE","potentialAction":[{"@type":"SearchAction","target":{"@type":"EntryPoint","urlTemplate":"https:\/\/www.cec.org\/fr\/?s={search_term_string}"},"query-input":{"@type":"PropertyValueSpecification","valueRequired":true,"valueName":"search_term_string"}}],"inLanguage":"fr-FR"}]}},"_links":{"self":[{"href":"https:\/\/www.cec.org\/fr\/wp-json\/wp\/v2\/news\/51708","targetHints":{"allow":["GET"]}}],"collection":[{"href":"https:\/\/www.cec.org\/fr\/wp-json\/wp\/v2\/news"}],"about":[{"href":"https:\/\/www.cec.org\/fr\/wp-json\/wp\/v2\/types\/news"}],"wp:featuredmedia":[{"embeddable":true,"href":"https:\/\/www.cec.org\/fr\/wp-json\/wp\/v2\/media\/51705"}],"wp:attachment":[{"href":"https:\/\/www.cec.org\/fr\/wp-json\/wp\/v2\/media?parent=51708"}],"curies":[{"name":"wp","href":"https:\/\/api.w.org\/{rel}","templated":true}]}}