{"id":51581,"date":"2023-02-21T11:05:52","date_gmt":"2023-02-21T16:05:52","guid":{"rendered":"http:\/\/www.cec.org\/media\/media-releases\/lancement-aujourdhui-du-defi-innovation-jeunesse-de-2023-dans-toute-lamerique-du-nord\/"},"modified":"2025-05-08T19:38:35","modified_gmt":"2025-05-08T23:38:35","slug":"lancement-aujourdhui-du-defi-innovation-jeunesse-de-2023-dans-toute-lamerique-du-nord","status":"publish","type":"news","link":"https:\/\/www.cec.org\/fr\/nouvelles\/lancement-aujourdhui-du-defi-innovation-jeunesse-de-2023-dans-toute-lamerique-du-nord\/","title":{"rendered":"Lancement aujourd\u2019hui du D\u00e9fi innovation jeunesse de 2023 dans toute l\u2019Am\u00e9rique du Nord"},"content":{"rendered":"<p><strong>Montr\u00e9al, 21 f\u00e9vrier 2023 \u2014\u00a0<\/strong>La\u00a0<a href=\"https:\/\/www.cec.org\/fr\/\">Commission de coop\u00e9ration environnementale<\/a>\u00a0(CCE) a lanc\u00e9 aujourd\u2019hui le\u00a0<a href=\"https:\/\/www.cec.org\/fr\/initiatives-pour-les-jeunes\/solutions-concernant-leau-pour-un-developpement-durable\/\" target=\"_blank\" rel=\"noopener\">D\u00e9fi innovation jeunesse\u00a0de 2023<\/a>, et elle invite les jeunes du Canada, du Mexique et des \u00c9tats-Unis \u00e0 proposer des innovations entrepreneuriales destin\u00e9es \u00e0 relever les d\u00e9fis que l\u2019eau suscite.<\/p>\n<p><strong>Soyez des agents de changement!<\/strong><\/p>\n<p>Dans le cadre du D\u00e9fi innovation jeunesse, la CCE recherche des solutions cr\u00e9atives qui abordent les types de d\u00e9fis que l'eau pr\u00e9sente, dont les suivants :<\/p>\n<ul>\n<li>La fr\u00e9quence croissante des s\u00e9cheresses, de la d\u00e9forestation, des incendies de for\u00eat et des inondations.<\/li>\n<li>Les changements climatiques.<\/li>\n<li>Le rejet de produits chimiques toxiques dans les eaux de surface.<\/li>\n<li>L\u2019\u00e9puisement des eaux souterraines.<\/li>\n<li>Le rejet de d\u00e9chets et le d\u00e9versement de mati\u00e8res plastiques, de nutriments et de nouveaux polluants dans les r\u00e9seaux d\u2019approvisionnement en eau.<\/li>\n<li>D\u2019autres probl\u00e8mes critiques li\u00e9s \u00e0 l\u2019eau.<\/li>\n<\/ul>\n<p>Cette ann\u00e9e, le D\u00e9fi permettra \u00e9galement de soutenir les efforts en cours d\u00e9ploy\u00e9s dans le cadre de la\u00a0<a href=\"https:\/\/www.un.org\/fr\/events\/waterdecade\/\">D\u00e9cennie internationale d\u2019action des Nations Unies, intitul\u00e9e<em>\u00a0L\u2019eau et le d\u00e9veloppement durable<\/em><\/a>, en accordant une attention particuli\u00e8re \u00e0 la relation \u00e9troite de l\u2019eau avec les changements climatiques.<\/p>\n<p>Les solutions propos\u00e9es par les participants doivent avoir des avantages potentiels pour l\u2019environnement, ainsi que des effets directs qui soutiennent les collectivit\u00e9s dans une optique d\u2019\u00e9quit\u00e9 sur les plans environnemental, social et \u00e9conomique.<\/p>\n<p><strong>Les prix offerts dans le cadre du D\u00e9fi innovation jeunesse\u00a0de 2023 comprennent du financement, du mentorat et la possibilit\u00e9 de rencontrer les plus hauts responsables de l'environnement en Am\u00e9rique du Nord.<\/strong><\/p>\n<p>En plus de recevoir 15\u00a0000\u00a0$\u00a0CA en fonds de d\u00e9marrage d\u2019une entreprise, les gagnants auront l\u2019occasion unique :<\/p>\n<ul>\n<li>de pr\u00e9senter leur solution lors de la session du Conseil de la CCE de 2023, qui se tiendra en Colombie\u2011Britannique, au Canada;<\/li>\n<li>de b\u00e9n\u00e9ficier d\u2019un mentorat pendant un\u00a0an, y compris en vue de perfectionner leurs techniques de pr\u00e9sentation et leurs comp\u00e9tences en mati\u00e8re de financement, de commercialisation et de constitution de r\u00e9seaux;<\/li>\n<li>de profiter des occasions qui leur seront offertes d\u2019\u00eatre connus et de s\u2019exprimer gr\u00e2ce aux canaux num\u00e9riques de la CCE et, \u00e9ventuellement, \u00e0 ceux de ses partenaires.<\/li>\n<\/ul>\n<p><strong>Mode de participation<\/strong><\/p>\n<p>Le D\u00e9fi est ouvert aux jeunes \u00e2g\u00e9s de 18 \u00e0 30\u00a0ans qui r\u00e9sident au Canada, au Mexique ou aux \u00c9tats\u2011Unis. Ils peuvent pr\u00e9senter leur solution en fran\u00e7ais, en anglais ou en espagnol, et elle sera \u00e9valu\u00e9e en fonction de quatre\u00a0crit\u00e8res\u00a0: son incidence, le type d\u2019innovation qu\u2019elle propose, sa faisabilit\u00e9 et sa reproductibilit\u00e9, et sa valeur \u00e9conomique. Sur la plateforme\u00a0<a href=\"https:\/\/cec.submittable.com\/submit\">Submittable<\/a>, il est possible de consulter les crit\u00e8res du D\u00e9fi et les directives indiquant de quelle mani\u00e8re pr\u00e9senter une solution.<\/p>\n<p>N'h\u00e9sitez pas \u00e0 proposer une solution d\u2019ici le 3 avril 2023, et joignez-vous \u00e0 la discussion des #JeunesInnovateurs sur\u00a0<a href=\"https:\/\/www.facebook.com\/CCEconnexion\/?locale=fr_CA\">Facebook<\/a>,\u00a0<a href=\"https:\/\/twitter.com\/CCE_Francais\">Twitter<\/a>,\u00a0<a href=\"https:\/\/www.linkedin.com\/company\/commission-for-environmental-cooperation-of-north-america\/?trk=public_profile_experience-item_profile-section-card_image-click&amp;originalSubdomain=fr\">LinkedIn<\/a>\u00a0et\u00a0<a href=\"https:\/\/www.instagram.com\/cceameriquedunord\/\">Instagram<\/a>.<\/p>\n","protected":false},"excerpt":{"rendered":"<p>Montr\u00e9al, 21 f\u00e9vrier 2023 \u2014\u00a0La\u00a0Commission de coop\u00e9ration environnementale\u00a0(CCE) a lanc\u00e9 aujourd\u2019hui le\u00a0D\u00e9fi innovation jeunesse\u00a0de 2023, et elle invite les jeunes du Canada, du Mexique et des \u00c9tats-Unis \u00e0 proposer des innovations entrepreneuriales destin\u00e9es \u00e0 relever les d\u00e9fis que l\u2019eau suscite. Soyez des agents de changement! Dans le cadre du D\u00e9fi innovation jeunesse, la CCE recherche [&hellip;]<\/p>\n","protected":false},"featured_media":51575,"template":"","class_list":["post-51581","news","type-news","status-publish","has-post-thumbnail","hentry","feed-changements-climatiques","feed-engagement-jeunesse"],"acf":[],"yoast_head":"<!-- This site is optimized with the Yoast SEO Premium plugin v27.4 (Yoast SEO v27.4) - https:\/\/yoast.com\/product\/yoast-seo-premium-wordpress\/ -->\n<title>Lancement aujourd\u2019hui du D\u00e9fi innovation jeunesse de 2023 dans toute l\u2019Am\u00e9rique du Nord<\/title>\n<meta name=\"description\" content=\"Montr\u00e9al, 21 f\u00e9vrier 2023 \u2014\u00a0La\u00a0Commission de coop\u00e9ration environnementale\u00a0(CCE) a lanc\u00e9 aujourd\u2019hui le\u00a0D\u00e9fi innovation jeunesse\u00a0de 2023, et elle invite\" \/>\n<meta name=\"robots\" content=\"index, follow, max-snippet:-1, max-image-preview:large, max-video-preview:-1\" \/>\n<link rel=\"canonical\" href=\"https:\/\/www.cec.org\/fr\/nouvelles\/lancement-aujourdhui-du-defi-innovation-jeunesse-de-2023-dans-toute-lamerique-du-nord\/\" \/>\n<meta property=\"og:locale\" content=\"fr_FR\" \/>\n<meta property=\"og:type\" content=\"article\" \/>\n<meta property=\"og:title\" content=\"Lancement aujourd\u2019hui du D\u00e9fi innovation jeunesse de 2023 dans toute l\u2019Am\u00e9rique du Nord\" \/>\n<meta property=\"og:description\" content=\"Montr\u00e9al, 21 f\u00e9vrier 2023 \u2014\u00a0La\u00a0Commission de coop\u00e9ration environnementale\u00a0(CCE) a lanc\u00e9 aujourd\u2019hui le\u00a0D\u00e9fi innovation jeunesse\u00a0de 2023, et elle invite\" \/>\n<meta property=\"og:url\" content=\"https:\/\/www.cec.org\/fr\/nouvelles\/lancement-aujourdhui-du-defi-innovation-jeunesse-de-2023-dans-toute-lamerique-du-nord\/\" \/>\n<meta property=\"og:site_name\" content=\"Commission de coop\u00e9ration environnementale\" \/>\n<meta property=\"article:publisher\" content=\"https:\/\/www.facebook.com\/CECconnect\" \/>\n<meta property=\"article:modified_time\" content=\"2025-05-08T23:38:35+00:00\" \/>\n<meta property=\"og:image\" content=\"https:\/\/www.cec.org\/wp-content\/uploads\/cec-yic-2023_fr.jpg\" \/>\n\t<meta property=\"og:image:width\" content=\"600\" \/>\n\t<meta property=\"og:image:height\" content=\"342\" \/>\n\t<meta property=\"og:image:type\" content=\"image\/jpeg\" \/>\n<meta name=\"twitter:card\" content=\"summary_large_image\" \/>\n<meta name=\"twitter:site\" content=\"@CECweb\" \/>\n<script type=\"application\/ld+json\" class=\"yoast-schema-graph\">{\"@context\":\"https:\\\/\\\/schema.org\",\"@graph\":[{\"@type\":\"WebPage\",\"@id\":\"https:\\\/\\\/www.cec.org\\\/fr\\\/nouvelles\\\/lancement-aujourdhui-du-defi-innovation-jeunesse-de-2023-dans-toute-lamerique-du-nord\\\/\",\"url\":\"https:\\\/\\\/www.cec.org\\\/fr\\\/nouvelles\\\/lancement-aujourdhui-du-defi-innovation-jeunesse-de-2023-dans-toute-lamerique-du-nord\\\/\",\"name\":\"Lancement aujourd\u2019hui du D\u00e9fi innovation jeunesse de 2023 dans toute l\u2019Am\u00e9rique du Nord\",\"isPartOf\":{\"@id\":\"https:\\\/\\\/www.cec.org\\\/fr\\\/#website\"},\"primaryImageOfPage\":{\"@id\":\"https:\\\/\\\/www.cec.org\\\/fr\\\/nouvelles\\\/lancement-aujourdhui-du-defi-innovation-jeunesse-de-2023-dans-toute-lamerique-du-nord\\\/#primaryimage\"},\"image\":{\"@id\":\"https:\\\/\\\/www.cec.org\\\/fr\\\/nouvelles\\\/lancement-aujourdhui-du-defi-innovation-jeunesse-de-2023-dans-toute-lamerique-du-nord\\\/#primaryimage\"},\"thumbnailUrl\":\"https:\\\/\\\/www.cec.org\\\/wp-content\\\/uploads\\\/cec-yic-2023_fr.jpg\",\"datePublished\":\"2023-02-21T16:05:52+00:00\",\"dateModified\":\"2025-05-08T23:38:35+00:00\",\"description\":\"Montr\u00e9al, 21 f\u00e9vrier 2023 \u2014\u00a0La\u00a0Commission de coop\u00e9ration environnementale\u00a0(CCE) a lanc\u00e9 aujourd\u2019hui le\u00a0D\u00e9fi innovation jeunesse\u00a0de 2023, et elle invite\",\"breadcrumb\":{\"@id\":\"https:\\\/\\\/www.cec.org\\\/fr\\\/nouvelles\\\/lancement-aujourdhui-du-defi-innovation-jeunesse-de-2023-dans-toute-lamerique-du-nord\\\/#breadcrumb\"},\"inLanguage\":\"fr-FR\",\"potentialAction\":[{\"@type\":\"ReadAction\",\"target\":[\"https:\\\/\\\/www.cec.org\\\/fr\\\/nouvelles\\\/lancement-aujourdhui-du-defi-innovation-jeunesse-de-2023-dans-toute-lamerique-du-nord\\\/\"]}]},{\"@type\":\"ImageObject\",\"inLanguage\":\"fr-FR\",\"@id\":\"https:\\\/\\\/www.cec.org\\\/fr\\\/nouvelles\\\/lancement-aujourdhui-du-defi-innovation-jeunesse-de-2023-dans-toute-lamerique-du-nord\\\/#primaryimage\",\"url\":\"https:\\\/\\\/www.cec.org\\\/wp-content\\\/uploads\\\/cec-yic-2023_fr.jpg\",\"contentUrl\":\"https:\\\/\\\/www.cec.org\\\/wp-content\\\/uploads\\\/cec-yic-2023_fr.jpg\",\"width\":600,\"height\":342,\"caption\":\"Cette ann\u00e9e, le D\u00e9fi se d\u00e9roule sur le th\u00e8me \u00ab Des solutions concernant l\u2019eau pour un d\u00e9veloppement durable \u00bb.\"},{\"@type\":\"BreadcrumbList\",\"@id\":\"https:\\\/\\\/www.cec.org\\\/fr\\\/nouvelles\\\/lancement-aujourdhui-du-defi-innovation-jeunesse-de-2023-dans-toute-lamerique-du-nord\\\/#breadcrumb\",\"itemListElement\":[{\"@type\":\"ListItem\",\"position\":1,\"name\":\"Accueil\",\"item\":\"https:\\\/\\\/www.cec.org\\\/fr\\\/\"},{\"@type\":\"ListItem\",\"position\":2,\"name\":\"Nouvelles\",\"item\":\"https:\\\/\\\/www.cec.org\\\/fr\\\/nouvelles\\\/\"},{\"@type\":\"ListItem\",\"position\":3,\"name\":\"Lancement aujourd\u2019hui du D\u00e9fi innovation jeunesse de 2023 dans toute l\u2019Am\u00e9rique du Nord\"}]},{\"@type\":\"WebSite\",\"@id\":\"https:\\\/\\\/www.cec.org\\\/fr\\\/#website\",\"url\":\"https:\\\/\\\/www.cec.org\\\/fr\\\/\",\"name\":\"Commission for Environmental Cooperation\",\"description\":\"Three countries working together to protect our shared environment\",\"alternateName\":\"CEC - CCA -CCE\",\"potentialAction\":[{\"@type\":\"SearchAction\",\"target\":{\"@type\":\"EntryPoint\",\"urlTemplate\":\"https:\\\/\\\/www.cec.org\\\/fr\\\/?s={search_term_string}\"},\"query-input\":{\"@type\":\"PropertyValueSpecification\",\"valueRequired\":true,\"valueName\":\"search_term_string\"}}],\"inLanguage\":\"fr-FR\"}]}<\/script>\n<!-- \/ Yoast SEO Premium plugin. -->","yoast_head_json":{"title":"Lancement aujourd\u2019hui du D\u00e9fi innovation jeunesse de 2023 dans toute l\u2019Am\u00e9rique du Nord","description":"Montr\u00e9al, 21 f\u00e9vrier 2023 \u2014\u00a0La\u00a0Commission de coop\u00e9ration environnementale\u00a0(CCE) a lanc\u00e9 aujourd\u2019hui le\u00a0D\u00e9fi innovation jeunesse\u00a0de 2023, et elle invite","robots":{"index":"index","follow":"follow","max-snippet":"max-snippet:-1","max-image-preview":"max-image-preview:large","max-video-preview":"max-video-preview:-1"},"canonical":"https:\/\/www.cec.org\/fr\/nouvelles\/lancement-aujourdhui-du-defi-innovation-jeunesse-de-2023-dans-toute-lamerique-du-nord\/","og_locale":"fr_FR","og_type":"article","og_title":"Lancement aujourd\u2019hui du D\u00e9fi innovation jeunesse de 2023 dans toute l\u2019Am\u00e9rique du Nord","og_description":"Montr\u00e9al, 21 f\u00e9vrier 2023 \u2014\u00a0La\u00a0Commission de coop\u00e9ration environnementale\u00a0(CCE) a lanc\u00e9 aujourd\u2019hui le\u00a0D\u00e9fi innovation jeunesse\u00a0de 2023, et elle invite","og_url":"https:\/\/www.cec.org\/fr\/nouvelles\/lancement-aujourdhui-du-defi-innovation-jeunesse-de-2023-dans-toute-lamerique-du-nord\/","og_site_name":"Commission de coop\u00e9ration environnementale","article_publisher":"https:\/\/www.facebook.com\/CECconnect","article_modified_time":"2025-05-08T23:38:35+00:00","og_image":[{"width":600,"height":342,"url":"https:\/\/www.cec.org\/wp-content\/uploads\/cec-yic-2023_fr.jpg","type":"image\/jpeg"}],"twitter_card":"summary_large_image","twitter_site":"@CECweb","schema":{"@context":"https:\/\/schema.org","@graph":[{"@type":"WebPage","@id":"https:\/\/www.cec.org\/fr\/nouvelles\/lancement-aujourdhui-du-defi-innovation-jeunesse-de-2023-dans-toute-lamerique-du-nord\/","url":"https:\/\/www.cec.org\/fr\/nouvelles\/lancement-aujourdhui-du-defi-innovation-jeunesse-de-2023-dans-toute-lamerique-du-nord\/","name":"Lancement aujourd\u2019hui du D\u00e9fi innovation jeunesse de 2023 dans toute l\u2019Am\u00e9rique du Nord","isPartOf":{"@id":"https:\/\/www.cec.org\/fr\/#website"},"primaryImageOfPage":{"@id":"https:\/\/www.cec.org\/fr\/nouvelles\/lancement-aujourdhui-du-defi-innovation-jeunesse-de-2023-dans-toute-lamerique-du-nord\/#primaryimage"},"image":{"@id":"https:\/\/www.cec.org\/fr\/nouvelles\/lancement-aujourdhui-du-defi-innovation-jeunesse-de-2023-dans-toute-lamerique-du-nord\/#primaryimage"},"thumbnailUrl":"https:\/\/www.cec.org\/wp-content\/uploads\/cec-yic-2023_fr.jpg","datePublished":"2023-02-21T16:05:52+00:00","dateModified":"2025-05-08T23:38:35+00:00","description":"Montr\u00e9al, 21 f\u00e9vrier 2023 \u2014\u00a0La\u00a0Commission de coop\u00e9ration environnementale\u00a0(CCE) a lanc\u00e9 aujourd\u2019hui le\u00a0D\u00e9fi innovation jeunesse\u00a0de 2023, et elle invite","breadcrumb":{"@id":"https:\/\/www.cec.org\/fr\/nouvelles\/lancement-aujourdhui-du-defi-innovation-jeunesse-de-2023-dans-toute-lamerique-du-nord\/#breadcrumb"},"inLanguage":"fr-FR","potentialAction":[{"@type":"ReadAction","target":["https:\/\/www.cec.org\/fr\/nouvelles\/lancement-aujourdhui-du-defi-innovation-jeunesse-de-2023-dans-toute-lamerique-du-nord\/"]}]},{"@type":"ImageObject","inLanguage":"fr-FR","@id":"https:\/\/www.cec.org\/fr\/nouvelles\/lancement-aujourdhui-du-defi-innovation-jeunesse-de-2023-dans-toute-lamerique-du-nord\/#primaryimage","url":"https:\/\/www.cec.org\/wp-content\/uploads\/cec-yic-2023_fr.jpg","contentUrl":"https:\/\/www.cec.org\/wp-content\/uploads\/cec-yic-2023_fr.jpg","width":600,"height":342,"caption":"Cette ann\u00e9e, le D\u00e9fi se d\u00e9roule sur le th\u00e8me \u00ab Des solutions concernant l\u2019eau pour un d\u00e9veloppement durable \u00bb."},{"@type":"BreadcrumbList","@id":"https:\/\/www.cec.org\/fr\/nouvelles\/lancement-aujourdhui-du-defi-innovation-jeunesse-de-2023-dans-toute-lamerique-du-nord\/#breadcrumb","itemListElement":[{"@type":"ListItem","position":1,"name":"Accueil","item":"https:\/\/www.cec.org\/fr\/"},{"@type":"ListItem","position":2,"name":"Nouvelles","item":"https:\/\/www.cec.org\/fr\/nouvelles\/"},{"@type":"ListItem","position":3,"name":"Lancement aujourd\u2019hui du D\u00e9fi innovation jeunesse de 2023 dans toute l\u2019Am\u00e9rique du Nord"}]},{"@type":"WebSite","@id":"https:\/\/www.cec.org\/fr\/#website","url":"https:\/\/www.cec.org\/fr\/","name":"Commission for Environmental Cooperation","description":"Three countries working together to protect our shared environment","alternateName":"CEC - CCA -CCE","potentialAction":[{"@type":"SearchAction","target":{"@type":"EntryPoint","urlTemplate":"https:\/\/www.cec.org\/fr\/?s={search_term_string}"},"query-input":{"@type":"PropertyValueSpecification","valueRequired":true,"valueName":"search_term_string"}}],"inLanguage":"fr-FR"}]}},"_links":{"self":[{"href":"https:\/\/www.cec.org\/fr\/wp-json\/wp\/v2\/news\/51581","targetHints":{"allow":["GET"]}}],"collection":[{"href":"https:\/\/www.cec.org\/fr\/wp-json\/wp\/v2\/news"}],"about":[{"href":"https:\/\/www.cec.org\/fr\/wp-json\/wp\/v2\/types\/news"}],"wp:featuredmedia":[{"embeddable":true,"href":"https:\/\/www.cec.org\/fr\/wp-json\/wp\/v2\/media\/51575"}],"wp:attachment":[{"href":"https:\/\/www.cec.org\/fr\/wp-json\/wp\/v2\/media?parent=51581"}],"curies":[{"name":"wp","href":"https:\/\/api.w.org\/{rel}","templated":true}]}}