{"id":46503,"date":"2021-11-04T14:09:38","date_gmt":"2021-11-04T18:09:38","guid":{"rendered":"http:\/\/www.cec.org\/media\/media-releases\/le-canada-le-mexique-et-les-etats-unis-lancent-un-projet-mondial-de-transition-aux-energies-renouvelables-pour-les-collectivites-eloignees-et-autochtones\/"},"modified":"2021-11-04T14:09:38","modified_gmt":"2021-11-04T18:09:38","slug":"le-canada-le-mexique-et-les-etats-unis-lancent-un-projet-mondial-de-transition-aux-energies-renouvelables-pour-les-collectivites-eloignees-et-autochtones","status":"publish","type":"news","link":"https:\/\/www.cec.org\/fr\/nouvelles\/le-canada-le-mexique-et-les-etats-unis-lancent-un-projet-mondial-de-transition-aux-energies-renouvelables-pour-les-collectivites-eloignees-et-autochtones\/","title":{"rendered":"Le Canada, le Mexique et les \u00c9tats-Unis lancent un projet mondial de transition aux \u00e9nergies renouvelables pour les collectivit\u00e9s \u00e9loign\u00e9es et autochtones"},"content":{"rendered":"<p><em>Ce projet trilat\u00e9ral nord-am\u00e9ricain donnera lieu \u00e0 la premi\u00e8re \u00e9tude de cas pour la plateforme mondiale de l\u2019IRENA en vue de soutenir la transition des collectivit\u00e9s \u00e9loign\u00e9es, rurales et autochtones aux \u00e9nergies renouvelables \u00e0 l\u2019\u00e9chelle mondiale.<\/em><\/p>\n<p><strong>Glasgow, le 4 novembre 2021 \u2014\u00a0<\/strong>\u00c0 l\u2019occasion de la 26<sup>e<\/sup>\u00a0Conf\u00e9rence des Parties (COP26) tenue \u00e0 Glasgow, en \u00c9cosse, le Canada, le Mexique et les \u00c9tats-Unis ont lanc\u00e9 aujourd\u2019hui, dans le cadre de leurs travaux trilat\u00e9raux men\u00e9s en vertu de l\u2019<em>Accord de coop\u00e9ration environnementale<\/em>\u00a0(ACE), un projet nord-am\u00e9ricain visant \u00e0 appuyer la transition des collectivit\u00e9s isol\u00e9es, \u00e9loign\u00e9es et autochtones \u00e0 des sources d\u2019\u00e9nergies propres, renouvelables et fiables, et ce, en collaboration avec l\u2019<em>International Renewable Energy Agency<\/em>\u00a0(IRENA, Agence internationale pour les \u00e9nergies renouvelables) et dans le contexte d\u2019une d\u00e9marche mondiale \u00e0 long terme.<\/p>\n<p>Pour la toute premi\u00e8re\u00a0fois, les trois\u00a0Parties \u00e0 l\u2019ACE, par l\u2019entremise de la Commission de coop\u00e9ration environnementale (<a href=\"https:\/\/www.cec.org\/fr\/\">CCE<\/a>), participent \u00e0 des travaux trilat\u00e9raux destin\u00e9s \u00e0 aider ces collectivit\u00e9s \u00e0 se doter de sources d\u2019\u00e9nergies renouvelables.<\/p>\n<p>Lors d\u2019un \u00e9v\u00e9nement portant sur les micror\u00e9seaux de collectivit\u00e9s autochtones aliment\u00e9es par des \u00e9nergies renouvelables \u00e0 l\u2019\u00e9chelle mondiale, organis\u00e9 \u00e0 l\u2019initiative de l\u2019entreprise canadienne \u00e0 vocation sociale\u00a0<em>Indigenous Clean Energy<\/em>\u00a0(ICE), l\u2019IRENA et Ressources naturelles Canada ont lanc\u00e9 conjointement le projet mondial et annonc\u00e9 en m\u00eame temps un investissement de 500\u00a0000\u00a0$\u00a0CA de la part du gouvernement du Canada en vue d\u2019\u00e9tablir la plateforme mondiale. La CCE, que dirige son Conseil compos\u00e9 du ministre de l\u2019Environnement et du Changement climatique du Canada (ECCC), Steven\u00a0Guilbeault, de la ministre du\u00a0<em>Secretar\u00eda de Medio Ambiente y Recursos Naturales<\/em>\u00a0(Semarnat, minist\u00e8re de l\u2019Environnement et des Ressources naturelles) du Mexique, Mar\u00eda\u00a0Luisa\u00a0Albores\u00a0Gonz\u00e1lez, et de l\u2019administrateur de l\u2019<em>Environmental Protection Agency<\/em>\u00a0(EPA, Agence pour la protection de l\u2019environnement) des \u00c9tats-Unis, Michael\u00a0S.\u00a0Regan, finance et entreprendra la phase nord-am\u00e9ricaine, laquelle constitue le premier volet du projet mondial de l\u2019IRENA d\u2019une dur\u00e9e de cinq\u00a0ans.<\/p>\n<p>Ce projet men\u00e9 \u00e0 l\u2019\u00e9chelle mondiale consiste \u00e0 cr\u00e9er une plateforme multilat\u00e9rale qui aidera les collectivit\u00e9s isol\u00e9es et \u00e9loign\u00e9es \u00e0 se doter de sources d\u2019\u00e9nergies renouvelables, car leur approvisionnement en \u00e9lectricit\u00e9 s\u2019effectue le plus souvent au moyen de minir\u00e9seaux aliment\u00e9s au diesel. Il vise \u00e0 soutenir les projets communautaires gr\u00e2ce \u00e0 l\u2019acquisition de nouvelles connaissances et au partage de pratiques exemplaires relativement \u00e0 l\u2019application de solutions r\u00e9gionales et locales dans le cadre de tels projets.<\/p>\n<p>La CCE lancera les travaux initiaux du projet mondial en menant une \u00e9tude de cas sur l\u2019application de pratiques exemplaires \u00e0 l\u2019\u00e9chelle de l\u2019Am\u00e9rique du Nord dans le cadre de la transition de ces collectivit\u00e9s \u00e0 des sources d\u2019\u00e9nergies plus propres, plus abordables et plus fiables, qui pourront compter sur un financement de 500\u00a0000\u00a0$\u00a0CA de la part du Canada, du Mexique et des \u00c9tats-Unis.<\/p>\n<p>\u00ab\u00a0Les collectivit\u00e9s \u00e9loign\u00e9es et autochtones sont touch\u00e9es de mani\u00e8re d\u00e9mesur\u00e9e par les d\u00e9fis \u00e9nerg\u00e9tiques\u00a0\u00bb, a d\u00e9clar\u00e9 le directeur ex\u00e9cutif de la CCE, Richard\u00a0A.\u00a0Morgan. \u00ab\u00a0Le projet nord\u2011am\u00e9ricain de la CCE permettra de jeter les bases d\u2019un effort mondial qui aidera les collectivit\u00e9s \u00e0 passer aux \u00e9nergies renouvelables et \u00e0 b\u00e9n\u00e9ficier ainsi d\u2019avantages tels que l\u2019am\u00e9lioration de la qualit\u00e9 de l\u2019air et de l\u2019eau \u00e0 l\u2019\u00e9chelle locale, le renforcement de la s\u00e9curit\u00e9 \u00e9nerg\u00e9tique, de nouvelles sources de revenus et des d\u00e9bouch\u00e9s \u00e9conomiques.\u00a0\u00bb<\/p>\n<p>La CCE collaborera \u00e0 l\u2019op\u00e9rationnalisation de la premi\u00e8re phase du projet. Elle consistera \u00e0 acqu\u00e9rir des connaissances de base sur les solutions d\u00e9centralis\u00e9es qu\u2019offrent les \u00e9nergies renouvelables destin\u00e9es aux collectivit\u00e9s isol\u00e9es et \u00e9loign\u00e9es, en s\u2019appuyant sur des travaux ant\u00e9rieurs qui ont permis de publier le\u00a0<a href=\"http:\/\/www3.cec.org\/islandora\/en\/item\/3610-guide-developing-community-renewable-energy-project-in-north-america-en.pdf\"><em>Guide to Developing a Community Renewable Energy Project in North America<\/em><\/a>\u00a0(Guide de mise sur pied d\u2019un projet communautaire de production d\u2019\u00e9nergie renouvelable en Am\u00e9rique du Nord),\u00a0ainsi que sur les comp\u00e9tences du Groupe de sp\u00e9cialistes des connaissances \u00e9cologiques traditionnelles (GSCET) en vue d\u2019\u00e9laborer des pratiques exemplaires qui favorisent la s\u00e9curit\u00e9 \u00e9nerg\u00e9tique dans certaines des r\u00e9gions les plus isol\u00e9es du monde. L\u2019\u00e9tude de cas nord-am\u00e9ricaine fournira des mod\u00e8les et des strat\u00e9gies destin\u00e9s aux pays qui font face \u00e0 de semblables d\u00e9fis.<\/p>\n","protected":false},"excerpt":{"rendered":"<p>Ce projet trilat\u00e9ral nord-am\u00e9ricain donnera lieu \u00e0 la premi\u00e8re \u00e9tude de cas pour la plateforme mondiale de l\u2019IRENA en vue de soutenir la transition des collectivit\u00e9s \u00e9loign\u00e9es, rurales et autochtones aux \u00e9nergies renouvelables \u00e0 l\u2019\u00e9chelle mondiale. Glasgow, le 4 novembre 2021 \u2014\u00a0\u00c0 l\u2019occasion de la 26e\u00a0Conf\u00e9rence des Parties (COP26) tenue \u00e0 Glasgow, en \u00c9cosse, le [&hellip;]<\/p>\n","protected":false},"featured_media":29259,"template":"","class_list":["post-46503","news","type-news","status-publish","has-post-thumbnail","hentry"],"acf":[],"yoast_head":"<!-- This site is optimized with the Yoast SEO Premium plugin v27.4 (Yoast SEO v27.4) - https:\/\/yoast.com\/product\/yoast-seo-premium-wordpress\/ -->\n<title>Le Canada, le Mexique et les \u00c9tats-Unis lancent un projet mondial de transition aux \u00e9nergies renouvelables pour les collectivit\u00e9s \u00e9loign\u00e9es et autochtones<\/title>\n<meta name=\"description\" content=\"Ce projet trilat\u00e9ral nord-am\u00e9ricain donnera lieu \u00e0 la premi\u00e8re \u00e9tude de cas pour la plateforme mondiale de l\u2019IRENA en vue de soutenir la transition des\" \/>\n<meta name=\"robots\" content=\"index, follow, max-snippet:-1, max-image-preview:large, max-video-preview:-1\" \/>\n<link rel=\"canonical\" href=\"https:\/\/www.cec.org\/fr\/nouvelles\/le-canada-le-mexique-et-les-etats-unis-lancent-un-projet-mondial-de-transition-aux-energies-renouvelables-pour-les-collectivites-eloignees-et-autochtones\/\" \/>\n<meta property=\"og:locale\" content=\"fr_FR\" \/>\n<meta property=\"og:type\" content=\"article\" \/>\n<meta property=\"og:title\" content=\"Le Canada, le Mexique et les \u00c9tats-Unis lancent un projet mondial de transition aux \u00e9nergies renouvelables pour les collectivit\u00e9s \u00e9loign\u00e9es et autochtones\" \/>\n<meta property=\"og:description\" content=\"Ce projet trilat\u00e9ral nord-am\u00e9ricain donnera lieu \u00e0 la premi\u00e8re \u00e9tude de cas pour la plateforme mondiale de l\u2019IRENA en vue de soutenir la transition des\" \/>\n<meta property=\"og:url\" content=\"https:\/\/www.cec.org\/fr\/nouvelles\/le-canada-le-mexique-et-les-etats-unis-lancent-un-projet-mondial-de-transition-aux-energies-renouvelables-pour-les-collectivites-eloignees-et-autochtones\/\" \/>\n<meta property=\"og:site_name\" content=\"Commission de coop\u00e9ration environnementale\" \/>\n<meta property=\"article:publisher\" content=\"https:\/\/www.facebook.com\/CECconnect\" \/>\n<meta property=\"og:image\" content=\"https:\/\/www.cec.org\/wp-content\/uploads\/2014\/03\/nafta.jpg\" \/>\n\t<meta property=\"og:image:width\" content=\"600\" \/>\n\t<meta property=\"og:image:height\" content=\"400\" \/>\n\t<meta property=\"og:image:type\" content=\"image\/jpeg\" \/>\n<meta name=\"twitter:card\" content=\"summary_large_image\" \/>\n<meta name=\"twitter:site\" content=\"@CECweb\" \/>\n<script type=\"application\/ld+json\" class=\"yoast-schema-graph\">{\"@context\":\"https:\\\/\\\/schema.org\",\"@graph\":[{\"@type\":\"WebPage\",\"@id\":\"https:\\\/\\\/www.cec.org\\\/fr\\\/nouvelles\\\/le-canada-le-mexique-et-les-etats-unis-lancent-un-projet-mondial-de-transition-aux-energies-renouvelables-pour-les-collectivites-eloignees-et-autochtones\\\/\",\"url\":\"https:\\\/\\\/www.cec.org\\\/fr\\\/nouvelles\\\/le-canada-le-mexique-et-les-etats-unis-lancent-un-projet-mondial-de-transition-aux-energies-renouvelables-pour-les-collectivites-eloignees-et-autochtones\\\/\",\"name\":\"Le Canada, le Mexique et les \u00c9tats-Unis lancent un projet mondial de transition aux \u00e9nergies renouvelables pour les collectivit\u00e9s \u00e9loign\u00e9es et autochtones\",\"isPartOf\":{\"@id\":\"https:\\\/\\\/www.cec.org\\\/fr\\\/#website\"},\"primaryImageOfPage\":{\"@id\":\"https:\\\/\\\/www.cec.org\\\/fr\\\/nouvelles\\\/le-canada-le-mexique-et-les-etats-unis-lancent-un-projet-mondial-de-transition-aux-energies-renouvelables-pour-les-collectivites-eloignees-et-autochtones\\\/#primaryimage\"},\"image\":{\"@id\":\"https:\\\/\\\/www.cec.org\\\/fr\\\/nouvelles\\\/le-canada-le-mexique-et-les-etats-unis-lancent-un-projet-mondial-de-transition-aux-energies-renouvelables-pour-les-collectivites-eloignees-et-autochtones\\\/#primaryimage\"},\"thumbnailUrl\":\"https:\\\/\\\/www.cec.org\\\/wp-content\\\/uploads\\\/2014\\\/03\\\/nafta.jpg\",\"datePublished\":\"2021-11-04T18:09:38+00:00\",\"description\":\"Ce projet trilat\u00e9ral nord-am\u00e9ricain donnera lieu \u00e0 la premi\u00e8re \u00e9tude de cas pour la plateforme mondiale de l\u2019IRENA en vue de soutenir la transition des\",\"breadcrumb\":{\"@id\":\"https:\\\/\\\/www.cec.org\\\/fr\\\/nouvelles\\\/le-canada-le-mexique-et-les-etats-unis-lancent-un-projet-mondial-de-transition-aux-energies-renouvelables-pour-les-collectivites-eloignees-et-autochtones\\\/#breadcrumb\"},\"inLanguage\":\"fr-FR\",\"potentialAction\":[{\"@type\":\"ReadAction\",\"target\":[\"https:\\\/\\\/www.cec.org\\\/fr\\\/nouvelles\\\/le-canada-le-mexique-et-les-etats-unis-lancent-un-projet-mondial-de-transition-aux-energies-renouvelables-pour-les-collectivites-eloignees-et-autochtones\\\/\"]}]},{\"@type\":\"ImageObject\",\"inLanguage\":\"fr-FR\",\"@id\":\"https:\\\/\\\/www.cec.org\\\/fr\\\/nouvelles\\\/le-canada-le-mexique-et-les-etats-unis-lancent-un-projet-mondial-de-transition-aux-energies-renouvelables-pour-les-collectivites-eloignees-et-autochtones\\\/#primaryimage\",\"url\":\"https:\\\/\\\/www.cec.org\\\/wp-content\\\/uploads\\\/2014\\\/03\\\/nafta.jpg\",\"contentUrl\":\"https:\\\/\\\/www.cec.org\\\/wp-content\\\/uploads\\\/2014\\\/03\\\/nafta.jpg\",\"width\":600,\"height\":400},{\"@type\":\"BreadcrumbList\",\"@id\":\"https:\\\/\\\/www.cec.org\\\/fr\\\/nouvelles\\\/le-canada-le-mexique-et-les-etats-unis-lancent-un-projet-mondial-de-transition-aux-energies-renouvelables-pour-les-collectivites-eloignees-et-autochtones\\\/#breadcrumb\",\"itemListElement\":[{\"@type\":\"ListItem\",\"position\":1,\"name\":\"Accueil\",\"item\":\"https:\\\/\\\/www.cec.org\\\/fr\\\/\"},{\"@type\":\"ListItem\",\"position\":2,\"name\":\"Nouvelles\",\"item\":\"https:\\\/\\\/www.cec.org\\\/fr\\\/nouvelles\\\/\"},{\"@type\":\"ListItem\",\"position\":3,\"name\":\"Le Canada, le Mexique et les \u00c9tats-Unis lancent un projet mondial de transition aux \u00e9nergies renouvelables pour les collectivit\u00e9s \u00e9loign\u00e9es et autochtones\"}]},{\"@type\":\"WebSite\",\"@id\":\"https:\\\/\\\/www.cec.org\\\/fr\\\/#website\",\"url\":\"https:\\\/\\\/www.cec.org\\\/fr\\\/\",\"name\":\"Commission for Environmental Cooperation\",\"description\":\"Three countries working together to protect our shared environment\",\"alternateName\":\"CEC - CCA -CCE\",\"potentialAction\":[{\"@type\":\"SearchAction\",\"target\":{\"@type\":\"EntryPoint\",\"urlTemplate\":\"https:\\\/\\\/www.cec.org\\\/fr\\\/?s={search_term_string}\"},\"query-input\":{\"@type\":\"PropertyValueSpecification\",\"valueRequired\":true,\"valueName\":\"search_term_string\"}}],\"inLanguage\":\"fr-FR\"}]}<\/script>\n<!-- \/ Yoast SEO Premium plugin. -->","yoast_head_json":{"title":"Le Canada, le Mexique et les \u00c9tats-Unis lancent un projet mondial de transition aux \u00e9nergies renouvelables pour les collectivit\u00e9s \u00e9loign\u00e9es et autochtones","description":"Ce projet trilat\u00e9ral nord-am\u00e9ricain donnera lieu \u00e0 la premi\u00e8re \u00e9tude de cas pour la plateforme mondiale de l\u2019IRENA en vue de soutenir la transition des","robots":{"index":"index","follow":"follow","max-snippet":"max-snippet:-1","max-image-preview":"max-image-preview:large","max-video-preview":"max-video-preview:-1"},"canonical":"https:\/\/www.cec.org\/fr\/nouvelles\/le-canada-le-mexique-et-les-etats-unis-lancent-un-projet-mondial-de-transition-aux-energies-renouvelables-pour-les-collectivites-eloignees-et-autochtones\/","og_locale":"fr_FR","og_type":"article","og_title":"Le Canada, le Mexique et les \u00c9tats-Unis lancent un projet mondial de transition aux \u00e9nergies renouvelables pour les collectivit\u00e9s \u00e9loign\u00e9es et autochtones","og_description":"Ce projet trilat\u00e9ral nord-am\u00e9ricain donnera lieu \u00e0 la premi\u00e8re \u00e9tude de cas pour la plateforme mondiale de l\u2019IRENA en vue de soutenir la transition des","og_url":"https:\/\/www.cec.org\/fr\/nouvelles\/le-canada-le-mexique-et-les-etats-unis-lancent-un-projet-mondial-de-transition-aux-energies-renouvelables-pour-les-collectivites-eloignees-et-autochtones\/","og_site_name":"Commission de coop\u00e9ration environnementale","article_publisher":"https:\/\/www.facebook.com\/CECconnect","og_image":[{"width":600,"height":400,"url":"https:\/\/www.cec.org\/wp-content\/uploads\/2014\/03\/nafta.jpg","type":"image\/jpeg"}],"twitter_card":"summary_large_image","twitter_site":"@CECweb","schema":{"@context":"https:\/\/schema.org","@graph":[{"@type":"WebPage","@id":"https:\/\/www.cec.org\/fr\/nouvelles\/le-canada-le-mexique-et-les-etats-unis-lancent-un-projet-mondial-de-transition-aux-energies-renouvelables-pour-les-collectivites-eloignees-et-autochtones\/","url":"https:\/\/www.cec.org\/fr\/nouvelles\/le-canada-le-mexique-et-les-etats-unis-lancent-un-projet-mondial-de-transition-aux-energies-renouvelables-pour-les-collectivites-eloignees-et-autochtones\/","name":"Le Canada, le Mexique et les \u00c9tats-Unis lancent un projet mondial de transition aux \u00e9nergies renouvelables pour les collectivit\u00e9s \u00e9loign\u00e9es et autochtones","isPartOf":{"@id":"https:\/\/www.cec.org\/fr\/#website"},"primaryImageOfPage":{"@id":"https:\/\/www.cec.org\/fr\/nouvelles\/le-canada-le-mexique-et-les-etats-unis-lancent-un-projet-mondial-de-transition-aux-energies-renouvelables-pour-les-collectivites-eloignees-et-autochtones\/#primaryimage"},"image":{"@id":"https:\/\/www.cec.org\/fr\/nouvelles\/le-canada-le-mexique-et-les-etats-unis-lancent-un-projet-mondial-de-transition-aux-energies-renouvelables-pour-les-collectivites-eloignees-et-autochtones\/#primaryimage"},"thumbnailUrl":"https:\/\/www.cec.org\/wp-content\/uploads\/2014\/03\/nafta.jpg","datePublished":"2021-11-04T18:09:38+00:00","description":"Ce projet trilat\u00e9ral nord-am\u00e9ricain donnera lieu \u00e0 la premi\u00e8re \u00e9tude de cas pour la plateforme mondiale de l\u2019IRENA en vue de soutenir la transition des","breadcrumb":{"@id":"https:\/\/www.cec.org\/fr\/nouvelles\/le-canada-le-mexique-et-les-etats-unis-lancent-un-projet-mondial-de-transition-aux-energies-renouvelables-pour-les-collectivites-eloignees-et-autochtones\/#breadcrumb"},"inLanguage":"fr-FR","potentialAction":[{"@type":"ReadAction","target":["https:\/\/www.cec.org\/fr\/nouvelles\/le-canada-le-mexique-et-les-etats-unis-lancent-un-projet-mondial-de-transition-aux-energies-renouvelables-pour-les-collectivites-eloignees-et-autochtones\/"]}]},{"@type":"ImageObject","inLanguage":"fr-FR","@id":"https:\/\/www.cec.org\/fr\/nouvelles\/le-canada-le-mexique-et-les-etats-unis-lancent-un-projet-mondial-de-transition-aux-energies-renouvelables-pour-les-collectivites-eloignees-et-autochtones\/#primaryimage","url":"https:\/\/www.cec.org\/wp-content\/uploads\/2014\/03\/nafta.jpg","contentUrl":"https:\/\/www.cec.org\/wp-content\/uploads\/2014\/03\/nafta.jpg","width":600,"height":400},{"@type":"BreadcrumbList","@id":"https:\/\/www.cec.org\/fr\/nouvelles\/le-canada-le-mexique-et-les-etats-unis-lancent-un-projet-mondial-de-transition-aux-energies-renouvelables-pour-les-collectivites-eloignees-et-autochtones\/#breadcrumb","itemListElement":[{"@type":"ListItem","position":1,"name":"Accueil","item":"https:\/\/www.cec.org\/fr\/"},{"@type":"ListItem","position":2,"name":"Nouvelles","item":"https:\/\/www.cec.org\/fr\/nouvelles\/"},{"@type":"ListItem","position":3,"name":"Le Canada, le Mexique et les \u00c9tats-Unis lancent un projet mondial de transition aux \u00e9nergies renouvelables pour les collectivit\u00e9s \u00e9loign\u00e9es et autochtones"}]},{"@type":"WebSite","@id":"https:\/\/www.cec.org\/fr\/#website","url":"https:\/\/www.cec.org\/fr\/","name":"Commission for Environmental Cooperation","description":"Three countries working together to protect our shared environment","alternateName":"CEC - CCA -CCE","potentialAction":[{"@type":"SearchAction","target":{"@type":"EntryPoint","urlTemplate":"https:\/\/www.cec.org\/fr\/?s={search_term_string}"},"query-input":{"@type":"PropertyValueSpecification","valueRequired":true,"valueName":"search_term_string"}}],"inLanguage":"fr-FR"}]}},"_links":{"self":[{"href":"https:\/\/www.cec.org\/fr\/wp-json\/wp\/v2\/news\/46503","targetHints":{"allow":["GET"]}}],"collection":[{"href":"https:\/\/www.cec.org\/fr\/wp-json\/wp\/v2\/news"}],"about":[{"href":"https:\/\/www.cec.org\/fr\/wp-json\/wp\/v2\/types\/news"}],"wp:featuredmedia":[{"embeddable":true,"href":"https:\/\/www.cec.org\/fr\/wp-json\/wp\/v2\/media\/29259"}],"wp:attachment":[{"href":"https:\/\/www.cec.org\/fr\/wp-json\/wp\/v2\/media?parent=46503"}],"curies":[{"name":"wp","href":"https:\/\/api.w.org\/{rel}","templated":true}]}}