{"id":11753,"date":"2009-10-18T17:30:01","date_gmt":"2009-10-18T21:30:01","guid":{"rendered":"http:\/\/www.cec.org\/mejoramiento-de-la-gestion-de-la-calidad-del-aire-en-america-del-norte\/"},"modified":"2025-06-16T18:07:59","modified_gmt":"2025-06-16T22:07:59","slug":"mejoramiento-de-la-gestion-de-la-calidad-del-aire-en-america-del-norte","status":"publish","type":"post","link":"https:\/\/www.cec.org\/es\/mejoramiento-de-la-gestion-de-la-calidad-del-aire-en-america-del-norte\/","title":{"rendered":"Mejoramiento de la gesti\u00f3n de la calidad del aire en Am\u00e9rica del Norte"},"content":{"rendered":"<p>El objetivo fundamental de este proyecto es lograr un panorama m\u00e1s\u00a0completo de la calidad del aire y las emisiones atmosf\u00e9ricas en Am\u00e9rica del\u00a0Norte para apoyar la toma de decisiones al respecto en los tres pa\u00edses.<\/p>\n<p>Las actividades de 2010 permitir\u00e1n completar algunas tareas b\u00e1sicas del Plan\u00a0Operativo 2009 de la CCA asociadas con la actualizaci\u00f3n del Inventario\u00a0Nacional de Emisiones de M\u00e9xico, la publicaci\u00f3n del Inventario de\u00a0Emisiones de las Centrales El\u00e9ctricas de Am\u00e9rica del Norte y la continuaci\u00f3n\u00a0de las actividades orientadas a la integraci\u00f3n de datos e informaci\u00f3n de las\u00a0redes de monitoreo atmosf\u00e9rico de Am\u00e9rica del Norte, conforme al sistema\u00a0internacional AirNow, adem\u00e1s de ofrecer la oportunidad de evaluar los\u00a0trabajos realizados a la fecha y considerar las actividades futuras para el\u00a0nuevo Plan Estrat\u00e9gico 2010-2015 de la Comisi\u00f3n.<\/p>\n","protected":false},"excerpt":{"rendered":"<p>El objetivo fundamental de este proyecto es lograr un panorama m\u00e1s\u00a0completo de la calidad del aire y las emisiones atmosf\u00e9ricas en Am\u00e9rica del\u00a0Norte para apoyar la toma de decisiones al respecto en los tres pa\u00edses. Las actividades de 2010 permitir\u00e1n completar algunas tareas b\u00e1sicas del Plan\u00a0Operativo 2009 de la CCA asociadas con la actualizaci\u00f3n del [&hellip;]<\/p>\n","protected":false},"author":1,"featured_media":4759,"comment_status":"closed","ping_status":"closed","sticky":false,"template":"","format":"standard","meta":{"_acf_changed":false,"footnotes":""},"categories":[42,664],"tags":[],"class_list":["post-11753","post","type-post","status-publish","format-standard","has-post-thumbnail","hentry","category-contaminantes","category-mejoramiento-de-la-calidad-del-aire","status-concluido"],"acf":[],"yoast_head":"<!-- This site is optimized with the Yoast SEO Premium plugin v27.4 (Yoast SEO v27.4) - https:\/\/yoast.com\/product\/yoast-seo-premium-wordpress\/ -->\n<title>Mejoramiento de la gesti\u00f3n de la calidad del aire en Am\u00e9rica del Norte<\/title>\n<meta name=\"description\" content=\"Este proyecto ofrecer\u00e1 un panorama m\u00e1s completo de Am\u00e9rica del Norte en lo concerniente a la calidad del aire y las emisiones atmosf\u00e9ricas...\" \/>\n<meta name=\"robots\" content=\"index, follow, max-snippet:-1, max-image-preview:large, max-video-preview:-1\" \/>\n<link rel=\"canonical\" href=\"https:\/\/www.cec.org\/es\/mejoramiento-de-la-gestion-de-la-calidad-del-aire-en-america-del-norte\/\" \/>\n<meta property=\"og:locale\" content=\"es_ES\" \/>\n<meta property=\"og:type\" content=\"article\" \/>\n<meta property=\"og:title\" content=\"Mejoramiento de la gesti\u00f3n de la calidad del aire en Am\u00e9rica del Norte\" \/>\n<meta property=\"og:description\" content=\"El objetivo fundamental de este proyecto es lograr un panorama m\u00e1s\u00a0completo de la calidad del aire y las emisiones atmosf\u00e9ricas en Am\u00e9rica del\u00a0Norte para\" \/>\n<meta property=\"og:url\" content=\"https:\/\/www.cec.org\/es\/mejoramiento-de-la-gestion-de-la-calidad-del-aire-en-america-del-norte\/\" \/>\n<meta property=\"og:site_name\" content=\"Comisi\u00f3n para la Cooperaci\u00f3n Ambiental\" \/>\n<meta property=\"article:publisher\" content=\"https:\/\/www.facebook.com\/CECconnect\" \/>\n<meta property=\"article:published_time\" content=\"2009-10-18T21:30:01+00:00\" \/>\n<meta property=\"article:modified_time\" content=\"2025-06-16T22:07:59+00:00\" \/>\n<meta property=\"og:image\" content=\"https:\/\/www.cec.org\/wp-content\/uploads\/2019\/10\/po_na_airquality.jpg\" \/>\n\t<meta property=\"og:image:width\" content=\"600\" \/>\n\t<meta property=\"og:image:height\" content=\"342\" \/>\n\t<meta property=\"og:image:type\" content=\"image\/jpeg\" \/>\n<meta name=\"author\" content=\"cecmain_adm\" \/>\n<meta name=\"twitter:card\" content=\"summary_large_image\" \/>\n<meta name=\"twitter:creator\" content=\"@CECweb\" \/>\n<meta name=\"twitter:site\" content=\"@CECweb\" \/>\n<script type=\"application\/ld+json\" class=\"yoast-schema-graph\">{\"@context\":\"https:\\\/\\\/schema.org\",\"@graph\":[{\"@type\":\"Article\",\"@id\":\"https:\\\/\\\/www.cec.org\\\/es\\\/mejoramiento-de-la-gestion-de-la-calidad-del-aire-en-america-del-norte\\\/#article\",\"isPartOf\":{\"@id\":\"https:\\\/\\\/www.cec.org\\\/es\\\/mejoramiento-de-la-gestion-de-la-calidad-del-aire-en-america-del-norte\\\/\"},\"author\":{\"name\":\"cecmain_adm\",\"@id\":\"https:\\\/\\\/www.cec.org\\\/es\\\/#\\\/schema\\\/person\\\/cfaad09db438c516cb646ff4ea6f47bd\"},\"headline\":\"Mejoramiento de la gesti\u00f3n de la calidad del aire en Am\u00e9rica del Norte\",\"datePublished\":\"2009-10-18T21:30:01+00:00\",\"dateModified\":\"2025-06-16T22:07:59+00:00\",\"mainEntityOfPage\":{\"@id\":\"https:\\\/\\\/www.cec.org\\\/es\\\/mejoramiento-de-la-gestion-de-la-calidad-del-aire-en-america-del-norte\\\/\"},\"wordCount\":166,\"image\":{\"@id\":\"https:\\\/\\\/www.cec.org\\\/es\\\/mejoramiento-de-la-gestion-de-la-calidad-del-aire-en-america-del-norte\\\/#primaryimage\"},\"thumbnailUrl\":\"https:\\\/\\\/www.cec.org\\\/wp-content\\\/uploads\\\/2019\\\/10\\\/po_na_airquality.jpg\",\"articleSection\":[\"Contaminantes\",\"Mejoramiento de la calidad del aire\"],\"inLanguage\":\"es\"},{\"@type\":\"WebPage\",\"@id\":\"https:\\\/\\\/www.cec.org\\\/es\\\/mejoramiento-de-la-gestion-de-la-calidad-del-aire-en-america-del-norte\\\/\",\"url\":\"https:\\\/\\\/www.cec.org\\\/es\\\/mejoramiento-de-la-gestion-de-la-calidad-del-aire-en-america-del-norte\\\/\",\"name\":\"Mejoramiento de la gesti\u00f3n de la calidad del aire en Am\u00e9rica del Norte\",\"isPartOf\":{\"@id\":\"https:\\\/\\\/www.cec.org\\\/es\\\/#website\"},\"primaryImageOfPage\":{\"@id\":\"https:\\\/\\\/www.cec.org\\\/es\\\/mejoramiento-de-la-gestion-de-la-calidad-del-aire-en-america-del-norte\\\/#primaryimage\"},\"image\":{\"@id\":\"https:\\\/\\\/www.cec.org\\\/es\\\/mejoramiento-de-la-gestion-de-la-calidad-del-aire-en-america-del-norte\\\/#primaryimage\"},\"thumbnailUrl\":\"https:\\\/\\\/www.cec.org\\\/wp-content\\\/uploads\\\/2019\\\/10\\\/po_na_airquality.jpg\",\"datePublished\":\"2009-10-18T21:30:01+00:00\",\"dateModified\":\"2025-06-16T22:07:59+00:00\",\"author\":{\"@id\":\"https:\\\/\\\/www.cec.org\\\/es\\\/#\\\/schema\\\/person\\\/cfaad09db438c516cb646ff4ea6f47bd\"},\"description\":\"Este proyecto ofrecer\u00e1 un panorama m\u00e1s completo de Am\u00e9rica del Norte en lo concerniente a la calidad del aire y las emisiones atmosf\u00e9ricas...\",\"breadcrumb\":{\"@id\":\"https:\\\/\\\/www.cec.org\\\/es\\\/mejoramiento-de-la-gestion-de-la-calidad-del-aire-en-america-del-norte\\\/#breadcrumb\"},\"inLanguage\":\"es\",\"potentialAction\":[{\"@type\":\"ReadAction\",\"target\":[\"https:\\\/\\\/www.cec.org\\\/es\\\/mejoramiento-de-la-gestion-de-la-calidad-del-aire-en-america-del-norte\\\/\"]}]},{\"@type\":\"ImageObject\",\"inLanguage\":\"es\",\"@id\":\"https:\\\/\\\/www.cec.org\\\/es\\\/mejoramiento-de-la-gestion-de-la-calidad-del-aire-en-america-del-norte\\\/#primaryimage\",\"url\":\"https:\\\/\\\/www.cec.org\\\/wp-content\\\/uploads\\\/2019\\\/10\\\/po_na_airquality.jpg\",\"contentUrl\":\"https:\\\/\\\/www.cec.org\\\/wp-content\\\/uploads\\\/2019\\\/10\\\/po_na_airquality.jpg\",\"width\":600,\"height\":342,\"caption\":\"CEc Projects - air emissions\"},{\"@type\":\"BreadcrumbList\",\"@id\":\"https:\\\/\\\/www.cec.org\\\/es\\\/mejoramiento-de-la-gestion-de-la-calidad-del-aire-en-america-del-norte\\\/#breadcrumb\",\"itemListElement\":[{\"@type\":\"ListItem\",\"position\":1,\"name\":\"Inicio\",\"item\":\"https:\\\/\\\/www.cec.org\\\/es\\\/\"},{\"@type\":\"ListItem\",\"position\":2,\"name\":\"Mejoramiento de la gesti\u00f3n de la calidad del aire en Am\u00e9rica del Norte\"}]},{\"@type\":\"WebSite\",\"@id\":\"https:\\\/\\\/www.cec.org\\\/es\\\/#website\",\"url\":\"https:\\\/\\\/www.cec.org\\\/es\\\/\",\"name\":\"Commission for Environmental Cooperation\",\"description\":\"Three countries working together to protect our shared environment\",\"alternateName\":\"CEC - CCA -CCE\",\"potentialAction\":[{\"@type\":\"SearchAction\",\"target\":{\"@type\":\"EntryPoint\",\"urlTemplate\":\"https:\\\/\\\/www.cec.org\\\/es\\\/?s={search_term_string}\"},\"query-input\":{\"@type\":\"PropertyValueSpecification\",\"valueRequired\":true,\"valueName\":\"search_term_string\"}}],\"inLanguage\":\"es\"},{\"@type\":\"Person\",\"@id\":\"https:\\\/\\\/www.cec.org\\\/es\\\/#\\\/schema\\\/person\\\/cfaad09db438c516cb646ff4ea6f47bd\",\"name\":\"cecmain_adm\",\"image\":{\"@type\":\"ImageObject\",\"inLanguage\":\"es\",\"@id\":\"https:\\\/\\\/secure.gravatar.com\\\/avatar\\\/a8f608e33cee97f3c3c65bd1a9f0c7bf3e6726944b6bfc60ad0a39ccaf49f67a?s=96&d=mm&r=g\",\"url\":\"https:\\\/\\\/secure.gravatar.com\\\/avatar\\\/a8f608e33cee97f3c3c65bd1a9f0c7bf3e6726944b6bfc60ad0a39ccaf49f67a?s=96&d=mm&r=g\",\"contentUrl\":\"https:\\\/\\\/secure.gravatar.com\\\/avatar\\\/a8f608e33cee97f3c3c65bd1a9f0c7bf3e6726944b6bfc60ad0a39ccaf49f67a?s=96&d=mm&r=g\",\"caption\":\"cecmain_adm\"}}]}<\/script>\n<!-- \/ Yoast SEO Premium plugin. -->","yoast_head_json":{"title":"Mejoramiento de la gesti\u00f3n de la calidad del aire en Am\u00e9rica del Norte","description":"Este proyecto ofrecer\u00e1 un panorama m\u00e1s completo de Am\u00e9rica del Norte en lo concerniente a la calidad del aire y las emisiones atmosf\u00e9ricas...","robots":{"index":"index","follow":"follow","max-snippet":"max-snippet:-1","max-image-preview":"max-image-preview:large","max-video-preview":"max-video-preview:-1"},"canonical":"https:\/\/www.cec.org\/es\/mejoramiento-de-la-gestion-de-la-calidad-del-aire-en-america-del-norte\/","og_locale":"es_ES","og_type":"article","og_title":"Mejoramiento de la gesti\u00f3n de la calidad del aire en Am\u00e9rica del Norte","og_description":"El objetivo fundamental de este proyecto es lograr un panorama m\u00e1s\u00a0completo de la calidad del aire y las emisiones atmosf\u00e9ricas en Am\u00e9rica del\u00a0Norte para","og_url":"https:\/\/www.cec.org\/es\/mejoramiento-de-la-gestion-de-la-calidad-del-aire-en-america-del-norte\/","og_site_name":"Comisi\u00f3n para la Cooperaci\u00f3n Ambiental","article_publisher":"https:\/\/www.facebook.com\/CECconnect","article_published_time":"2009-10-18T21:30:01+00:00","article_modified_time":"2025-06-16T22:07:59+00:00","og_image":[{"width":600,"height":342,"url":"https:\/\/www.cec.org\/wp-content\/uploads\/2019\/10\/po_na_airquality.jpg","type":"image\/jpeg"}],"author":"cecmain_adm","twitter_card":"summary_large_image","twitter_creator":"@CECweb","twitter_site":"@CECweb","schema":{"@context":"https:\/\/schema.org","@graph":[{"@type":"Article","@id":"https:\/\/www.cec.org\/es\/mejoramiento-de-la-gestion-de-la-calidad-del-aire-en-america-del-norte\/#article","isPartOf":{"@id":"https:\/\/www.cec.org\/es\/mejoramiento-de-la-gestion-de-la-calidad-del-aire-en-america-del-norte\/"},"author":{"name":"cecmain_adm","@id":"https:\/\/www.cec.org\/es\/#\/schema\/person\/cfaad09db438c516cb646ff4ea6f47bd"},"headline":"Mejoramiento de la gesti\u00f3n de la calidad del aire en Am\u00e9rica del Norte","datePublished":"2009-10-18T21:30:01+00:00","dateModified":"2025-06-16T22:07:59+00:00","mainEntityOfPage":{"@id":"https:\/\/www.cec.org\/es\/mejoramiento-de-la-gestion-de-la-calidad-del-aire-en-america-del-norte\/"},"wordCount":166,"image":{"@id":"https:\/\/www.cec.org\/es\/mejoramiento-de-la-gestion-de-la-calidad-del-aire-en-america-del-norte\/#primaryimage"},"thumbnailUrl":"https:\/\/www.cec.org\/wp-content\/uploads\/2019\/10\/po_na_airquality.jpg","articleSection":["Contaminantes","Mejoramiento de la calidad del aire"],"inLanguage":"es"},{"@type":"WebPage","@id":"https:\/\/www.cec.org\/es\/mejoramiento-de-la-gestion-de-la-calidad-del-aire-en-america-del-norte\/","url":"https:\/\/www.cec.org\/es\/mejoramiento-de-la-gestion-de-la-calidad-del-aire-en-america-del-norte\/","name":"Mejoramiento de la gesti\u00f3n de la calidad del aire en Am\u00e9rica del Norte","isPartOf":{"@id":"https:\/\/www.cec.org\/es\/#website"},"primaryImageOfPage":{"@id":"https:\/\/www.cec.org\/es\/mejoramiento-de-la-gestion-de-la-calidad-del-aire-en-america-del-norte\/#primaryimage"},"image":{"@id":"https:\/\/www.cec.org\/es\/mejoramiento-de-la-gestion-de-la-calidad-del-aire-en-america-del-norte\/#primaryimage"},"thumbnailUrl":"https:\/\/www.cec.org\/wp-content\/uploads\/2019\/10\/po_na_airquality.jpg","datePublished":"2009-10-18T21:30:01+00:00","dateModified":"2025-06-16T22:07:59+00:00","author":{"@id":"https:\/\/www.cec.org\/es\/#\/schema\/person\/cfaad09db438c516cb646ff4ea6f47bd"},"description":"Este proyecto ofrecer\u00e1 un panorama m\u00e1s completo de Am\u00e9rica del Norte en lo concerniente a la calidad del aire y las emisiones atmosf\u00e9ricas...","breadcrumb":{"@id":"https:\/\/www.cec.org\/es\/mejoramiento-de-la-gestion-de-la-calidad-del-aire-en-america-del-norte\/#breadcrumb"},"inLanguage":"es","potentialAction":[{"@type":"ReadAction","target":["https:\/\/www.cec.org\/es\/mejoramiento-de-la-gestion-de-la-calidad-del-aire-en-america-del-norte\/"]}]},{"@type":"ImageObject","inLanguage":"es","@id":"https:\/\/www.cec.org\/es\/mejoramiento-de-la-gestion-de-la-calidad-del-aire-en-america-del-norte\/#primaryimage","url":"https:\/\/www.cec.org\/wp-content\/uploads\/2019\/10\/po_na_airquality.jpg","contentUrl":"https:\/\/www.cec.org\/wp-content\/uploads\/2019\/10\/po_na_airquality.jpg","width":600,"height":342,"caption":"CEc Projects - air emissions"},{"@type":"BreadcrumbList","@id":"https:\/\/www.cec.org\/es\/mejoramiento-de-la-gestion-de-la-calidad-del-aire-en-america-del-norte\/#breadcrumb","itemListElement":[{"@type":"ListItem","position":1,"name":"Inicio","item":"https:\/\/www.cec.org\/es\/"},{"@type":"ListItem","position":2,"name":"Mejoramiento de la gesti\u00f3n de la calidad del aire en Am\u00e9rica del Norte"}]},{"@type":"WebSite","@id":"https:\/\/www.cec.org\/es\/#website","url":"https:\/\/www.cec.org\/es\/","name":"Commission for Environmental Cooperation","description":"Three countries working together to protect our shared environment","alternateName":"CEC - CCA -CCE","potentialAction":[{"@type":"SearchAction","target":{"@type":"EntryPoint","urlTemplate":"https:\/\/www.cec.org\/es\/?s={search_term_string}"},"query-input":{"@type":"PropertyValueSpecification","valueRequired":true,"valueName":"search_term_string"}}],"inLanguage":"es"},{"@type":"Person","@id":"https:\/\/www.cec.org\/es\/#\/schema\/person\/cfaad09db438c516cb646ff4ea6f47bd","name":"cecmain_adm","image":{"@type":"ImageObject","inLanguage":"es","@id":"https:\/\/secure.gravatar.com\/avatar\/a8f608e33cee97f3c3c65bd1a9f0c7bf3e6726944b6bfc60ad0a39ccaf49f67a?s=96&d=mm&r=g","url":"https:\/\/secure.gravatar.com\/avatar\/a8f608e33cee97f3c3c65bd1a9f0c7bf3e6726944b6bfc60ad0a39ccaf49f67a?s=96&d=mm&r=g","contentUrl":"https:\/\/secure.gravatar.com\/avatar\/a8f608e33cee97f3c3c65bd1a9f0c7bf3e6726944b6bfc60ad0a39ccaf49f67a?s=96&d=mm&r=g","caption":"cecmain_adm"}}]}},"_links":{"self":[{"href":"https:\/\/www.cec.org\/es\/wp-json\/wp\/v2\/posts\/11753","targetHints":{"allow":["GET"]}}],"collection":[{"href":"https:\/\/www.cec.org\/es\/wp-json\/wp\/v2\/posts"}],"about":[{"href":"https:\/\/www.cec.org\/es\/wp-json\/wp\/v2\/types\/post"}],"author":[{"embeddable":true,"href":"https:\/\/www.cec.org\/es\/wp-json\/wp\/v2\/users\/1"}],"replies":[{"embeddable":true,"href":"https:\/\/www.cec.org\/es\/wp-json\/wp\/v2\/comments?post=11753"}],"version-history":[{"count":4,"href":"https:\/\/www.cec.org\/es\/wp-json\/wp\/v2\/posts\/11753\/revisions"}],"predecessor-version":[{"id":49390,"href":"https:\/\/www.cec.org\/es\/wp-json\/wp\/v2\/posts\/11753\/revisions\/49390"}],"wp:featuredmedia":[{"embeddable":true,"href":"https:\/\/www.cec.org\/es\/wp-json\/wp\/v2\/media\/4759"}],"wp:attachment":[{"href":"https:\/\/www.cec.org\/es\/wp-json\/wp\/v2\/media?parent=11753"}],"wp:term":[{"taxonomy":"category","embeddable":true,"href":"https:\/\/www.cec.org\/es\/wp-json\/wp\/v2\/categories?post=11753"},{"taxonomy":"post_tag","embeddable":true,"href":"https:\/\/www.cec.org\/es\/wp-json\/wp\/v2\/tags?post=11753"}],"curies":[{"name":"wp","href":"https:\/\/api.w.org\/{rel}","templated":true}]}}