{"id":11738,"date":"2009-10-18T17:29:59","date_gmt":"2009-10-18T21:29:59","guid":{"rendered":"http:\/\/www.cec.org\/recuperacion-de-la-vaquita-y-fomento-de-medios-de-vida-locales-sustentables\/"},"modified":"2025-06-16T18:08:02","modified_gmt":"2025-06-16T22:08:02","slug":"recuperacion-de-la-vaquita-y-fomento-de-medios-de-vida-locales-sustentables","status":"publish","type":"post","link":"https:\/\/www.cec.org\/es\/recuperacion-de-la-vaquita-y-fomento-de-medios-de-vida-locales-sustentables\/","title":{"rendered":"Recuperaci\u00f3n de la vaquita y fomento de medios de vida locales sustentables"},"content":{"rendered":"<p>El prop\u00f3sito de este proyecto es apoyar la estrategia de M\u00e9xico para la recuperaci\u00f3n de esta especie supervisando la instrumentaci\u00f3n de un Plan de Acci\u00f3n de Am\u00e9rica del Norte para la Conservaci\u00f3n (PAANC) con miras a eliminar su captura incidental. Lanzado en 2008, el PAANC sobre la vaquita respalda el compromiso de M\u00e9xico de aportar un importante nivel de recursos financieros y de otra \u00edndole para alcanzar sus objetivos de conservaci\u00f3n y socioecon\u00f3micos relacionados con la recuperaci\u00f3n de esta especie.<\/p>\n","protected":false},"excerpt":{"rendered":"<p>El prop\u00f3sito de este proyecto es apoyar la estrategia de M\u00e9xico para la recuperaci\u00f3n de esta especie supervisando la instrumentaci\u00f3n de un Plan de Acci\u00f3n de Am\u00e9rica del Norte para la Conservaci\u00f3n (PAANC) con miras a eliminar su captura incidental. Lanzado en 2008, el PAANC sobre la vaquita respalda el compromiso de M\u00e9xico de aportar [&hellip;]<\/p>\n","protected":false},"author":1,"featured_media":4549,"comment_status":"closed","ping_status":"closed","sticky":false,"template":"","format":"standard","meta":{"_acf_changed":false,"footnotes":""},"categories":[49],"tags":[],"class_list":["post-11738","post","type-post","status-publish","format-standard","has-post-thumbnail","hentry","category-ecosistemas","status-concluido"],"acf":[],"yoast_head":"<!-- This site is optimized with the Yoast SEO Premium plugin v27.4 (Yoast SEO v27.4) - https:\/\/yoast.com\/product\/yoast-seo-premium-wordpress\/ -->\n<title>Recuperaci\u00f3n de la vaquita y fomento de medios de vida locales<\/title>\n<meta name=\"description\" content=\"Lanzado en 2008, el PAANC sobre la vaquita respalda el compromiso de M\u00e9xico de aportar un importante nivel de recursos financieros y de...\" \/>\n<meta name=\"robots\" content=\"index, follow, max-snippet:-1, max-image-preview:large, max-video-preview:-1\" \/>\n<link rel=\"canonical\" href=\"https:\/\/www.cec.org\/es\/recuperacion-de-la-vaquita-y-fomento-de-medios-de-vida-locales-sustentables\/\" \/>\n<meta property=\"og:locale\" content=\"es_ES\" \/>\n<meta property=\"og:type\" content=\"article\" \/>\n<meta property=\"og:title\" content=\"Recuperaci\u00f3n de la vaquita y fomento de medios de vida locales sustentables\" \/>\n<meta property=\"og:description\" content=\"El prop\u00f3sito de este proyecto es apoyar la estrategia de M\u00e9xico para la recuperaci\u00f3n de esta especie supervisando la instrumentaci\u00f3n de un Plan de Acci\u00f3n\" \/>\n<meta property=\"og:url\" content=\"https:\/\/www.cec.org\/es\/recuperacion-de-la-vaquita-y-fomento-de-medios-de-vida-locales-sustentables\/\" \/>\n<meta property=\"og:site_name\" content=\"Comisi\u00f3n para la Cooperaci\u00f3n Ambiental\" \/>\n<meta property=\"article:publisher\" content=\"https:\/\/www.facebook.com\/CECconnect\" \/>\n<meta property=\"article:published_time\" content=\"2009-10-18T21:29:59+00:00\" \/>\n<meta property=\"article:modified_time\" content=\"2025-06-16T22:08:02+00:00\" \/>\n<meta property=\"og:image\" content=\"https:\/\/www.cec.org\/wp-content\/uploads\/2019\/10\/eco_reco_vaquita.png\" \/>\n\t<meta property=\"og:image:width\" content=\"600\" \/>\n\t<meta property=\"og:image:height\" content=\"342\" \/>\n\t<meta property=\"og:image:type\" content=\"image\/png\" \/>\n<meta name=\"author\" content=\"cecmain_adm\" \/>\n<meta name=\"twitter:card\" content=\"summary_large_image\" \/>\n<meta name=\"twitter:creator\" content=\"@CECweb\" \/>\n<meta name=\"twitter:site\" content=\"@CECweb\" \/>\n<script type=\"application\/ld+json\" class=\"yoast-schema-graph\">{\"@context\":\"https:\\\/\\\/schema.org\",\"@graph\":[{\"@type\":\"Article\",\"@id\":\"https:\\\/\\\/www.cec.org\\\/es\\\/recuperacion-de-la-vaquita-y-fomento-de-medios-de-vida-locales-sustentables\\\/#article\",\"isPartOf\":{\"@id\":\"https:\\\/\\\/www.cec.org\\\/es\\\/recuperacion-de-la-vaquita-y-fomento-de-medios-de-vida-locales-sustentables\\\/\"},\"author\":{\"name\":\"cecmain_adm\",\"@id\":\"https:\\\/\\\/www.cec.org\\\/es\\\/#\\\/schema\\\/person\\\/cfaad09db438c516cb646ff4ea6f47bd\"},\"headline\":\"Recuperaci\u00f3n de la vaquita y fomento de medios de vida locales sustentables\",\"datePublished\":\"2009-10-18T21:29:59+00:00\",\"dateModified\":\"2025-06-16T22:08:02+00:00\",\"mainEntityOfPage\":{\"@id\":\"https:\\\/\\\/www.cec.org\\\/es\\\/recuperacion-de-la-vaquita-y-fomento-de-medios-de-vida-locales-sustentables\\\/\"},\"wordCount\":103,\"image\":{\"@id\":\"https:\\\/\\\/www.cec.org\\\/es\\\/recuperacion-de-la-vaquita-y-fomento-de-medios-de-vida-locales-sustentables\\\/#primaryimage\"},\"thumbnailUrl\":\"https:\\\/\\\/www.cec.org\\\/wp-content\\\/uploads\\\/2019\\\/10\\\/eco_reco_vaquita.png\",\"articleSection\":[\"Ecosistemas\"],\"inLanguage\":\"es\"},{\"@type\":\"WebPage\",\"@id\":\"https:\\\/\\\/www.cec.org\\\/es\\\/recuperacion-de-la-vaquita-y-fomento-de-medios-de-vida-locales-sustentables\\\/\",\"url\":\"https:\\\/\\\/www.cec.org\\\/es\\\/recuperacion-de-la-vaquita-y-fomento-de-medios-de-vida-locales-sustentables\\\/\",\"name\":\"Recuperaci\u00f3n de la vaquita y fomento de medios de vida locales\",\"isPartOf\":{\"@id\":\"https:\\\/\\\/www.cec.org\\\/es\\\/#website\"},\"primaryImageOfPage\":{\"@id\":\"https:\\\/\\\/www.cec.org\\\/es\\\/recuperacion-de-la-vaquita-y-fomento-de-medios-de-vida-locales-sustentables\\\/#primaryimage\"},\"image\":{\"@id\":\"https:\\\/\\\/www.cec.org\\\/es\\\/recuperacion-de-la-vaquita-y-fomento-de-medios-de-vida-locales-sustentables\\\/#primaryimage\"},\"thumbnailUrl\":\"https:\\\/\\\/www.cec.org\\\/wp-content\\\/uploads\\\/2019\\\/10\\\/eco_reco_vaquita.png\",\"datePublished\":\"2009-10-18T21:29:59+00:00\",\"dateModified\":\"2025-06-16T22:08:02+00:00\",\"author\":{\"@id\":\"https:\\\/\\\/www.cec.org\\\/es\\\/#\\\/schema\\\/person\\\/cfaad09db438c516cb646ff4ea6f47bd\"},\"description\":\"Lanzado en 2008, el PAANC sobre la vaquita respalda el compromiso de M\u00e9xico de aportar un importante nivel de recursos financieros y de...\",\"breadcrumb\":{\"@id\":\"https:\\\/\\\/www.cec.org\\\/es\\\/recuperacion-de-la-vaquita-y-fomento-de-medios-de-vida-locales-sustentables\\\/#breadcrumb\"},\"inLanguage\":\"es\",\"potentialAction\":[{\"@type\":\"ReadAction\",\"target\":[\"https:\\\/\\\/www.cec.org\\\/es\\\/recuperacion-de-la-vaquita-y-fomento-de-medios-de-vida-locales-sustentables\\\/\"]}]},{\"@type\":\"ImageObject\",\"inLanguage\":\"es\",\"@id\":\"https:\\\/\\\/www.cec.org\\\/es\\\/recuperacion-de-la-vaquita-y-fomento-de-medios-de-vida-locales-sustentables\\\/#primaryimage\",\"url\":\"https:\\\/\\\/www.cec.org\\\/wp-content\\\/uploads\\\/2019\\\/10\\\/eco_reco_vaquita.png\",\"contentUrl\":\"https:\\\/\\\/www.cec.org\\\/wp-content\\\/uploads\\\/2019\\\/10\\\/eco_reco_vaquita.png\",\"width\":600,\"height\":342,\"caption\":\"Quedan menos de diez ejemplares de vaquita, el cet\u00e1ceo m\u00e1s peque\u00f1o del mundo, casi extinto debido a su captura incidental en las redes de enmalle de pescadores furtivos atra\u00eddos por la vejiga natatoria de otra especie en peligro de extinci\u00f3n, la totoaba.\"},{\"@type\":\"BreadcrumbList\",\"@id\":\"https:\\\/\\\/www.cec.org\\\/es\\\/recuperacion-de-la-vaquita-y-fomento-de-medios-de-vida-locales-sustentables\\\/#breadcrumb\",\"itemListElement\":[{\"@type\":\"ListItem\",\"position\":1,\"name\":\"Inicio\",\"item\":\"https:\\\/\\\/www.cec.org\\\/es\\\/\"},{\"@type\":\"ListItem\",\"position\":2,\"name\":\"Recuperaci\u00f3n de la vaquita y fomento de medios de vida locales sustentables\"}]},{\"@type\":\"WebSite\",\"@id\":\"https:\\\/\\\/www.cec.org\\\/es\\\/#website\",\"url\":\"https:\\\/\\\/www.cec.org\\\/es\\\/\",\"name\":\"Commission for Environmental Cooperation\",\"description\":\"Three countries working together to protect our shared environment\",\"alternateName\":\"CEC - CCA -CCE\",\"potentialAction\":[{\"@type\":\"SearchAction\",\"target\":{\"@type\":\"EntryPoint\",\"urlTemplate\":\"https:\\\/\\\/www.cec.org\\\/es\\\/?s={search_term_string}\"},\"query-input\":{\"@type\":\"PropertyValueSpecification\",\"valueRequired\":true,\"valueName\":\"search_term_string\"}}],\"inLanguage\":\"es\"},{\"@type\":\"Person\",\"@id\":\"https:\\\/\\\/www.cec.org\\\/es\\\/#\\\/schema\\\/person\\\/cfaad09db438c516cb646ff4ea6f47bd\",\"name\":\"cecmain_adm\",\"image\":{\"@type\":\"ImageObject\",\"inLanguage\":\"es\",\"@id\":\"https:\\\/\\\/secure.gravatar.com\\\/avatar\\\/a8f608e33cee97f3c3c65bd1a9f0c7bf3e6726944b6bfc60ad0a39ccaf49f67a?s=96&d=mm&r=g\",\"url\":\"https:\\\/\\\/secure.gravatar.com\\\/avatar\\\/a8f608e33cee97f3c3c65bd1a9f0c7bf3e6726944b6bfc60ad0a39ccaf49f67a?s=96&d=mm&r=g\",\"contentUrl\":\"https:\\\/\\\/secure.gravatar.com\\\/avatar\\\/a8f608e33cee97f3c3c65bd1a9f0c7bf3e6726944b6bfc60ad0a39ccaf49f67a?s=96&d=mm&r=g\",\"caption\":\"cecmain_adm\"}}]}<\/script>\n<!-- \/ Yoast SEO Premium plugin. -->","yoast_head_json":{"title":"Recuperaci\u00f3n de la vaquita y fomento de medios de vida locales","description":"Lanzado en 2008, el PAANC sobre la vaquita respalda el compromiso de M\u00e9xico de aportar un importante nivel de recursos financieros y de...","robots":{"index":"index","follow":"follow","max-snippet":"max-snippet:-1","max-image-preview":"max-image-preview:large","max-video-preview":"max-video-preview:-1"},"canonical":"https:\/\/www.cec.org\/es\/recuperacion-de-la-vaquita-y-fomento-de-medios-de-vida-locales-sustentables\/","og_locale":"es_ES","og_type":"article","og_title":"Recuperaci\u00f3n de la vaquita y fomento de medios de vida locales sustentables","og_description":"El prop\u00f3sito de este proyecto es apoyar la estrategia de M\u00e9xico para la recuperaci\u00f3n de esta especie supervisando la instrumentaci\u00f3n de un Plan de Acci\u00f3n","og_url":"https:\/\/www.cec.org\/es\/recuperacion-de-la-vaquita-y-fomento-de-medios-de-vida-locales-sustentables\/","og_site_name":"Comisi\u00f3n para la Cooperaci\u00f3n Ambiental","article_publisher":"https:\/\/www.facebook.com\/CECconnect","article_published_time":"2009-10-18T21:29:59+00:00","article_modified_time":"2025-06-16T22:08:02+00:00","og_image":[{"width":600,"height":342,"url":"https:\/\/www.cec.org\/wp-content\/uploads\/2019\/10\/eco_reco_vaquita.png","type":"image\/png"}],"author":"cecmain_adm","twitter_card":"summary_large_image","twitter_creator":"@CECweb","twitter_site":"@CECweb","schema":{"@context":"https:\/\/schema.org","@graph":[{"@type":"Article","@id":"https:\/\/www.cec.org\/es\/recuperacion-de-la-vaquita-y-fomento-de-medios-de-vida-locales-sustentables\/#article","isPartOf":{"@id":"https:\/\/www.cec.org\/es\/recuperacion-de-la-vaquita-y-fomento-de-medios-de-vida-locales-sustentables\/"},"author":{"name":"cecmain_adm","@id":"https:\/\/www.cec.org\/es\/#\/schema\/person\/cfaad09db438c516cb646ff4ea6f47bd"},"headline":"Recuperaci\u00f3n de la vaquita y fomento de medios de vida locales sustentables","datePublished":"2009-10-18T21:29:59+00:00","dateModified":"2025-06-16T22:08:02+00:00","mainEntityOfPage":{"@id":"https:\/\/www.cec.org\/es\/recuperacion-de-la-vaquita-y-fomento-de-medios-de-vida-locales-sustentables\/"},"wordCount":103,"image":{"@id":"https:\/\/www.cec.org\/es\/recuperacion-de-la-vaquita-y-fomento-de-medios-de-vida-locales-sustentables\/#primaryimage"},"thumbnailUrl":"https:\/\/www.cec.org\/wp-content\/uploads\/2019\/10\/eco_reco_vaquita.png","articleSection":["Ecosistemas"],"inLanguage":"es"},{"@type":"WebPage","@id":"https:\/\/www.cec.org\/es\/recuperacion-de-la-vaquita-y-fomento-de-medios-de-vida-locales-sustentables\/","url":"https:\/\/www.cec.org\/es\/recuperacion-de-la-vaquita-y-fomento-de-medios-de-vida-locales-sustentables\/","name":"Recuperaci\u00f3n de la vaquita y fomento de medios de vida locales","isPartOf":{"@id":"https:\/\/www.cec.org\/es\/#website"},"primaryImageOfPage":{"@id":"https:\/\/www.cec.org\/es\/recuperacion-de-la-vaquita-y-fomento-de-medios-de-vida-locales-sustentables\/#primaryimage"},"image":{"@id":"https:\/\/www.cec.org\/es\/recuperacion-de-la-vaquita-y-fomento-de-medios-de-vida-locales-sustentables\/#primaryimage"},"thumbnailUrl":"https:\/\/www.cec.org\/wp-content\/uploads\/2019\/10\/eco_reco_vaquita.png","datePublished":"2009-10-18T21:29:59+00:00","dateModified":"2025-06-16T22:08:02+00:00","author":{"@id":"https:\/\/www.cec.org\/es\/#\/schema\/person\/cfaad09db438c516cb646ff4ea6f47bd"},"description":"Lanzado en 2008, el PAANC sobre la vaquita respalda el compromiso de M\u00e9xico de aportar un importante nivel de recursos financieros y de...","breadcrumb":{"@id":"https:\/\/www.cec.org\/es\/recuperacion-de-la-vaquita-y-fomento-de-medios-de-vida-locales-sustentables\/#breadcrumb"},"inLanguage":"es","potentialAction":[{"@type":"ReadAction","target":["https:\/\/www.cec.org\/es\/recuperacion-de-la-vaquita-y-fomento-de-medios-de-vida-locales-sustentables\/"]}]},{"@type":"ImageObject","inLanguage":"es","@id":"https:\/\/www.cec.org\/es\/recuperacion-de-la-vaquita-y-fomento-de-medios-de-vida-locales-sustentables\/#primaryimage","url":"https:\/\/www.cec.org\/wp-content\/uploads\/2019\/10\/eco_reco_vaquita.png","contentUrl":"https:\/\/www.cec.org\/wp-content\/uploads\/2019\/10\/eco_reco_vaquita.png","width":600,"height":342,"caption":"Quedan menos de diez ejemplares de vaquita, el cet\u00e1ceo m\u00e1s peque\u00f1o del mundo, casi extinto debido a su captura incidental en las redes de enmalle de pescadores furtivos atra\u00eddos por la vejiga natatoria de otra especie en peligro de extinci\u00f3n, la totoaba."},{"@type":"BreadcrumbList","@id":"https:\/\/www.cec.org\/es\/recuperacion-de-la-vaquita-y-fomento-de-medios-de-vida-locales-sustentables\/#breadcrumb","itemListElement":[{"@type":"ListItem","position":1,"name":"Inicio","item":"https:\/\/www.cec.org\/es\/"},{"@type":"ListItem","position":2,"name":"Recuperaci\u00f3n de la vaquita y fomento de medios de vida locales sustentables"}]},{"@type":"WebSite","@id":"https:\/\/www.cec.org\/es\/#website","url":"https:\/\/www.cec.org\/es\/","name":"Commission for Environmental Cooperation","description":"Three countries working together to protect our shared environment","alternateName":"CEC - CCA -CCE","potentialAction":[{"@type":"SearchAction","target":{"@type":"EntryPoint","urlTemplate":"https:\/\/www.cec.org\/es\/?s={search_term_string}"},"query-input":{"@type":"PropertyValueSpecification","valueRequired":true,"valueName":"search_term_string"}}],"inLanguage":"es"},{"@type":"Person","@id":"https:\/\/www.cec.org\/es\/#\/schema\/person\/cfaad09db438c516cb646ff4ea6f47bd","name":"cecmain_adm","image":{"@type":"ImageObject","inLanguage":"es","@id":"https:\/\/secure.gravatar.com\/avatar\/a8f608e33cee97f3c3c65bd1a9f0c7bf3e6726944b6bfc60ad0a39ccaf49f67a?s=96&d=mm&r=g","url":"https:\/\/secure.gravatar.com\/avatar\/a8f608e33cee97f3c3c65bd1a9f0c7bf3e6726944b6bfc60ad0a39ccaf49f67a?s=96&d=mm&r=g","contentUrl":"https:\/\/secure.gravatar.com\/avatar\/a8f608e33cee97f3c3c65bd1a9f0c7bf3e6726944b6bfc60ad0a39ccaf49f67a?s=96&d=mm&r=g","caption":"cecmain_adm"}}]}},"_links":{"self":[{"href":"https:\/\/www.cec.org\/es\/wp-json\/wp\/v2\/posts\/11738","targetHints":{"allow":["GET"]}}],"collection":[{"href":"https:\/\/www.cec.org\/es\/wp-json\/wp\/v2\/posts"}],"about":[{"href":"https:\/\/www.cec.org\/es\/wp-json\/wp\/v2\/types\/post"}],"author":[{"embeddable":true,"href":"https:\/\/www.cec.org\/es\/wp-json\/wp\/v2\/users\/1"}],"replies":[{"embeddable":true,"href":"https:\/\/www.cec.org\/es\/wp-json\/wp\/v2\/comments?post=11738"}],"version-history":[{"count":3,"href":"https:\/\/www.cec.org\/es\/wp-json\/wp\/v2\/posts\/11738\/revisions"}],"predecessor-version":[{"id":49396,"href":"https:\/\/www.cec.org\/es\/wp-json\/wp\/v2\/posts\/11738\/revisions\/49396"}],"wp:featuredmedia":[{"embeddable":true,"href":"https:\/\/www.cec.org\/es\/wp-json\/wp\/v2\/media\/4549"}],"wp:attachment":[{"href":"https:\/\/www.cec.org\/es\/wp-json\/wp\/v2\/media?parent=11738"}],"wp:term":[{"taxonomy":"category","embeddable":true,"href":"https:\/\/www.cec.org\/es\/wp-json\/wp\/v2\/categories?post=11738"},{"taxonomy":"post_tag","embeddable":true,"href":"https:\/\/www.cec.org\/es\/wp-json\/wp\/v2\/tags?post=11738"}],"curies":[{"name":"wp","href":"https:\/\/api.w.org\/{rel}","templated":true}]}}