{"id":57707,"date":"2025-02-06T09:00:33","date_gmt":"2025-02-06T14:00:33","guid":{"rendered":"http:\/\/www.cec.org\/?post_type=newsletter&p=57707"},"modified":"2025-02-06T09:00:33","modified_gmt":"2025-02-06T14:00:33","slug":"nueva-directora-de-la-unidad-grupos-consultivos-y-participacion-publica","status":"publish","type":"news","link":"https:\/\/www.cec.org\/es\/novedades\/nueva-directora-de-la-unidad-grupos-consultivos-y-participacion-publica\/","title":{"rendered":"Conozca a nuestra nueva directora de la unidad Grupos consultivos y participaci\u00f3n p\u00fablica"},"content":{"rendered":"<p>Nos complace anunciar que Marcela Orozco, integrante del cuadro de profesionales del Secretariado de la Comisi\u00f3n para la Cooperaci\u00f3n Ambiental (CCA) desde hace muchos a\u00f1os, asumir\u00e1 el cargo de directora de la unidad\u00a0<em>Grupos consultivos y participaci\u00f3n p\u00fablica<\/em>.<\/p>\n<p>La participaci\u00f3n ciudadana efectiva constituye uno de los pilares de la\u00a0<a href=\"https:\/\/www.cec.org\/es\/acerca-de-la-cca\/\">misi\u00f3n de la CCA<\/a>. Este nuevo puesto refleja la importancia institucional que la organizaci\u00f3n concede a garantizar que las voces del p\u00fablico, las comunidades y las entidades aliadas con las que colaboramos se integren de manera significativa en nuestros programas e iniciativas. Tambi\u00e9n reconoce la relevancia del involucramiento comunitario, as\u00ed como el papel esencial que desempe\u00f1an el conocimiento y las perspectivas ind\u00edgenas en el fomento de la cooperaci\u00f3n ambiental en toda Am\u00e9rica del Norte, y confirma la funci\u00f3n decisiva que nuestros grupos consultivos y socios clave tienen en los programas, iniciativas y actividades de la Comisi\u00f3n.<\/p>\n<p>Con m\u00e1s de 30 a\u00f1os de experiencia en relaciones internacionales y asuntos gubernamentales, Marcela ha dedicado gran parte de su carrera profesional al fortalecimiento de la cooperaci\u00f3n trilateral en materia de medio ambiente, el establecimiento de v\u00ednculos multisectoriales y la promoci\u00f3n de la inversi\u00f3n extranjera y el comercio.<\/p>\n<p>Marcela forma parte del equipo de la CCA desde hace 20 a\u00f1os, a cargo de coordinar la labor del\u00a0<a href=\"https:\/\/www.cec.org\/es\/acerca-de-la-cca\/comite-consultivo-publico-conjunto\/\">Comit\u00e9 Consultivo P\u00fablico Conjunto<\/a>\u00a0(CCPC) \u2014uno de los tres \u00f3rganos constitutivos de la Comisi\u00f3n\u2014 y del\u00a0<a href=\"https:\/\/www.cec.org\/es\/acerca-de-la-cca\/grupo-de-especialistas-en-conocimiento-ecologico-tradicional\/\">Grupo de Especialistas en Conocimiento Ecol\u00f3gico Tradicional<\/a>\u00a0(GECET). En colaboraci\u00f3n con el oficial de conocimiento ecol\u00f3gico tradicional (CET) y asuntos ind\u00edgenas, Marcela ha contribuido a impulsar la participaci\u00f3n de representantes ind\u00edgenas, fomentando oportunidades para incorporar el CET y las perspectivas ind\u00edgenas a las iniciativas y actividades institucionales. Tambi\u00e9n se encarga de supervisar la creciente labor con comunidades\u00a0afectadas en forma desproporcionada, al igual que la implementaci\u00f3n de la Estrategia de la CCA sobre participaci\u00f3n empresarial, en colaboraci\u00f3n con protagonistas y aliados clave de la comunidad y del sector privado a escala regional.<\/p>\n<p>Antes de incorporarse a la CCA, Marcela se desempe\u00f1\u00f3 durante casi una d\u00e9cada como comisionada adjunta de comercio en la oficina en Montreal del Banco Nacional de Comercio Exterior (Bancomext), donde promovi\u00f3 proyectos de inversi\u00f3n extranjera, exportaciones de M\u00e9xico a Canad\u00e1 y alianzas estrat\u00e9gicas entre ambos pa\u00edses.<\/p>\n<p>Ahora en calidad de directora de la unidad\u00a0<em>Grupos consultivos y participaci\u00f3n p\u00fablica<\/em>, Marcela seguir\u00e1 proporcionando orientaci\u00f3n de alto nivel a\u00a0la direcci\u00f3n\u00a0ejecutiva y al Secretariado de la CCA; dirigir\u00e1 iniciativas encaminadas a fortalecer la participaci\u00f3n de los sectores p\u00fablico y privado; impulsar\u00e1 la colaboraci\u00f3n a trav\u00e9s de los programas, foros internacionales, consultas p\u00fablicas y alianzas estrat\u00e9gicas de la organizaci\u00f3n, y contribuir\u00e1 a garantizar que la Comisi\u00f3n contin\u00fae siendo una plataforma eficaz para la cooperaci\u00f3n trilateral y el liderazgo ambiental.<\/p>\n<p>\u00a1Enhorabuena a Marcela Orozco por su nuevo cargo!<\/p>\n<p>Si desea saber m\u00e1s acerca de las iniciativas, oportunidades y esfuerzos de la CCA,\u00a0<a href=\"https:\/\/www.cec.org\/es\/suscribase\/\">suscr\u00edbase<\/a>\u00a0a nuestro bolet\u00edn informativo y s\u00edganos en\u00a0<a href=\"https:\/\/linktr.ee\/CEC_Social\">redes sociales<\/a>.<\/p>\n","protected":false},"excerpt":{"rendered":"<p>Nos complace anunciar que Marcela Orozco, integrante del cuadro de profesionales del Secretariado de la Comisi\u00f3n para la Cooperaci\u00f3n Ambiental (CCA) desde hace muchos a\u00f1os, asumir\u00e1 el cargo de directora de la unidad\u00a0Grupos consultivos y participaci\u00f3n p\u00fablica. La participaci\u00f3n ciudadana efectiva constituye uno de los pilares de la\u00a0misi\u00f3n de la CCA. Este nuevo puesto refleja [&hellip;]<\/p>\n","protected":false},"featured_media":57706,"template":"","class_list":["post-57707","news","type-news","status-publish","has-post-thumbnail","hentry"],"acf":[],"yoast_head":"<!-- This site is optimized with the Yoast SEO Premium plugin v27.4 (Yoast SEO v27.4) - https:\/\/yoast.com\/product\/yoast-seo-premium-wordpress\/ -->\n<title>Conozca a nuestra nueva directora de la unidad Grupos consultivos y participaci\u00f3n p\u00fablica<\/title>\n<meta name=\"description\" content=\"Marcela Orozco, integrante del cuadro de profesionales del Secretariado de la Comisi\u00f3n para la Cooperaci\u00f3n Ambiental (CCA) desde hace muchos a\u00f1os, asumir\u00e1 el cargo de directora de la unidad Grupos consultivos y participaci\u00f3n p\u00fablica.\" \/>\n<meta name=\"robots\" content=\"index, follow, max-snippet:-1, max-image-preview:large, max-video-preview:-1\" \/>\n<link rel=\"canonical\" href=\"https:\/\/www.cec.org\/es\/novedades\/nueva-directora-de-la-unidad-grupos-consultivos-y-participacion-publica\/\" \/>\n<meta property=\"og:locale\" content=\"es_ES\" \/>\n<meta property=\"og:type\" content=\"article\" \/>\n<meta property=\"og:title\" content=\"Conozca a nuestra nueva directora de la unidad Grupos consultivos y participaci\u00f3n p\u00fablica\" \/>\n<meta property=\"og:description\" content=\"Nos complace anunciar que Marcela Orozco, integrante del cuadro de profesionales del Secretariado de la Comisi\u00f3n para la Cooperaci\u00f3n Ambiental (CCA) desde\" \/>\n<meta property=\"og:url\" content=\"https:\/\/www.cec.org\/es\/novedades\/nueva-directora-de-la-unidad-grupos-consultivos-y-participacion-publica\/\" \/>\n<meta property=\"og:site_name\" content=\"Comisi\u00f3n para la Cooperaci\u00f3n Ambiental\" \/>\n<meta property=\"article:publisher\" content=\"https:\/\/www.facebook.com\/CECconnect\" \/>\n<meta property=\"og:image\" content=\"https:\/\/www.cec.org\/wp-content\/uploads\/Marcela_07.webp\" \/>\n\t<meta property=\"og:image:width\" content=\"1200\" \/>\n\t<meta property=\"og:image:height\" content=\"684\" \/>\n\t<meta property=\"og:image:type\" content=\"image\/webp\" \/>\n<meta name=\"twitter:card\" content=\"summary_large_image\" \/>\n<meta name=\"twitter:site\" content=\"@CECweb\" \/>\n<script type=\"application\/ld+json\" class=\"yoast-schema-graph\">{\"@context\":\"https:\\\/\\\/schema.org\",\"@graph\":[{\"@type\":\"WebPage\",\"@id\":\"https:\\\/\\\/www.cec.org\\\/es\\\/novedades\\\/nueva-directora-de-la-unidad-grupos-consultivos-y-participacion-publica\\\/\",\"url\":\"https:\\\/\\\/www.cec.org\\\/es\\\/novedades\\\/nueva-directora-de-la-unidad-grupos-consultivos-y-participacion-publica\\\/\",\"name\":\"Conozca a nuestra nueva directora de la unidad Grupos consultivos y participaci\u00f3n p\u00fablica\",\"isPartOf\":{\"@id\":\"https:\\\/\\\/www.cec.org\\\/es\\\/#website\"},\"primaryImageOfPage\":{\"@id\":\"https:\\\/\\\/www.cec.org\\\/es\\\/novedades\\\/nueva-directora-de-la-unidad-grupos-consultivos-y-participacion-publica\\\/#primaryimage\"},\"image\":{\"@id\":\"https:\\\/\\\/www.cec.org\\\/es\\\/novedades\\\/nueva-directora-de-la-unidad-grupos-consultivos-y-participacion-publica\\\/#primaryimage\"},\"thumbnailUrl\":\"https:\\\/\\\/www.cec.org\\\/wp-content\\\/uploads\\\/Marcela_07.webp\",\"datePublished\":\"2025-02-06T14:00:33+00:00\",\"description\":\"Marcela Orozco, integrante del cuadro de profesionales del Secretariado de la Comisi\u00f3n para la Cooperaci\u00f3n Ambiental (CCA) desde hace muchos a\u00f1os, asumir\u00e1 el cargo de directora de la unidad Grupos consultivos y participaci\u00f3n p\u00fablica.\",\"breadcrumb\":{\"@id\":\"https:\\\/\\\/www.cec.org\\\/es\\\/novedades\\\/nueva-directora-de-la-unidad-grupos-consultivos-y-participacion-publica\\\/#breadcrumb\"},\"inLanguage\":\"es\",\"potentialAction\":[{\"@type\":\"ReadAction\",\"target\":[\"https:\\\/\\\/www.cec.org\\\/es\\\/novedades\\\/nueva-directora-de-la-unidad-grupos-consultivos-y-participacion-publica\\\/\"]}]},{\"@type\":\"ImageObject\",\"inLanguage\":\"es\",\"@id\":\"https:\\\/\\\/www.cec.org\\\/es\\\/novedades\\\/nueva-directora-de-la-unidad-grupos-consultivos-y-participacion-publica\\\/#primaryimage\",\"url\":\"https:\\\/\\\/www.cec.org\\\/wp-content\\\/uploads\\\/Marcela_07.webp\",\"contentUrl\":\"https:\\\/\\\/www.cec.org\\\/wp-content\\\/uploads\\\/Marcela_07.webp\",\"width\":1200,\"height\":684,\"caption\":\"Nos complace anunciar que Marcela Orozco, integrante del cuadro de profesionales del Secretariado de la Comisi\u00f3n para la Cooperaci\u00f3n Ambiental (CCA) desde hace muchos a\u00f1os, asumir\u00e1 el cargo de directora de la unidad\u00a0Grupos consultivos y participaci\u00f3n p\u00fablica.\"},{\"@type\":\"BreadcrumbList\",\"@id\":\"https:\\\/\\\/www.cec.org\\\/es\\\/novedades\\\/nueva-directora-de-la-unidad-grupos-consultivos-y-participacion-publica\\\/#breadcrumb\",\"itemListElement\":[{\"@type\":\"ListItem\",\"position\":1,\"name\":\"Inicio\",\"item\":\"https:\\\/\\\/www.cec.org\\\/es\\\/\"},{\"@type\":\"ListItem\",\"position\":2,\"name\":\"Novedades\",\"item\":\"https:\\\/\\\/www.cec.org\\\/es\\\/novedades\\\/\"},{\"@type\":\"ListItem\",\"position\":3,\"name\":\"Conozca a nuestra nueva directora de la unidad Grupos consultivos y participaci\u00f3n p\u00fablica\"}]},{\"@type\":\"WebSite\",\"@id\":\"https:\\\/\\\/www.cec.org\\\/es\\\/#website\",\"url\":\"https:\\\/\\\/www.cec.org\\\/es\\\/\",\"name\":\"Commission for Environmental Cooperation\",\"description\":\"Three countries working together to protect our shared environment\",\"alternateName\":\"CEC - CCA -CCE\",\"potentialAction\":[{\"@type\":\"SearchAction\",\"target\":{\"@type\":\"EntryPoint\",\"urlTemplate\":\"https:\\\/\\\/www.cec.org\\\/es\\\/?s={search_term_string}\"},\"query-input\":{\"@type\":\"PropertyValueSpecification\",\"valueRequired\":true,\"valueName\":\"search_term_string\"}}],\"inLanguage\":\"es\"}]}<\/script>\n<!-- \/ Yoast SEO Premium plugin. -->","yoast_head_json":{"title":"Conozca a nuestra nueva directora de la unidad Grupos consultivos y participaci\u00f3n p\u00fablica","description":"Marcela Orozco, integrante del cuadro de profesionales del Secretariado de la Comisi\u00f3n para la Cooperaci\u00f3n Ambiental (CCA) desde hace muchos a\u00f1os, asumir\u00e1 el cargo de directora de la unidad Grupos consultivos y participaci\u00f3n p\u00fablica.","robots":{"index":"index","follow":"follow","max-snippet":"max-snippet:-1","max-image-preview":"max-image-preview:large","max-video-preview":"max-video-preview:-1"},"canonical":"https:\/\/www.cec.org\/es\/novedades\/nueva-directora-de-la-unidad-grupos-consultivos-y-participacion-publica\/","og_locale":"es_ES","og_type":"article","og_title":"Conozca a nuestra nueva directora de la unidad Grupos consultivos y participaci\u00f3n p\u00fablica","og_description":"Nos complace anunciar que Marcela Orozco, integrante del cuadro de profesionales del Secretariado de la Comisi\u00f3n para la Cooperaci\u00f3n Ambiental (CCA) desde","og_url":"https:\/\/www.cec.org\/es\/novedades\/nueva-directora-de-la-unidad-grupos-consultivos-y-participacion-publica\/","og_site_name":"Comisi\u00f3n para la Cooperaci\u00f3n Ambiental","article_publisher":"https:\/\/www.facebook.com\/CECconnect","og_image":[{"width":1200,"height":684,"url":"https:\/\/www.cec.org\/wp-content\/uploads\/Marcela_07.webp","type":"image\/webp"}],"twitter_card":"summary_large_image","twitter_site":"@CECweb","schema":{"@context":"https:\/\/schema.org","@graph":[{"@type":"WebPage","@id":"https:\/\/www.cec.org\/es\/novedades\/nueva-directora-de-la-unidad-grupos-consultivos-y-participacion-publica\/","url":"https:\/\/www.cec.org\/es\/novedades\/nueva-directora-de-la-unidad-grupos-consultivos-y-participacion-publica\/","name":"Conozca a nuestra nueva directora de la unidad Grupos consultivos y participaci\u00f3n p\u00fablica","isPartOf":{"@id":"https:\/\/www.cec.org\/es\/#website"},"primaryImageOfPage":{"@id":"https:\/\/www.cec.org\/es\/novedades\/nueva-directora-de-la-unidad-grupos-consultivos-y-participacion-publica\/#primaryimage"},"image":{"@id":"https:\/\/www.cec.org\/es\/novedades\/nueva-directora-de-la-unidad-grupos-consultivos-y-participacion-publica\/#primaryimage"},"thumbnailUrl":"https:\/\/www.cec.org\/wp-content\/uploads\/Marcela_07.webp","datePublished":"2025-02-06T14:00:33+00:00","description":"Marcela Orozco, integrante del cuadro de profesionales del Secretariado de la Comisi\u00f3n para la Cooperaci\u00f3n Ambiental (CCA) desde hace muchos a\u00f1os, asumir\u00e1 el cargo de directora de la unidad Grupos consultivos y participaci\u00f3n p\u00fablica.","breadcrumb":{"@id":"https:\/\/www.cec.org\/es\/novedades\/nueva-directora-de-la-unidad-grupos-consultivos-y-participacion-publica\/#breadcrumb"},"inLanguage":"es","potentialAction":[{"@type":"ReadAction","target":["https:\/\/www.cec.org\/es\/novedades\/nueva-directora-de-la-unidad-grupos-consultivos-y-participacion-publica\/"]}]},{"@type":"ImageObject","inLanguage":"es","@id":"https:\/\/www.cec.org\/es\/novedades\/nueva-directora-de-la-unidad-grupos-consultivos-y-participacion-publica\/#primaryimage","url":"https:\/\/www.cec.org\/wp-content\/uploads\/Marcela_07.webp","contentUrl":"https:\/\/www.cec.org\/wp-content\/uploads\/Marcela_07.webp","width":1200,"height":684,"caption":"Nos complace anunciar que Marcela Orozco, integrante del cuadro de profesionales del Secretariado de la Comisi\u00f3n para la Cooperaci\u00f3n Ambiental (CCA) desde hace muchos a\u00f1os, asumir\u00e1 el cargo de directora de la unidad\u00a0Grupos consultivos y participaci\u00f3n p\u00fablica."},{"@type":"BreadcrumbList","@id":"https:\/\/www.cec.org\/es\/novedades\/nueva-directora-de-la-unidad-grupos-consultivos-y-participacion-publica\/#breadcrumb","itemListElement":[{"@type":"ListItem","position":1,"name":"Inicio","item":"https:\/\/www.cec.org\/es\/"},{"@type":"ListItem","position":2,"name":"Novedades","item":"https:\/\/www.cec.org\/es\/novedades\/"},{"@type":"ListItem","position":3,"name":"Conozca a nuestra nueva directora de la unidad Grupos consultivos y participaci\u00f3n p\u00fablica"}]},{"@type":"WebSite","@id":"https:\/\/www.cec.org\/es\/#website","url":"https:\/\/www.cec.org\/es\/","name":"Commission for Environmental Cooperation","description":"Three countries working together to protect our shared environment","alternateName":"CEC - CCA -CCE","potentialAction":[{"@type":"SearchAction","target":{"@type":"EntryPoint","urlTemplate":"https:\/\/www.cec.org\/es\/?s={search_term_string}"},"query-input":{"@type":"PropertyValueSpecification","valueRequired":true,"valueName":"search_term_string"}}],"inLanguage":"es"}]}},"_links":{"self":[{"href":"https:\/\/www.cec.org\/es\/wp-json\/wp\/v2\/news\/57707","targetHints":{"allow":["GET"]}}],"collection":[{"href":"https:\/\/www.cec.org\/es\/wp-json\/wp\/v2\/news"}],"about":[{"href":"https:\/\/www.cec.org\/es\/wp-json\/wp\/v2\/types\/news"}],"wp:featuredmedia":[{"embeddable":true,"href":"https:\/\/www.cec.org\/es\/wp-json\/wp\/v2\/media\/57706"}],"wp:attachment":[{"href":"https:\/\/www.cec.org\/es\/wp-json\/wp\/v2\/media?parent=57707"}],"curies":[{"name":"wp","href":"https:\/\/api.w.org\/{rel}","templated":true}]}}