{"id":56272,"date":"2024-08-12T16:10:51","date_gmt":"2024-08-12T20:10:51","guid":{"rendered":"http:\/\/www.cec.org\/newsletter\/dia-internacional-de-la-juventud-2024\/"},"modified":"2025-05-08T20:19:42","modified_gmt":"2025-05-09T00:19:42","slug":"dia-internacional-de-la-juventud-2024","status":"publish","type":"news","link":"https:\/\/www.cec.org\/es\/novedades\/dia-internacional-de-la-juventud-2024\/","title":{"rendered":"D\u00eda Internacional de la Juventud 2024: Desaf\u00edo Juvenil para la Innovaci\u00f3n e iniciativas de la CCA orientadas a la participaci\u00f3n de j\u00f3venes"},"content":{"rendered":"<p>\u00a1Feliz\u00a0<a href=\"https:\/\/www.un.org\/es\/observances\/youth-day\">D\u00eda Internacional de la Juventud<\/a>! Desde 2010, la comunidad internacional celebra el 12 de agosto como la fecha para llamar la atenci\u00f3n sobre temas relacionados con el sector juvenil y exaltar el potencial de las personas j\u00f3venes como aliadas clave en la lucha contra los desaf\u00edos actuales.<\/p>\n<p>S\u00famate hoy a la Comisi\u00f3n en la celebraci\u00f3n de la juventud, cuyas soluciones audaces, conocimientos, entusiasmo e ideas han generado \u2014y contin\u00faan generando\u2014 una gran influencia en el trabajo trinacional de la organizaci\u00f3n, con impacto en toda Am\u00e9rica del Norte. Nos complace compartir las historias de algunas de las personas ganadoras del\u00a0<a href=\"https:\/\/www.cec.org\/es\/participe\/iniciativas-para-la-juventud\/desafio-juvenil-para-la-innovacion\/\">Desaf\u00edo Juvenil para la Innovaci\u00f3n<\/a>\u00a0y resaltar algunas iniciativas de participaci\u00f3n juvenil emprendidas por la CCA.<\/p>\n<div>\n<strong>Desaf\u00edo Juvenil para la Innovaci\u00f3n<\/strong><\/div>\n<p>Lanzado en 2017 con el fin de apoyar soluciones innovadoras impulsadas por j\u00f3venes en Canad\u00e1, Estados Unidos y M\u00e9xico, el Desaf\u00edo Juvenil para la Innovaci\u00f3n de la CCA lleg\u00f3 a su fin en 2023, tras haber proporcionado 225,000 d\u00f3lares canadienses a modo de capital semilla en apoyo a 23 proyectos cuyas ideas y soluciones innovadoras dieron lugar a numerosas historias de \u00e9xito que al d\u00eda de\u00a0hoy siguen inspir\u00e1ndonos.<\/p>\n<p>A continuaci\u00f3n ofrecemos m\u00e1s detalles sobre algunas de las personas ganadoras del Desaf\u00edo Juvenil para la Innovaci\u00f3n (DJI), el impacto que tuvo el Desaf\u00edo y d\u00f3nde se encuentran hoy.<\/p>\n<p><strong>J\u00e9r\u00e9my Lavoie<\/strong>\u00a0<strong>(Canada).<\/strong>\u00a0En\u00a0<a href=\"https:\/\/inscott.ca\/\">Inscott<\/a>, J\u00e9r\u00e9my y su equipo contin\u00faan trabajando arduamente en su\u00a0<a href=\"https:\/\/www.cec.org\/es\/iniciativas-para-la-juventud\/desafio-juvenil-para-la-innovacion-2022-de-la-cca\/#popup1\">soluci\u00f3n ganadora<\/a>, centrada en la transformaci\u00f3n de residuos agroalimentarios utilizando larvas de mosca soldado negra (<em>Hermetia illucens<\/em>). A corto plazo, su objetivo es desarrollar m\u00e9todos para extraer, de los productos de las larvas, componentes de alto valor a\u00f1adido.<\/p>\n<p>\u201cEl Desaf\u00edo Juvenil para la Innovaci\u00f3n fue una experiencia transformadora. Tuve la oportunidad de crear una red de personas j\u00f3venes empresarias internacionales con una misma visi\u00f3n compartida con respecto al medio ambiente. El Desaf\u00edo tambi\u00e9n me permiti\u00f3 reunirme con los ministros de medio ambiente de Canad\u00e1, Estados Unidos y M\u00e9xico, y presentar un proyecto con un gran potencial de cambio. Hoy, gracias a dicha iniciativa de la CCA, mi credibilidad, capacidad de comunicaci\u00f3n oral y liderazgo han aumentado de forma considerable, como tambi\u00e9n lo ha hecho mi apertura hacia el mundo\u201d, declar\u00f3 J\u00e9r\u00e9my Lavoie, ganador del DJI 2022.<\/p>\n<p><strong>Mari\u00e8ve Dallaire-Lamontagne (Canad\u00e1).<\/strong>\u00a0Actual responsable de investigaci\u00f3n en\u00a0<a href=\"https:\/\/inscott.ca\/\">Inscott<\/a>, Mari\u00e8ve est\u00e1 terminando su doctorado en zootecnia al tiempo que realiza pr\u00e1cticas de investigaci\u00f3n en el instituto Eawag, en Z\u00farich, Suiza. Tambi\u00e9n participa en la C\u00e1tedra de Producci\u00f3n y Procesado Primario de Insectos Comestibles (<a href=\"https:\/\/cleic.fsaa.ulaval.ca\/a-propos\/equipe\/fiche-membre?tx_fsaacentrerecherche_gestionpersonne%5Baction%5D=show&amp;tx_fsaacentrerecherche_gestionpersonne%5Bcontroller%5D=Personne&amp;tx_fsaacentrerecherche_gestionpersonne%5Bpersonne%5D=9&amp;cHash=1a0b5082b54dd3f56870f1e31ae4e339\"><em>Chaire de leadership en production et en transformation primaire d'insectes comestibles<\/em><\/a>) de la Universidad Laval y contribuye al desarrollo de una certificaci\u00f3n en econom\u00eda circular con la organizaci\u00f3n\u00a0<a href=\"https:\/\/regionsetvillesinnovantes.com\/services\/services-offerts-par-les-entreprises-membres\/\">VRIc<\/a>.<\/p>\n<p>\u201cGracias a mi participaci\u00f3n en el Desaf\u00edo Juvenil para la Innovaci\u00f3n, desarroll\u00e9 una red internacional con\u00a0otras personas j\u00f3venes empresarias inspiradoras que buscan aportar soluciones concretas a los retos medioambientales de Am\u00e9rica del Norte. Este concurso de la CCA impuls\u00f3 mi carrera al brindarme oportunidades en medios sociales y de comunicaci\u00f3n para hablar del potencial de los insectos en la gesti\u00f3n sustentable de los residuos ganaderos y como fuente alternativa de prote\u00ednas\u201d, coment\u00f3 Mari\u00e8ve Dallaire-Lamontagne, ganadora del DJI 2022.<\/p>\n<p><strong>Monique Chan (Canad\u00e1).<\/strong>\u00a0Gracias al Desaf\u00edo Juvenil para la Innovaci\u00f3n, Monique y su equipo encontraron motivaci\u00f3n para ampliar su proyecto,\u00a0<a href=\"https:\/\/www.bruized.com\/\">Bruized<\/a>, en la provincia de Ontario, Canad\u00e1. Su equipo cre\u00f3 fulCircle, un colectivo con sede en Toronto centrado en la sustentabilidad y en el que participan agricultores urbanos, productores y propietarios de negocios. Su primer evento \u201ccena-club\u201d fue un \u00e9xito, y tienen previsto organizar m\u00e1s actividades con un enfoque de conciencia ecol\u00f3gica, como intercambios de ropa y talleres sobre conservaci\u00f3n de alimentos, reparaci\u00f3n y reciclaje.<\/p>\n<p>\u201cEl Desaf\u00edo Juvenil para la Innovaci\u00f3n fue una experiencia fundamental para Bruized. Pudimos relacionarnos con personas j\u00f3venes agentes de cambio de todo el mundo y conocer la incre\u00edble innovaci\u00f3n que observa el \u00e1mbito de la sustentabilidad. Tuvimos la gran oportunidad de perfeccionar nuestras habilidades para hablar en p\u00fablico y transmitir de manera m\u00e1s eficaz nuestro mensaje a nuevas audiencias, incluidas numerosas personas con liderazgo y prominencia a escala mundial. Las personas j\u00f3venes tenemos un enorme poder de influencia en el rumbo de nuestro mundo y ha sido un verdadero honor compartir el mensaje sobre la importancia de reducir el desperdicio de alimentos\u201d, manifest\u00f3 Monique Chan, ganadora del DJI 2020.<\/p>\n<p><strong>Annie Rosas\u00a0<\/strong><strong>(M\u00e9xico).<\/strong>\u00a0Hoy d\u00eda, Annie trabaja como consultora empresarial en\u00a0<a href=\"https:\/\/www.minsait.com\/en\">Minsait<\/a>\u00a0al tiempo que contin\u00faa y da curso a su pasi\u00f3n por el medio ambiente. En ese sentido, dedica una parte importante de sus esfuerzos a\u00a0<a href=\"https:\/\/www.bluekali.mx\/\">Bluekali<\/a>, la soluci\u00f3n ganadora presentada por su equipo, centrada en la limpieza de oc\u00e9anos y acu\u00edferos. Annie tiene previsto, adem\u00e1s, cursar una maestr\u00eda en el extranjero, en una escuela de negocios con un enfoque orientado hacia la sustentabilidad.<\/p>\n<p>\u201cSer seleccionada como ganadora del Desaf\u00edo Juvenil para la Innovaci\u00f3n ha sido una de las experiencias m\u00e1s enriquecedoras de mi trayectoria como emprendedora social. A lo largo del programa de mentor\u00eda adquir\u00ed herramientas legales esenciales para proteger nuestra tecnolog\u00eda y aprend\u00ed a convertir un proyecto social en un modelo de negocio viable. El apoyo de la CCA y la visibilidad que nos otorg\u00f3 este premio nos han permitido participar en diversos programas de inversi\u00f3n y capacitaci\u00f3n, adem\u00e1s de ganar varios concursos. Gracias a la CCA descubrimos que establecer alianzas con el gobierno es una estrategia viable y efectiva\u201d, afirm\u00f3 Annie Rosas, ganadora del DJI 2023.<\/p>\n<p><strong>Rodrigo Trejo (M\u00e9xico).<\/strong>\u00a0Rodrigo ha dedicado sus esfuerzos profesionales al desarrollo y fortalecimiento de capacidades de j\u00f3venes de comunidades costeras de M\u00e9xico, con el prop\u00f3sito de cocrear proyectos centrados en la econom\u00eda circular. Actualmente, estudia ingl\u00e9s en Nueva Zelanda, donde planea reproducir su soluci\u00f3n ganadora del Desaf\u00edo Juvenil para la Innovaci\u00f3n,\u00a0<a href=\"http:\/\/www.cec.org\/wp-content\/uploads\/DEL-PUERTO-AL-HUERTO-RTJ_COMPRESSES-.pdf\">Del puerto al huerto<\/a>. Su sue\u00f1o es\u00a0cursar el a\u00f1o pr\u00f3ximo un doctorado en econom\u00eda ambiental e innovaci\u00f3n en Canad\u00e1.<\/p>\n<p>\u201cGracias a las capacitaciones recibidas y a la experiencia adquirida durante la presentaci\u00f3n del proyecto \u2018Del puerto al huerto\u2019 ante autoridades y l\u00edderes ambientales de Am\u00e9rica del Norte, he podido inspirar a m\u00e1s j\u00f3venes. Ser parte de los ganadores del Desaf\u00edo Juvenil para la Innovaci\u00f3n de la CCA me alent\u00f3 a continuar con mis proyectos y recordar que los j\u00f3venes tenemos grandes ideas y sue\u00f1os por perseguir, que no estamos solos y que estamos a tiempo de crear un mundo mejor\u201d, se\u00f1al\u00f3 Rodrigo Trejo, ganador del DJI 2022.<\/p>\n<p><strong>Karime Guill\u00e9n (M\u00e9xico).<\/strong>\u00a0Karime contin\u00faa su trayectoria de emprendimiento a trav\u00e9s de nuevos proyectos, entre ellos\u00a0<a href=\"https:\/\/www.rearvora.com\/\">Rearvora<\/a>, empresa enfocada en impulsar una econom\u00eda circular y pr\u00e1cticas sustentables en el sector tur\u00edstico. Tambi\u00e9n es presidenta del\u00a0<a href=\"https:\/\/concaem.mx\/\">Consejo de C\u00e1maras y Asociaciones Empresariales del Estado de M\u00e9xico<\/a>\u00a0(Concaem), desde donde presta apoyo a emprendedores que desean dar vida a sus ideas. Con miras al futuro, su objetivo es ampliar el alcance y el impacto de Rearvora, al tiempo que contin\u00faa amplificando su voz y promoviendo la sustentabilidad mediante conferencias y trabajos de consultor\u00eda.<\/p>\n<p>\u201cMi participaci\u00f3n en el Desaf\u00edo Juvenil para la Innovaci\u00f3n no solamente gener\u00f3 un impacto en el proyecto, sino que tambi\u00e9n \u2014al creer en m\u00ed misma\u2014 permiti\u00f3 impactar de forma positiva mi propia vida, lo cual ha sido la mejor manera de impulsarme para alcanzar mis sue\u00f1os y ser la persona que soy ahora\u201d, coment\u00f3 Karime Guill\u00e9n, ganadora del DJI 2020.<\/p>\n<p><strong>Gener M\u00e9ndez (M\u00e9xico).\u00a0<\/strong>La soluci\u00f3n ganadora del Desaf\u00edo Juvenil para la Innovaci\u00f3n impulsada por Gener,\u00a0<a href=\"https:\/\/www.cec.org\/es\/iniciativas-para-la-juventud\/desafio-juvenil-para-la-innovacion-2021-de-la-cca\/#popup3\">Escuela M\u00f3vil para Silvicultores Comunitarios<\/a>, le inspir\u00f3 a participar en un programa de cooperaci\u00f3n internacional que le llev\u00f3 a Colombia. All\u00ed pas\u00f3 un a\u00f1o trabajando como asesor forestal, prestando apoyo t\u00e9cnico a organizaciones medioambientales locales. Hoy, Gener desempe\u00f1a funciones de asesor forestal y gestor de proyectos en Gambia, al frente de la Iniciativa Africana de Bosques Alimentarios (<em>African Food Forest Initiative),\u00a0<\/em>que tiene por objeto mejorar la producci\u00f3n sustentable de alimentos y la silvicultura en Gambia. Esta iniciativa se propone sentar las bases de pr\u00e1cticas agroforestales que garanticen una continuidad en la gesti\u00f3n de parcelas y la seguridad alimentaria para los hogares gambianos.<\/p>\n<p>\u201cAl finalizar mi participaci\u00f3n en el Desaf\u00edo Juvenil para la Innovaci\u00f3n recuerdo haber pensado en toda la experiencia y crecimiento personal que obtuve. Ser ganador del Desaf\u00edo me trajo la cercan\u00eda de l\u00edderes y lideresas ambientales, de comunidades ind\u00edgenas de los tres pa\u00edses y del resto del equipo de la CCA que siempre acompa\u00f1aron todo el proceso de ejecuci\u00f3n del proyecto y fomentaron el liderazgo entre los participantes.\u00a0Gracias al capital semilla que nos comparti\u00f3 la Comisi\u00f3n logramos poner en marcha la Escuela M\u00f3vil para Silvicultores Comunitarios, donde se foment\u00f3 el conocimiento ecol\u00f3gico tradicional y se defendi\u00f3 el territorio a trav\u00e9s de la pr\u00e1ctica de una agroforester\u00eda de cultivos locales\u201d, coment\u00f3 Gener M\u00e9ndez, ganador del DJI 2021.<\/p>\n<p><strong>Hailey Hall\u00a0<\/strong><strong>(Estados Unidos).<\/strong>\u00a0La soluci\u00f3n de Hailey,\u00a0<a href=\"https:\/\/www.cec.org\/es\/iniciativas-para-la-juventud\/soluciones-relacionadas-con-el-agua-para-el-desarrollo-sustentable\/#popup4\">\u00bfTodo bien con tu agua?<\/a>, se centra en el an\u00e1lisis de pozos y la concientizaci\u00f3n en materia de salud p\u00fablica en comunidades rurales o desatendidas, para lo cual facilita el acceso de las personas a informaci\u00f3n sobre su salud y el estado de los acu\u00edferos. El Desaf\u00edo Juvenil para la Innovaci\u00f3n permiti\u00f3 a Hailey adquirir conocimientos que ampliaron el alcance y la repercusi\u00f3n de su proyecto. En el futuro, espera seguir aumentando su capacidad de muestreo, sus operaciones de monitoreo y sus fuentes de financiamiento.<\/p>\n<p>\u201cHaber sido seleccionada como ganadora del Desaf\u00edo Juvenil para la Innovaci\u00f3n ha sido una experiencia esencial para mi crecimiento. Invito a toda persona que quiera actuar en favor del medio ambiente a mantener un esp\u00edritu abierto, curioso y cooperativo; establecer contacto con otras personas que se ocupan de nuestras tierra, agua y aire con el fin de aprender y compartir pasiones, y tener en cuenta que hay muchas maneras positivas y significativas de mejorar las cosas\u201d, manifest\u00f3 Hailey Hall, ganadora del DJI 2023.<\/p>\n<p><strong>Xiangkun (Elvis) Cao (<\/strong><strong>Estados Unidos<\/strong><strong>).<\/strong>\u00a0La soluci\u00f3n presentada por Elvis,\u00a0<a href=\"https:\/\/www.cec.org\/es\/iniciativas-para-la-juventud\/desafio-juvenil-para-la-innovacion-2021-de-la-cca\/#popup4\">C2X<\/a>, ten\u00eda como objetivo crear beneficios colaterales para las comunidades al tiempo que promov\u00eda el desarrollo de tecnolog\u00edas para combatir el cambio clim\u00e1tico. El haber sido seleccionado como ganador en el Desaf\u00edo Juvenil para la Innovaci\u00f3n fue un punto de inflexi\u00f3n para el joven y tambi\u00e9n le ayud\u00f3 a conseguir la beca de investigaci\u00f3n sobre consideraciones de justicia en las pol\u00edticas de eliminaci\u00f3n del carbono (<a href=\"https:\/\/cece.american.edu\/carbon-removal-justice-fellows-program\/\"><em>Carbon Removal Justice Fellowship<\/em><\/a>), financiada por la Iniciativa Chan Zuckerberg y el Fideicomiso Comunitario de Nueva York (<em>New York Community Trust<\/em>). En la actualidad, Elvis se desempe\u00f1a en la empresa internacional\u00a0<a href=\"https:\/\/www.dnv.com\/about\/\">DNV<\/a>\u00a0como consultor principal\u00a0especializado en la eliminaci\u00f3n de emisiones de di\u00f3xido de carbono.<\/p>\n<p>\u201cAprovech\u00e9 mucho la formaci\u00f3n en comunicaci\u00f3n durante mi participaci\u00f3n en el Desaf\u00edo Juvenil para la Innovaci\u00f3n. El concurso tambi\u00e9n me ayud\u00f3 a convertirme, de un ingeniero \u201ca secas\u201d, en un ingeniero con un fuerte enfoque en las dimensiones humanas de las tecnolog\u00edas que he de desarrollar en el futuro\u201d, afirm\u00f3 Xiangkun (Elvis) Cao, ganador del DJI 2021.<\/p>\n<p>Felicitemos de nuevo a todos los\u00a0<a href=\"https:\/\/www.cec.org\/es\/participe\/iniciativas-para-la-juventud\/desafio-juvenil-para-la-innovacion\/\">ganadores del Desaf\u00edo Juvenil para la Innovaci\u00f3n<\/a>, dese\u00e1ndoles todo lo mejor para que contin\u00faen ejerciendo un impacto positivo en las comunidades de Am\u00e9rica del Norte.<\/p>\n<div><strong>Impulso continuo al involucramiento de la juventud desde la CCA y\u00a0Programa\u00a0Generaci\u00f3n de L\u00edderes Ambientales<\/strong><\/div>\n<p>Los siete a\u00f1os de existencia del Desaf\u00edo Juvenil para la Innovaci\u00f3n, junto con las recomendaciones surgidas de la\u00a0<a href=\"https:\/\/www.cec.org\/es\/semana-de-participacion-juvenil\/\">Semana de Participaci\u00f3n Juvenil 2023<\/a>\u00a0de la CCA, ofrecieron un gran c\u00famulo de aprendizajes y experiencia que ayudaron a dar forma a la Estrategia de Participaci\u00f3n Juvenil de la organizaci\u00f3n (de pr\u00f3xima publicaci\u00f3n) y al reci\u00e9n creado\u00a0<a href=\"https:\/\/www.cec.org\/es\/temas\/participacion-juvenil\/gelp\/\">Programa Generaci\u00f3n de L\u00edderes Ambientales<\/a>\u00a0(PGLA). La visi\u00f3n de este nuevo programa permite a la Comisi\u00f3n centrarse en una implicaci\u00f3n del sector juvenil significativa y a largo plazo; brinda una estructura para un compromiso continuo, y establece una red perdurable de j\u00f3venes en toda Am\u00e9rica del Norte.<\/p>\n<p>El pasado mes de junio, la CCA tuvo el placer de\u00a0<a href=\"https:\/\/www.cec.org\/es\/medios\/comunicados-de-prensa\/primeros-equipos-pgla-de-la-cca\/\">anunciar a los primeros equipos del PGLA<\/a>. Las soluciones de los equipos de j\u00f3venes seleccionados se ocupan de la contaminaci\u00f3n por pl\u00e1sticos mediante el desarrollo de envases compostables fabricados a partir de residuos agroalimentarios reciclados; proponen una herramienta innovadora de reinserci\u00f3n laboral que ofrece formaci\u00f3n a personas encarceladas para que desarrollen habilidades relacionadas con mano de obra calificada en energ\u00edas renovables, e impulsan un programa de participaci\u00f3n comunitaria para la restauraci\u00f3n y conservaci\u00f3n de humedales.<\/p>\n<p>Para obtener m\u00e1s informaci\u00f3n sobre nuestro programa PGLA y conocer a la primera generaci\u00f3n\u00a0de l\u00edderes ambientales, haz clic\u00a0<a href=\"https:\/\/www.cec.org\/es\/temas\/participacion-juvenil\/gelp\/\">aqu\u00ed<\/a>.<\/p>\n<p>Mantente al tanto de otros eventos y actividades de\u00a0<a href=\"https:\/\/www.cec.org\/es\/participe\/iniciativas-para-la-juventud\/\">participaci\u00f3n juvenil<\/a>. Y si\u00a0deseas enterarte de m\u00e1s iniciativas, oportunidades y esfuerzos de la CCA, suscr\u00edbete a nuestro\u00a0<a href=\"https:\/\/www.cec.org\/es\/suscribase\/\">bolet\u00edn informativo<\/a>\u00a0y s\u00edguenos en\u00a0<a href=\"https:\/\/linktr.ee\/CEC_Social\">redes sociales<\/a>.<\/p>\n","protected":false},"excerpt":{"rendered":"<p>\u00a1Feliz\u00a0D\u00eda Internacional de la Juventud! Desde 2010, la comunidad internacional celebra el 12 de agosto como la fecha para llamar la atenci\u00f3n sobre temas relacionados con el sector juvenil y exaltar el potencial de las personas j\u00f3venes como aliadas clave en la lucha contra los desaf\u00edos actuales. S\u00famate hoy a la Comisi\u00f3n en la celebraci\u00f3n [&hellip;]<\/p>\n","protected":false},"featured_media":56276,"template":"","class_list":["post-56272","news","type-news","status-publish","has-post-thumbnail","hentry","feed-participacion-juvenil"],"acf":[],"yoast_head":"<!-- This site is optimized with the Yoast SEO Premium plugin v27.4 (Yoast SEO v27.4) - https:\/\/yoast.com\/product\/yoast-seo-premium-wordpress\/ -->\n<title>D\u00eda Internacional de la Juventud 2024: Desaf\u00edo Juvenil para la Innovaci\u00f3n e iniciativas de la CCA orientadas a la participaci\u00f3n de j\u00f3venes<\/title>\n<meta name=\"description\" content=\"Desaf\u00edo Juvenil para la Innovaci\u00f3n e iniciativas de la CCA orientadas a la participaci\u00f3n de j\u00f3venes\" \/>\n<meta name=\"robots\" content=\"index, follow, max-snippet:-1, max-image-preview:large, max-video-preview:-1\" \/>\n<link rel=\"canonical\" href=\"https:\/\/www.cec.org\/es\/novedades\/dia-internacional-de-la-juventud-2024\/\" \/>\n<meta property=\"og:locale\" content=\"es_ES\" \/>\n<meta property=\"og:type\" content=\"article\" \/>\n<meta property=\"og:title\" content=\"D\u00eda Internacional de la Juventud 2024: Desaf\u00edo Juvenil para la Innovaci\u00f3n e iniciativas de la CCA orientadas a la participaci\u00f3n de j\u00f3venes\" \/>\n<meta property=\"og:description\" content=\"\u00a1Feliz\u00a0D\u00eda Internacional de la Juventud! Desde 2010, la comunidad internacional celebra el 12 de agosto como la fecha para llamar la atenci\u00f3n sobre temas\" \/>\n<meta property=\"og:url\" content=\"https:\/\/www.cec.org\/es\/novedades\/dia-internacional-de-la-juventud-2024\/\" \/>\n<meta property=\"og:site_name\" content=\"Comisi\u00f3n para la Cooperaci\u00f3n Ambiental\" \/>\n<meta property=\"article:publisher\" content=\"https:\/\/www.facebook.com\/CECconnect\" \/>\n<meta property=\"article:modified_time\" content=\"2025-05-09T00:19:42+00:00\" \/>\n<meta property=\"og:image\" content=\"https:\/\/www.cec.org\/wp-content\/uploads\/youth.webp\" \/>\n\t<meta property=\"og:image:width\" content=\"1200\" \/>\n\t<meta property=\"og:image:height\" content=\"684\" \/>\n\t<meta property=\"og:image:type\" content=\"image\/webp\" \/>\n<meta name=\"twitter:card\" content=\"summary_large_image\" \/>\n<meta name=\"twitter:site\" content=\"@CECweb\" \/>\n<script type=\"application\/ld+json\" class=\"yoast-schema-graph\">{\"@context\":\"https:\\\/\\\/schema.org\",\"@graph\":[{\"@type\":\"WebPage\",\"@id\":\"https:\\\/\\\/www.cec.org\\\/es\\\/novedades\\\/dia-internacional-de-la-juventud-2024\\\/\",\"url\":\"https:\\\/\\\/www.cec.org\\\/es\\\/novedades\\\/dia-internacional-de-la-juventud-2024\\\/\",\"name\":\"D\u00eda Internacional de la Juventud 2024: Desaf\u00edo Juvenil para la Innovaci\u00f3n e iniciativas de la CCA orientadas a la participaci\u00f3n de j\u00f3venes\",\"isPartOf\":{\"@id\":\"https:\\\/\\\/www.cec.org\\\/es\\\/#website\"},\"primaryImageOfPage\":{\"@id\":\"https:\\\/\\\/www.cec.org\\\/es\\\/novedades\\\/dia-internacional-de-la-juventud-2024\\\/#primaryimage\"},\"image\":{\"@id\":\"https:\\\/\\\/www.cec.org\\\/es\\\/novedades\\\/dia-internacional-de-la-juventud-2024\\\/#primaryimage\"},\"thumbnailUrl\":\"https:\\\/\\\/www.cec.org\\\/wp-content\\\/uploads\\\/youth.webp\",\"datePublished\":\"2024-08-12T20:10:51+00:00\",\"dateModified\":\"2025-05-09T00:19:42+00:00\",\"description\":\"Desaf\u00edo Juvenil para la Innovaci\u00f3n e iniciativas de la CCA orientadas a la participaci\u00f3n de j\u00f3venes\",\"breadcrumb\":{\"@id\":\"https:\\\/\\\/www.cec.org\\\/es\\\/novedades\\\/dia-internacional-de-la-juventud-2024\\\/#breadcrumb\"},\"inLanguage\":\"es\",\"potentialAction\":[{\"@type\":\"ReadAction\",\"target\":[\"https:\\\/\\\/www.cec.org\\\/es\\\/novedades\\\/dia-internacional-de-la-juventud-2024\\\/\"]}]},{\"@type\":\"ImageObject\",\"inLanguage\":\"es\",\"@id\":\"https:\\\/\\\/www.cec.org\\\/es\\\/novedades\\\/dia-internacional-de-la-juventud-2024\\\/#primaryimage\",\"url\":\"https:\\\/\\\/www.cec.org\\\/wp-content\\\/uploads\\\/youth.webp\",\"contentUrl\":\"https:\\\/\\\/www.cec.org\\\/wp-content\\\/uploads\\\/youth.webp\",\"width\":1200,\"height\":684,\"caption\":\"Youth Engagement - International Youth Day 2024\"},{\"@type\":\"BreadcrumbList\",\"@id\":\"https:\\\/\\\/www.cec.org\\\/es\\\/novedades\\\/dia-internacional-de-la-juventud-2024\\\/#breadcrumb\",\"itemListElement\":[{\"@type\":\"ListItem\",\"position\":1,\"name\":\"Inicio\",\"item\":\"https:\\\/\\\/www.cec.org\\\/es\\\/\"},{\"@type\":\"ListItem\",\"position\":2,\"name\":\"Novedades\",\"item\":\"https:\\\/\\\/www.cec.org\\\/es\\\/novedades\\\/\"},{\"@type\":\"ListItem\",\"position\":3,\"name\":\"D\u00eda Internacional de la Juventud 2024: Desaf\u00edo Juvenil para la Innovaci\u00f3n e iniciativas de la CCA orientadas a la participaci\u00f3n de j\u00f3venes\"}]},{\"@type\":\"WebSite\",\"@id\":\"https:\\\/\\\/www.cec.org\\\/es\\\/#website\",\"url\":\"https:\\\/\\\/www.cec.org\\\/es\\\/\",\"name\":\"Commission for Environmental Cooperation\",\"description\":\"Three countries working together to protect our shared environment\",\"alternateName\":\"CEC - CCA -CCE\",\"potentialAction\":[{\"@type\":\"SearchAction\",\"target\":{\"@type\":\"EntryPoint\",\"urlTemplate\":\"https:\\\/\\\/www.cec.org\\\/es\\\/?s={search_term_string}\"},\"query-input\":{\"@type\":\"PropertyValueSpecification\",\"valueRequired\":true,\"valueName\":\"search_term_string\"}}],\"inLanguage\":\"es\"}]}<\/script>\n<!-- \/ Yoast SEO Premium plugin. -->","yoast_head_json":{"title":"D\u00eda Internacional de la Juventud 2024: Desaf\u00edo Juvenil para la Innovaci\u00f3n e iniciativas de la CCA orientadas a la participaci\u00f3n de j\u00f3venes","description":"Desaf\u00edo Juvenil para la Innovaci\u00f3n e iniciativas de la CCA orientadas a la participaci\u00f3n de j\u00f3venes","robots":{"index":"index","follow":"follow","max-snippet":"max-snippet:-1","max-image-preview":"max-image-preview:large","max-video-preview":"max-video-preview:-1"},"canonical":"https:\/\/www.cec.org\/es\/novedades\/dia-internacional-de-la-juventud-2024\/","og_locale":"es_ES","og_type":"article","og_title":"D\u00eda Internacional de la Juventud 2024: Desaf\u00edo Juvenil para la Innovaci\u00f3n e iniciativas de la CCA orientadas a la participaci\u00f3n de j\u00f3venes","og_description":"\u00a1Feliz\u00a0D\u00eda Internacional de la Juventud! Desde 2010, la comunidad internacional celebra el 12 de agosto como la fecha para llamar la atenci\u00f3n sobre temas","og_url":"https:\/\/www.cec.org\/es\/novedades\/dia-internacional-de-la-juventud-2024\/","og_site_name":"Comisi\u00f3n para la Cooperaci\u00f3n Ambiental","article_publisher":"https:\/\/www.facebook.com\/CECconnect","article_modified_time":"2025-05-09T00:19:42+00:00","og_image":[{"width":1200,"height":684,"url":"https:\/\/www.cec.org\/wp-content\/uploads\/youth.webp","type":"image\/webp"}],"twitter_card":"summary_large_image","twitter_site":"@CECweb","schema":{"@context":"https:\/\/schema.org","@graph":[{"@type":"WebPage","@id":"https:\/\/www.cec.org\/es\/novedades\/dia-internacional-de-la-juventud-2024\/","url":"https:\/\/www.cec.org\/es\/novedades\/dia-internacional-de-la-juventud-2024\/","name":"D\u00eda Internacional de la Juventud 2024: Desaf\u00edo Juvenil para la Innovaci\u00f3n e iniciativas de la CCA orientadas a la participaci\u00f3n de j\u00f3venes","isPartOf":{"@id":"https:\/\/www.cec.org\/es\/#website"},"primaryImageOfPage":{"@id":"https:\/\/www.cec.org\/es\/novedades\/dia-internacional-de-la-juventud-2024\/#primaryimage"},"image":{"@id":"https:\/\/www.cec.org\/es\/novedades\/dia-internacional-de-la-juventud-2024\/#primaryimage"},"thumbnailUrl":"https:\/\/www.cec.org\/wp-content\/uploads\/youth.webp","datePublished":"2024-08-12T20:10:51+00:00","dateModified":"2025-05-09T00:19:42+00:00","description":"Desaf\u00edo Juvenil para la Innovaci\u00f3n e iniciativas de la CCA orientadas a la participaci\u00f3n de j\u00f3venes","breadcrumb":{"@id":"https:\/\/www.cec.org\/es\/novedades\/dia-internacional-de-la-juventud-2024\/#breadcrumb"},"inLanguage":"es","potentialAction":[{"@type":"ReadAction","target":["https:\/\/www.cec.org\/es\/novedades\/dia-internacional-de-la-juventud-2024\/"]}]},{"@type":"ImageObject","inLanguage":"es","@id":"https:\/\/www.cec.org\/es\/novedades\/dia-internacional-de-la-juventud-2024\/#primaryimage","url":"https:\/\/www.cec.org\/wp-content\/uploads\/youth.webp","contentUrl":"https:\/\/www.cec.org\/wp-content\/uploads\/youth.webp","width":1200,"height":684,"caption":"Youth Engagement - International Youth Day 2024"},{"@type":"BreadcrumbList","@id":"https:\/\/www.cec.org\/es\/novedades\/dia-internacional-de-la-juventud-2024\/#breadcrumb","itemListElement":[{"@type":"ListItem","position":1,"name":"Inicio","item":"https:\/\/www.cec.org\/es\/"},{"@type":"ListItem","position":2,"name":"Novedades","item":"https:\/\/www.cec.org\/es\/novedades\/"},{"@type":"ListItem","position":3,"name":"D\u00eda Internacional de la Juventud 2024: Desaf\u00edo Juvenil para la Innovaci\u00f3n e iniciativas de la CCA orientadas a la participaci\u00f3n de j\u00f3venes"}]},{"@type":"WebSite","@id":"https:\/\/www.cec.org\/es\/#website","url":"https:\/\/www.cec.org\/es\/","name":"Commission for Environmental Cooperation","description":"Three countries working together to protect our shared environment","alternateName":"CEC - CCA -CCE","potentialAction":[{"@type":"SearchAction","target":{"@type":"EntryPoint","urlTemplate":"https:\/\/www.cec.org\/es\/?s={search_term_string}"},"query-input":{"@type":"PropertyValueSpecification","valueRequired":true,"valueName":"search_term_string"}}],"inLanguage":"es"}]}},"_links":{"self":[{"href":"https:\/\/www.cec.org\/es\/wp-json\/wp\/v2\/news\/56272","targetHints":{"allow":["GET"]}}],"collection":[{"href":"https:\/\/www.cec.org\/es\/wp-json\/wp\/v2\/news"}],"about":[{"href":"https:\/\/www.cec.org\/es\/wp-json\/wp\/v2\/types\/news"}],"wp:featuredmedia":[{"embeddable":true,"href":"https:\/\/www.cec.org\/es\/wp-json\/wp\/v2\/media\/56276"}],"wp:attachment":[{"href":"https:\/\/www.cec.org\/es\/wp-json\/wp\/v2\/media?parent=56272"}],"curies":[{"name":"wp","href":"https:\/\/api.w.org\/{rel}","templated":true}]}}