{"id":56249,"date":"2024-08-09T12:15:44","date_gmt":"2024-08-09T16:15:44","guid":{"rendered":"http:\/\/www.cec.org\/newsletter\/dia-internacional-de-los-pueblos-indigenas-del-mundo\/"},"modified":"2025-03-04T14:49:01","modified_gmt":"2025-03-04T19:49:01","slug":"dia-internacional-de-los-pueblos-indigenas-del-mundo","status":"publish","type":"news","link":"https:\/\/www.cec.org\/es\/novedades\/dia-internacional-de-los-pueblos-indigenas-del-mundo\/","title":{"rendered":"Conmemore con la CCA el D\u00eda Internacional de los Pueblos Ind\u00edgenas del Mundo 2024"},"content":{"rendered":"<p>Hoy 9 de agosto es el D\u00eda Internacional de los Pueblos Ind\u00edgenas del Mundo, fecha en la que se reconocen el patrimonio \u00fanico, la diversidad cultural y la vitalidad de los pueblos ind\u00edgenas de todo el mundo, al tiempo que se reflexiona sobre las historias de opresi\u00f3n colonial y se hace hincapi\u00e9 en el apoyo a las iniciativas actuales encaminadas a hacer frente a las injusticias.<\/p>\n<p>El\u00a0<a href=\"https:\/\/www.un.org\/es\/observances\/indigenous-day\">tema<\/a>\u00a0que Naciones Unidas aborda este a\u00f1o subraya la importancia de proteger los derechos de los pueblos ind\u00edgenas y constituye una oportunidad para que la CCA\u00a0<a href=\"https:\/\/www.cec.org\/es\/newsletter\/pueblos-indigenas\/\">reafirme su compromiso<\/a>\u00a0de honrar y promover el respeto de los derechos de estos pueblos, incluido el derecho a la autodeterminaci\u00f3n, en Am\u00e9rica del Norte y en todo el mundo.<\/p>\n<p>La CCA mantiene su compromiso de elevar los sistemas de conocimiento, las voces y las perspectivas ind\u00edgenas, al tiempo que avanza en su misi\u00f3n de proteger y restaurar el medio ambiente de la Isla Tortuga (Am\u00e9rica del Norte) de costa a costa. Al reconocer la importancia fundamental de integrar en las actividades, proyectos y decisiones en materia ambiental tanto el conocimiento ecol\u00f3gico tradicional (CET) como las pr\u00e1cticas ind\u00edgenas de gesti\u00f3n responsable, y al colaborar directamente con comunidades y gobiernos ind\u00edgenas, estamos logrando impulsar pr\u00e1cticas ambientales incluyentes, equitativas y resilientes, lo que nos permite contribuir a la protecci\u00f3n del medio ambiente que compartimos, en beneficio de las generaciones presentes y futuras.<\/p>\n<p>\u201cComo parte medular de la cooperaci\u00f3n ambiental, los pueblos y comunidades ind\u00edgenas perseveramos en sostener relaciones adecuadas y justas con el entorno natural y con todas las formas de vida que comparten este espl\u00e9ndido planeta. El liderazgo, los conocimientos y la sabidur\u00eda de las naciones originarias constituyen la piedra angular en la v\u00eda hacia el futuro\u201d, se\u00f1al\u00f3 la coordinadora del Grupo de Especialistas en Conocimiento Ecol\u00f3gico Tradicional (GECET) de la CCA, Kathy Hodgson-Smith.<\/p>\n<div><strong>Reciente recomendaci\u00f3n del GECET al Consejo de la CCA<\/strong><\/div>\n<p>Luego de la celebraci\u00f3n en junio de 2024 del foro p\u00fablico del Comit\u00e9 Consultivo P\u00fablico Conjunto (CCPC) y la m\u00e1s reciente sesi\u00f3n de Consejo 24 (<a href=\"https:\/\/www.cec.org\/es\/eventos\/cca31\/\">#CCA31<\/a>), el\u00a0<a href=\"https:\/\/www.cec.org\/es\/acerca-de-la-cca\/grupo-de-especialistas-en-conocimiento-ecologico-tradicional\/\">GECET<\/a>\u00a0present\u00f3 una\u00a0<a href=\"http:\/\/www.cec.org\/wp-content\/uploads\/TEKEG-Advice-24-01-ES.pdf\" target=\"_blank\" rel=\"noopener\">recomendaci\u00f3n<\/a>\u00a0al Consejo de la CCA relativa al fortalecimiento de la justicia ambiental mediante el empoderamiento comunitario.<\/p>\n<p>A lo largo de las sesiones y debates sostenidos en el marco de la #CCA31 en torno a estrategias para promover la justicia ambiental en Am\u00e9rica del Norte, el GECET observ\u00f3, entre otras cuestiones, que las injusticias ambientales afectan de manera desproporcionada a los pueblos y territorios ind\u00edgenas y a otras comunidades vulnerables; que es imprescindible elaborar las pol\u00edticas de gesti\u00f3n ambiental conjuntamente con quienes padecen un mayor impacto como resultado de la toma de decisiones en materia de medio ambiente, incluidas las personas j\u00f3venes; que los pueblos ind\u00edgenas poseen sistemas de conocimientos intergeneracionales de valor incalculable que sirven de gu\u00eda y contribuyen a la planificaci\u00f3n y la adopci\u00f3n de decisiones, y que sin justicia para los pueblos ind\u00edgenas de ninguna manera puede hablarse de justicia ambiental.<\/p>\n<p>En su recomendaci\u00f3n, el GECET formul\u00f3 las siguientes observaciones y plante\u00f3 la importancia de:<\/p>\n<ol>\n<li>Continuar impulsando el establecimiento de un enfoque basado en principios que permita la participaci\u00f3n significativa de los pueblos ind\u00edgenas y sus saberes en el trabajo de la CCA en general, incluida la labor de impulso de la justicia ambiental en el \u00e1mbito institucional, as\u00ed como formular directrices al respecto.<\/li>\n<li>Abogar por una mayor capacidad al interior de la CCA para \u2014tal y como se re\ufb02eja en el Plan Estrat\u00e9gico\u2014 garantizar la participaci\u00f3n de pueblos y comunidades ind\u00edgenas de los tres pa\u00edses, y\u00a0su trabajo en red, de manera que tomen parte activa y desempe\u00f1en un papel signi\ufb01cativo en los\u00a0di\u00e1logos e intercambios en torno a las prioridades de la CCA y se les tome en consideraci\u00f3n como l\u00edderes en la b\u00fasqueda de soluciones y remedios a los desaf\u00edos medioambientales.<\/li>\n<li>Documentar los problemas que pueblos y comunidades ind\u00edgenas enfrentan en\u00a0contextos de gesti\u00f3n ambiental, y hacer recomendaciones a la CCA por cuanto al camino que la organizaci\u00f3n puede tomar en su desarrollo institucional \u2014y como parte de un marco de educaci\u00f3n p\u00fablica\u2014 con miras a elevar e impulsar de manera efectiva los valores y voces ind\u00edgenas en las labores de gesti\u00f3n ambiental en Am\u00e9rica del Norte.<\/li>\n<li>Apoyar a la Comisi\u00f3n para garantizar que la organizaci\u00f3n desempe\u00f1a un papel signi\ufb01cativo en el desarrollo del liderazgo juvenil en las comunidades ind\u00edgenas, e identi\ufb01car los recursos y redes existentes para ello.<\/li>\n<\/ol>\n<p>Haga clic\u00a0<a href=\"http:\/\/www.cec.org\/wp-content\/uploads\/TEKEG-Advice-24-01-ES.pdf\" target=\"_blank\" rel=\"noopener\">aqu\u00ed<\/a>\u00a0para consultar la recomendaci\u00f3n completa.<\/p>\n<div><strong>Proyecto sobre resiliencia de los sistemas alimentarios tradicionales de los pueblos ind\u00edgenas<\/strong><\/div>\n<p>En la actualidad, el Grupo de Especialistas en Conocimiento Ecol\u00f3gico Tradicional trabaja tambi\u00e9n en un nuevo proyecto que examina el estado actual de los sistemas alimentarios tradicionales de los pueblos ind\u00edgenas, con miras a atender uno de los principales retos mundiales a los que hoy se enfrenta la humanidad: la seguridad alimentaria. Estos sistemas alimentarios existen desde hace miles de a\u00f1os y se reconocen por su car\u00e1cter sustentable y respetuoso de la naturaleza. Si bien las comunidades ind\u00edgenas han demostrado capacidad de recuperaci\u00f3n y liderazgo en el mantenimiento de sus sistemas alimentarios tradicionales, en Am\u00e9rica del Norte la mayor\u00eda se enfrenta a situaciones de crisis y escasez alimentaria.<\/p>\n<p>A trav\u00e9s de las actividades que conforman este proyecto, la CCA apoyar\u00e1 una mayor inclusi\u00f3n del liderazgo y el conocimiento ind\u00edgenas en las actividades y decisiones que afectan los sistemas alimentarios tradicionales de los pueblos originarios. Le invitamos a consultar m\u00e1s informaci\u00f3n sobre el proyecto\u00a0<em>Resiliencia de los sistemas alimentarios tradicionales de los pueblos ind\u00edgenas<\/em>\u00a0haciendo clic\u00a0<a href=\"https:\/\/www.cec.org\/es\/resiliencia-de-los-sistemas-alimentarios-tradicionales-de-los-pueblos-indigenas\/\" target=\"_blank\" rel=\"noopener\">aqu\u00ed<\/a>.<\/p>\n<p>Queremos reiterar nuestro agradecimiento a todos los miembros del GECET que ofrecen voluntariamente su tiempo a la CCA. Si desea m\u00e1s informaci\u00f3n sobre el Grupo de Especialistas en Conocimiento Ecol\u00f3gico Tradicional, haga clic\u00a0<a href=\"https:\/\/www.cec.org\/es\/acerca-de-la-cca\/grupo-de-especialistas-en-conocimiento-ecologico-tradicional\/\">aqu\u00ed<\/a>.<\/p>\n<p>Para recibir m\u00e1s informaci\u00f3n sobre iniciativas, oportunidades y actividades de la CCA, suscr\u00edbase a nuestro\u00a0<a href=\"https:\/\/www.cec.org\/es\/suscribase\/\">bolet\u00edn informativo<\/a>\u00a0y s\u00edganos en\u00a0<a href=\"https:\/\/linktr.ee\/CEC_Social\">redes sociales<\/a>.<\/p>\n","protected":false},"excerpt":{"rendered":"<p>Hoy 9 de agosto es el D\u00eda Internacional de los Pueblos Ind\u00edgenas del Mundo, fecha en la que se reconocen el patrimonio \u00fanico, la diversidad cultural y la vitalidad de los pueblos ind\u00edgenas de todo el mundo, al tiempo que se reflexiona sobre las historias de opresi\u00f3n colonial y se hace hincapi\u00e9 en el apoyo [&hellip;]<\/p>\n","protected":false},"featured_media":56306,"template":"","class_list":["post-56249","news","type-news","status-publish","has-post-thumbnail","hentry","feed-cet"],"acf":[],"yoast_head":"<!-- This site is optimized with the Yoast SEO Premium plugin v27.4 (Yoast SEO v27.4) - https:\/\/yoast.com\/product\/yoast-seo-premium-wordpress\/ -->\n<title>D\u00eda Internacional de los Pueblos Ind\u00edgenas del Mundo<\/title>\n<meta name=\"description\" content=\"La CCA mantiene su compromiso de elevar los sistemas de conocimiento, las voces y las perspectivas ind\u00edgenas, al tiempo que avanza en su misi\u00f3n de proteger...\" \/>\n<meta name=\"robots\" content=\"index, follow, max-snippet:-1, max-image-preview:large, max-video-preview:-1\" \/>\n<link rel=\"canonical\" href=\"https:\/\/www.cec.org\/es\/novedades\/dia-internacional-de-los-pueblos-indigenas-del-mundo\/\" \/>\n<meta property=\"og:locale\" content=\"es_ES\" \/>\n<meta property=\"og:type\" content=\"article\" \/>\n<meta property=\"og:title\" content=\"Conmemore con la CCA el D\u00eda Internacional de los Pueblos Ind\u00edgenas del Mundo 2024\" \/>\n<meta property=\"og:description\" content=\"Hoy 9 de agosto es el D\u00eda Internacional de los Pueblos Ind\u00edgenas del Mundo, fecha en la que se reconocen el patrimonio \u00fanico, la diversidad cultural y la\" \/>\n<meta property=\"og:url\" content=\"https:\/\/www.cec.org\/es\/novedades\/dia-internacional-de-los-pueblos-indigenas-del-mundo\/\" \/>\n<meta property=\"og:site_name\" content=\"Comisi\u00f3n para la Cooperaci\u00f3n Ambiental\" \/>\n<meta property=\"article:publisher\" content=\"https:\/\/www.facebook.com\/CECconnect\" \/>\n<meta property=\"article:modified_time\" content=\"2025-03-04T19:49:01+00:00\" \/>\n<meta property=\"og:image\" content=\"https:\/\/www.cec.org\/wp-content\/uploads\/newsletter-idip.webp\" \/>\n\t<meta property=\"og:image:width\" content=\"1200\" \/>\n\t<meta property=\"og:image:height\" content=\"684\" \/>\n\t<meta property=\"og:image:type\" content=\"image\/webp\" \/>\n<meta name=\"twitter:card\" content=\"summary_large_image\" \/>\n<meta name=\"twitter:site\" content=\"@CECweb\" \/>\n<script type=\"application\/ld+json\" class=\"yoast-schema-graph\">{\"@context\":\"https:\\\/\\\/schema.org\",\"@graph\":[{\"@type\":\"WebPage\",\"@id\":\"https:\\\/\\\/www.cec.org\\\/es\\\/novedades\\\/dia-internacional-de-los-pueblos-indigenas-del-mundo\\\/\",\"url\":\"https:\\\/\\\/www.cec.org\\\/es\\\/novedades\\\/dia-internacional-de-los-pueblos-indigenas-del-mundo\\\/\",\"name\":\"D\u00eda Internacional de los Pueblos Ind\u00edgenas del Mundo\",\"isPartOf\":{\"@id\":\"https:\\\/\\\/www.cec.org\\\/es\\\/#website\"},\"primaryImageOfPage\":{\"@id\":\"https:\\\/\\\/www.cec.org\\\/es\\\/novedades\\\/dia-internacional-de-los-pueblos-indigenas-del-mundo\\\/#primaryimage\"},\"image\":{\"@id\":\"https:\\\/\\\/www.cec.org\\\/es\\\/novedades\\\/dia-internacional-de-los-pueblos-indigenas-del-mundo\\\/#primaryimage\"},\"thumbnailUrl\":\"https:\\\/\\\/www.cec.org\\\/wp-content\\\/uploads\\\/newsletter-idip.webp\",\"datePublished\":\"2024-08-09T16:15:44+00:00\",\"dateModified\":\"2025-03-04T19:49:01+00:00\",\"description\":\"La CCA mantiene su compromiso de elevar los sistemas de conocimiento, las voces y las perspectivas ind\u00edgenas, al tiempo que avanza en su misi\u00f3n de proteger...\",\"breadcrumb\":{\"@id\":\"https:\\\/\\\/www.cec.org\\\/es\\\/novedades\\\/dia-internacional-de-los-pueblos-indigenas-del-mundo\\\/#breadcrumb\"},\"inLanguage\":\"es\",\"potentialAction\":[{\"@type\":\"ReadAction\",\"target\":[\"https:\\\/\\\/www.cec.org\\\/es\\\/novedades\\\/dia-internacional-de-los-pueblos-indigenas-del-mundo\\\/\"]}]},{\"@type\":\"ImageObject\",\"inLanguage\":\"es\",\"@id\":\"https:\\\/\\\/www.cec.org\\\/es\\\/novedades\\\/dia-internacional-de-los-pueblos-indigenas-del-mundo\\\/#primaryimage\",\"url\":\"https:\\\/\\\/www.cec.org\\\/wp-content\\\/uploads\\\/newsletter-idip.webp\",\"contentUrl\":\"https:\\\/\\\/www.cec.org\\\/wp-content\\\/uploads\\\/newsletter-idip.webp\",\"width\":1200,\"height\":684,\"caption\":\"TEK members\"},{\"@type\":\"BreadcrumbList\",\"@id\":\"https:\\\/\\\/www.cec.org\\\/es\\\/novedades\\\/dia-internacional-de-los-pueblos-indigenas-del-mundo\\\/#breadcrumb\",\"itemListElement\":[{\"@type\":\"ListItem\",\"position\":1,\"name\":\"Inicio\",\"item\":\"https:\\\/\\\/www.cec.org\\\/es\\\/\"},{\"@type\":\"ListItem\",\"position\":2,\"name\":\"Novedades\",\"item\":\"https:\\\/\\\/www.cec.org\\\/es\\\/novedades\\\/\"},{\"@type\":\"ListItem\",\"position\":3,\"name\":\"Conmemore con la CCA el D\u00eda Internacional de los Pueblos Ind\u00edgenas del Mundo 2024\"}]},{\"@type\":\"WebSite\",\"@id\":\"https:\\\/\\\/www.cec.org\\\/es\\\/#website\",\"url\":\"https:\\\/\\\/www.cec.org\\\/es\\\/\",\"name\":\"Commission for Environmental Cooperation\",\"description\":\"Three countries working together to protect our shared environment\",\"alternateName\":\"CEC - CCA -CCE\",\"potentialAction\":[{\"@type\":\"SearchAction\",\"target\":{\"@type\":\"EntryPoint\",\"urlTemplate\":\"https:\\\/\\\/www.cec.org\\\/es\\\/?s={search_term_string}\"},\"query-input\":{\"@type\":\"PropertyValueSpecification\",\"valueRequired\":true,\"valueName\":\"search_term_string\"}}],\"inLanguage\":\"es\"}]}<\/script>\n<!-- \/ Yoast SEO Premium plugin. -->","yoast_head_json":{"title":"D\u00eda Internacional de los Pueblos Ind\u00edgenas del Mundo","description":"La CCA mantiene su compromiso de elevar los sistemas de conocimiento, las voces y las perspectivas ind\u00edgenas, al tiempo que avanza en su misi\u00f3n de proteger...","robots":{"index":"index","follow":"follow","max-snippet":"max-snippet:-1","max-image-preview":"max-image-preview:large","max-video-preview":"max-video-preview:-1"},"canonical":"https:\/\/www.cec.org\/es\/novedades\/dia-internacional-de-los-pueblos-indigenas-del-mundo\/","og_locale":"es_ES","og_type":"article","og_title":"Conmemore con la CCA el D\u00eda Internacional de los Pueblos Ind\u00edgenas del Mundo 2024","og_description":"Hoy 9 de agosto es el D\u00eda Internacional de los Pueblos Ind\u00edgenas del Mundo, fecha en la que se reconocen el patrimonio \u00fanico, la diversidad cultural y la","og_url":"https:\/\/www.cec.org\/es\/novedades\/dia-internacional-de-los-pueblos-indigenas-del-mundo\/","og_site_name":"Comisi\u00f3n para la Cooperaci\u00f3n Ambiental","article_publisher":"https:\/\/www.facebook.com\/CECconnect","article_modified_time":"2025-03-04T19:49:01+00:00","og_image":[{"width":1200,"height":684,"url":"https:\/\/www.cec.org\/wp-content\/uploads\/newsletter-idip.webp","type":"image\/webp"}],"twitter_card":"summary_large_image","twitter_site":"@CECweb","schema":{"@context":"https:\/\/schema.org","@graph":[{"@type":"WebPage","@id":"https:\/\/www.cec.org\/es\/novedades\/dia-internacional-de-los-pueblos-indigenas-del-mundo\/","url":"https:\/\/www.cec.org\/es\/novedades\/dia-internacional-de-los-pueblos-indigenas-del-mundo\/","name":"D\u00eda Internacional de los Pueblos Ind\u00edgenas del Mundo","isPartOf":{"@id":"https:\/\/www.cec.org\/es\/#website"},"primaryImageOfPage":{"@id":"https:\/\/www.cec.org\/es\/novedades\/dia-internacional-de-los-pueblos-indigenas-del-mundo\/#primaryimage"},"image":{"@id":"https:\/\/www.cec.org\/es\/novedades\/dia-internacional-de-los-pueblos-indigenas-del-mundo\/#primaryimage"},"thumbnailUrl":"https:\/\/www.cec.org\/wp-content\/uploads\/newsletter-idip.webp","datePublished":"2024-08-09T16:15:44+00:00","dateModified":"2025-03-04T19:49:01+00:00","description":"La CCA mantiene su compromiso de elevar los sistemas de conocimiento, las voces y las perspectivas ind\u00edgenas, al tiempo que avanza en su misi\u00f3n de proteger...","breadcrumb":{"@id":"https:\/\/www.cec.org\/es\/novedades\/dia-internacional-de-los-pueblos-indigenas-del-mundo\/#breadcrumb"},"inLanguage":"es","potentialAction":[{"@type":"ReadAction","target":["https:\/\/www.cec.org\/es\/novedades\/dia-internacional-de-los-pueblos-indigenas-del-mundo\/"]}]},{"@type":"ImageObject","inLanguage":"es","@id":"https:\/\/www.cec.org\/es\/novedades\/dia-internacional-de-los-pueblos-indigenas-del-mundo\/#primaryimage","url":"https:\/\/www.cec.org\/wp-content\/uploads\/newsletter-idip.webp","contentUrl":"https:\/\/www.cec.org\/wp-content\/uploads\/newsletter-idip.webp","width":1200,"height":684,"caption":"TEK members"},{"@type":"BreadcrumbList","@id":"https:\/\/www.cec.org\/es\/novedades\/dia-internacional-de-los-pueblos-indigenas-del-mundo\/#breadcrumb","itemListElement":[{"@type":"ListItem","position":1,"name":"Inicio","item":"https:\/\/www.cec.org\/es\/"},{"@type":"ListItem","position":2,"name":"Novedades","item":"https:\/\/www.cec.org\/es\/novedades\/"},{"@type":"ListItem","position":3,"name":"Conmemore con la CCA el D\u00eda Internacional de los Pueblos Ind\u00edgenas del Mundo 2024"}]},{"@type":"WebSite","@id":"https:\/\/www.cec.org\/es\/#website","url":"https:\/\/www.cec.org\/es\/","name":"Commission for Environmental Cooperation","description":"Three countries working together to protect our shared environment","alternateName":"CEC - CCA -CCE","potentialAction":[{"@type":"SearchAction","target":{"@type":"EntryPoint","urlTemplate":"https:\/\/www.cec.org\/es\/?s={search_term_string}"},"query-input":{"@type":"PropertyValueSpecification","valueRequired":true,"valueName":"search_term_string"}}],"inLanguage":"es"}]}},"_links":{"self":[{"href":"https:\/\/www.cec.org\/es\/wp-json\/wp\/v2\/news\/56249","targetHints":{"allow":["GET"]}}],"collection":[{"href":"https:\/\/www.cec.org\/es\/wp-json\/wp\/v2\/news"}],"about":[{"href":"https:\/\/www.cec.org\/es\/wp-json\/wp\/v2\/types\/news"}],"wp:featuredmedia":[{"embeddable":true,"href":"https:\/\/www.cec.org\/es\/wp-json\/wp\/v2\/media\/56306"}],"wp:attachment":[{"href":"https:\/\/www.cec.org\/es\/wp-json\/wp\/v2\/media?parent=56249"}],"curies":[{"name":"wp","href":"https:\/\/api.w.org\/{rel}","templated":true}]}}