{"id":55902,"date":"2024-06-26T18:27:30","date_gmt":"2024-06-26T22:27:30","guid":{"rendered":"http:\/\/www.cec.org\/?post_type=news&#038;p=55902"},"modified":"2026-01-24T13:49:45","modified_gmt":"2026-01-24T18:49:45","slug":"declaracion-del-consejo-2024","status":"publish","type":"news","link":"https:\/\/www.cec.org\/es\/novedades\/declaracion-del-consejo-2024\/","title":{"rendered":"Declaraci\u00f3n del Consejo 2024: Fortalecimiento de la justicia ambiental y empoderamiento de\u00a0las\u00a0comunidades"},"content":{"rendered":"<p><strong>Wilmington, Carolina del Norte, 26 de junio de 2024. \u00a0<\/strong>Durante los \u00faltimos treinta a\u00f1os, los gobiernos de\u00a0Canad\u00e1, Estados Unidos y M\u00e9xico han trabajado juntos mediante la\u00a0Comisi\u00f3n para la Cooperaci\u00f3n Ambiental\u00a0(CCA) a fin de impulsar soluciones de cara a los desaf\u00edos ambientales m\u00e1s cruciales a los que\u00a0se enfrenta Am\u00e9rica del Norte. El d\u00eda de hoy nos hemos reunido con motivo de la sesi\u00f3n ordinaria anual del Consejo de la CCA, en Wilmington, Carolina del Norte, Estados Unidos, en torno al tema \u201cFortalecimiento de la justicia ambiental mediante el empoderamiento comunitario\u201d, y en celebraci\u00f3n del trig\u00e9simo aniversario de la CCA como facilitadora de la cooperaci\u00f3n ambiental trilateral.<\/p>\n<p>En este lugar tan significativo en la historia del movimiento por la justicia ambiental de Am\u00e9rica del Norte, aprovechamos esta oportunidad para reafirmar nuestro compromiso con el fortalecimiento de la\u00a0justicia ambiental mediante el empoderamiento comunitario y la priorizaci\u00f3n de nuestras iniciativas dirigidas a atender las preocupaciones de comunidades hist\u00f3ricamente marginadas y desatendidas de los tres pa\u00edses de\u00a0la\u00a0regi\u00f3n.<\/p>\n<p>La sesi\u00f3n de Consejo de este a\u00f1o se centr\u00f3 en oportunidades para impulsar acciones en pro de la justicia\u00a0ambiental en Am\u00e9rica del Norte que ayudar\u00e1n a empoderar a las comunidades. Algunas de estas oportunidades incluyen acciones para mejorar la calidad del aire en zonas menos favorecidas; fomentar la interacci\u00f3n entre l\u00edderes comunitarios y funcionarios p\u00fablicos respecto de asuntos de justicia ambiental, y lograr una\u00a0participaci\u00f3n significativa de grupos clave, con inclusi\u00f3n de l\u00edderes juveniles.<\/p>\n<div><strong>Tres d\u00e9cadas de cooperaci\u00f3n ambiental a escala regional<\/strong><\/div>\n<p>Durante los \u00faltimos treinta a\u00f1os, la CCA ha sido la piedra angular de la cooperaci\u00f3n trilateral en asuntos ambientales en Am\u00e9rica del Norte. Esta s\u00f3lida colaboraci\u00f3n nos ha permitido trabajar en pro de la protecci\u00f3n, la restauraci\u00f3n y la conservaci\u00f3n de nuestro preciado medio ambiente. Continuaremos nuestro trabajo trilateral conjunto a trav\u00e9s de la CCA para afrontar los desaf\u00edos ambientales presentes y futuros, incluida la triple crisis planetaria derivada del cambio clim\u00e1tico, la p\u00e9rdida de biodiversidad y la contaminaci\u00f3n. A lo largo de nuestra sesi\u00f3n pudimos destacar numerosos proyectos exitosos y reproducibles que la CCA ha llevado a cabo en estas tres d\u00e9cadas: proyectos que ejemplifican la labor innovadora y de gran impacto desempe\u00f1ada por la Comisi\u00f3n; por ejemplo, nuestro trabajo en\u00a0favor de la conservaci\u00f3n de la mariposa monarca; nuestras iniciativas para hacer frente a la p\u00e9rdida y\u00a0el\u00a0desperdicio de alimentos, y la labor para eliminar gradualmente y manejar de manera adecuada sustancias qu\u00edmicas nocivas como el dicloro-difenil-tricloroetano (DDT) y el plomo-\u00e1cido de las bater\u00edas en Am\u00e9rica del Norte.<\/p>\n<p>Celebrar tres d\u00e9cadas de trabajo realizado con plena dedicaci\u00f3n representa un hito excepcional. Al reflexionar sobre los logros significativos, el compromiso inquebrantable y las contribuciones con gran\u00a0impacto de la CCA, reiteramos la responsabilidad asumida con ocasi\u00f3n de nuestra primera sesi\u00f3n de Consejo en 1995:<\/p>\n<div><em>\u201cEl medio ambiente no conoce fronteras. Nos une el disfrute de los recursos naturales y\u00a0de\u00a0las especies de nuestros ecosistemas. Los recursos compartidos conllevan una responsabilidad colectiva. S\u00f3lo si trabajamos juntos resolveremos los problemas ambientales m\u00e1s urgentes de Am\u00e9rica del Norte de una manera eficiente y eficaz. De\u00a0este modo podremos hacer de Am\u00e9rica del Norte un ejemplo ambiental para el resto del mundo.\u201d<\/em><\/div>\n<div><em>Declaraci\u00f3n ministerial de la CCA, Oaxaca, M\u00e9xico, 13 de octubre de 1995<\/em><\/div>\n<p>&nbsp;<\/p>\n<div><strong>Fortalecimiento de la justicia ambiental mediante el empoderamiento comunitario<\/strong><\/div>\n<p>Mejorar la gobernanza en materia ambiental reviste fundamental importancia para el trabajo y la misi\u00f3n de la CCA, as\u00ed como para los compromisos asumidos por nuestros l\u00edderes de Am\u00e9rica del Norte. Es\u00a0preciso que sigamos promoviendo la no-discriminaci\u00f3n, aumentando la diversidad y fomentando la\u00a0equidad social y la inclusi\u00f3n, en particular de los pueblos ind\u00edgenas y afrodescendientes; las comunidades 2ELGBTQIA+ y otras; las mujeres; los ni\u00f1os y las ni\u00f1as; la juventud; las personas migrantes, y otros\u00a0grupos hist\u00f3ricamente marginados y desfavorecidos.<\/p>\n<p>Por medio del trabajo de la CCA, ampliamos nuestro entendimiento com\u00fan de los conceptos de la justicia ambiental y la intersecci\u00f3n entre las cargas ambientales y las vulnerabilidades sociales de grupos y comunidades afectadas de Am\u00e9rica del Norte, al tiempo de aprovechar las experiencias de l\u00edderes comunitarios, el sector acad\u00e9mico, organizaciones de la sociedad civil y el\u00a0sector\u00a0empresarial de toda la\u00a0regi\u00f3n.<\/p>\n<p>Nos complace haber apoyado cuatro espacios abiertos al p\u00fablico: el\u00a0<em>foro p\u00fablico del Comit\u00e9 Consultivo P\u00fablico Conjunto (CCPC)<\/em>, celebrado el\u00a024 de junio, cuya atenci\u00f3n se centr\u00f3 en el impulso de la justicia ambiental en Am\u00e9rica del Norte; un\u00a0<em>panel de j\u00f3venes<\/em>, realizado el 25 de junio, que ofreci\u00f3 a l\u00edderes juveniles la oportunidad de participar directamente como protagonistas destacados en la lucha por la justicia ambiental; la\u00a0<em>mesa redonda del director ejecutivo de la CCA<\/em>, tambi\u00e9n el 25 de junio, con el tema: \u201cJusticia ambiental: or\u00edgenes, evoluci\u00f3n y pol\u00edticas emergentes en Am\u00e9rica del Norte\u201d, y el\u00a0<em>segmento p\u00fablico de nuestra sesi\u00f3n de Consejo<\/em>, el d\u00eda de hoy, en el que se exploraron estrategias para fortalecer la justicia ambiental mediante el empoderamiento comunitario. Adem\u00e1s de ofrecer a las personas y entidades participantes invaluables oportunidades de compartir e intercambiar conocimientos, informaci\u00f3n y puntos de vista entre s\u00ed y con\u00a0los integrantes del Consejo, estos cuatro eventos brindaron al p\u00fablico en general un espacio para formular preguntas, comentarios y sugerencias acerca del trabajo de cooperaci\u00f3n de la CCA.<\/p>\n<p>Estos eventos contaron con asistentes tanto presenciales como virtuales, con una nutrida representaci\u00f3n de diversos grupos de personas y actores interesados provenientes de toda Am\u00e9rica del Norte. Al examinar una gran cantidad y variedad de ejemplos de acciones en favor de la justicia ambiental emprendidas en cada uno de nuestros tres pa\u00edses, tuvimos la oportunidad de profundizar en el conocimiento en torno al tema, as\u00ed como acerca de las mejores pr\u00e1cticas al respecto con miras a promover el acceso a la informaci\u00f3n sobre medio ambiente, la participaci\u00f3n ciudadana activa y comprometida, y\u00a0el\u00a0acceso a la justicia, elementos que constituyen pilares fundamentales del movimiento en favor de la\u00a0justicia ambiental.<\/p>\n<p>Los intercambios e interacciones que sostuvimos en el marco de la sesi\u00f3n de Consejo con el Comit\u00e9 Consultivo P\u00fablico Conjunto (CCPC) y con el Grupo de Especialistas en Conocimiento Ecol\u00f3gico Tradicional (GECET) de la CCA resultaron de lo m\u00e1s fruct\u00edferos e inspiradores. Tuvimos la\u00a0oportunidad de intercambiar ideas sobre c\u00f3mo trabajar de forma colaborativa para enfrentar la triple crisis planetaria y, al mismo tiempo, construir un futuro justo, equitativo y sustentable para todas las personas, en particular para las comunidades hist\u00f3ricamente m\u00e1s marginadas y desfavorecidas de la regi\u00f3n.<\/p>\n<div><strong>Anuncios e iniciativas nuevas<\/strong><\/div>\n<p>Como parte de la sesi\u00f3n de Consejo:<\/p>\n<ul>\n<li>Se asign\u00f3 un monto de 1.5 millones de d\u00f3lares estadounidenses al cuarto ciclo del programa de\u00a0subvenciones \u201cEJ4Climate: equidad ambiental y resiliencia clim\u00e1tica\u201d de la CCA, a trav\u00e9s del\u00a0cual se otorga financiamiento directo a organizaciones comunitarias, con el fin de fomentar la\u00a0justicia ambiental facilitando el que las comunidades impulsen soluciones y establezcan alianzas para hacer frente a sus vulnerabilidades en\u00a0materia de medio ambiente y salud, en particular las debidas a los efectos del cambio clim\u00e1tico. El tema del cuarto ciclo de subvenciones de EJ4Climate es\u00a0<em>Programas educativos dirigidos por las comunidades para aumentar el conocimiento sobre justicia ambiental y adaptaci\u00f3n al cambio clim\u00e1tico.<\/em><\/li>\n<\/ul>\n<ul>\n<li>Se aportaron 500,000 d\u00f3lares canadienses para poner en marcha el Centro de Acci\u00f3n por\u00a0la Justicia Ambiental en Am\u00e9rica del Norte (CAJAAN), plataforma de recursos que reunir\u00e1 a\u00a0representantes de comunidades, defensores y funcionarios p\u00fablicos de nuestros tres pa\u00edses con\u00a0el prop\u00f3sito de intercambiar, aprovechar y potenciar las mejores pr\u00e1cticas y herramientas en\u00a0materia de justicia ambiental. Esta nueva plataforma permitir\u00e1 tambi\u00e9n identificar oportunidades para promover acciones equitativas e incluyentes en pro de esta justicia en Am\u00e9rica del Norte, y\u00a0contribuir\u00e1 al intercambio de conocimientos y mejores pr\u00e1cticas entre nuestros pa\u00edses con el\u00a0objetivo de atender desigualdades en comunidades y sectores hist\u00f3ricamente marginados y\u00a0desfavorecidos.<\/li>\n<li>Se lanzaron las siguientes iniciativas nuevas:\n<ul>\n<li>Apoyo a la ciencia para la conservaci\u00f3n de la mariposa monarca<\/li>\n<li>Sistema de intercambio de datos sobre transferencias de residuos peligrosos<\/li>\n<li>Aprovechamiento de eventos p\u00fablicos de gran escala para catalizar cambios colectivos\u00a0hacia la reducci\u00f3n del desperdicio de alimentos<\/li>\n<li>Intercambio de mejores pr\u00e1cticas para el manejo ambientalmente adecuado de\u00a0las\u00a0bater\u00edas\u00a0de plomo-\u00e1cido usadas<\/li>\n<li>Primer grupo del Programa Generaci\u00f3n de L\u00edderes Ambientales<\/li>\n<\/ul>\n<\/li>\n<\/ul>\n<div><\/div>\n<p>\u201cEs un orgullo para Estados Unidos ser anfitriones de la trigesimoprimera sesi\u00f3n ordinaria del Consejo de la CCA y reafirmar nuestro compromiso con el impulso a la justicia ambiental y el empoderamiento comunitario mediante nuestro trabajo conjunto desde la Comisi\u00f3n. Fortalecer la gobernanza ambiental y garantizar un acceso equitativo al aire, el agua y el suelo limpios para toda la poblaci\u00f3n, sobre todo para las comunidades hist\u00f3ricamente desfavorecidas, constituye un elemento central de nuestra misi\u00f3n. La atenci\u00f3n prestada este a\u00f1o a empoderar a las comunidades y propiciar una participaci\u00f3n significativa resulta primordial para construir un futuro justo, inclusivo y sustentable. Seguiremos colaborando muy de cerca con nuestros socios de Canad\u00e1 y M\u00e9xico, as\u00ed como con comunidades locales e ind\u00edgenas, y l\u00edderes juveniles, con miras a afrontar nuestros desaf\u00edos ambientales m\u00e1s apremiantes, proteger la\u00a0salud p\u00fablica y promover la justicia ambiental en toda Am\u00e9rica del Norte.\u201d<\/p>\n<div>Janet McCabe, administradora adjunta de la Agencia de Protecci\u00f3n Ambiental (<em>Environmental\u00a0Protection Agency<\/em>, EPA), Estados Unidos<\/div>\n<p>\u201cA la hora de hacer frente a los retos que plantea la triple crisis planetaria \u2014cambio clim\u00e1tico, p\u00e9rdida\u00a0de biodiversidad y contaminaci\u00f3n\u2014, la cooperaci\u00f3n entre nuestros tres pa\u00edses, a trav\u00e9s de la CCA, reviste m\u00e1s importancia que nunca. Hemos hecho importantes contribuciones al medio ambiente, entre las que destacan las iniciativas sobre p\u00e9rdida y desperdicio de alimentos, el Programa Generaci\u00f3n de L\u00edderes Ambientales y el trabajo transversal en materia de justicia ambiental. La Comisi\u00f3n contin\u00faa siendo una aliada decisiva para llevar a cabo todas estas acciones que nos permiten enfrentar los desaf\u00edos regionales que compartimos.\u201d<\/p>\n<div>Sandra McCardell, viceministra adjunta de asuntos internacionales, ministerio de\u00a0Medio Ambiente\u00a0y\u00a0Cambio Clim\u00e1tico de Canad\u00e1 (<em>Environment and Climate Change Canada<\/em>, ECCC)<\/div>\n<p>\u201cEl gobierno de M\u00e9xico reconoce el derecho de las comunidades a un medio ambiente sano, por lo que considera prioritario garantizar la equidad y la sustentabilidad en el acceso a los beneficios derivados del\u00a0uso de los recursos naturales, al tiempo que se fomenta y fortalece la participaci\u00f3n de los pueblos ind\u00edgenas y las comunidades locales en la toma de decisiones ambientales, respetando sus saberes y formas de vida, en consonancia con las iniciativas, programas y proyectos implementados por la CCA en\u00a0la regi\u00f3n de Am\u00e9rica del Norte.\u201d<\/p>\n<div>Iv\u00e1n Rico L\u00f3pez, subsecretario de Planeaci\u00f3n y Pol\u00edtica Ambiental, Secretar\u00eda\u00a0de\u00a0Medio\u00a0Ambiente\u00a0y\u00a0Recursos Naturales (Semarnat), M\u00e9xico<\/div>\n<p><strong>Seguimos adelante<\/strong><br \/>\nNos enorgullece profundamente el trabajo realizado a lo largo de treinta a\u00f1os, y en el marco de la presente sesi\u00f3n ordinaria del Consejo de la CCA, con vistas a continuar impulsando nuestros esfuerzos e\u00a0iniciativas en pro de la justicia ambiental en toda Am\u00e9rica del Norte. Alcanzar la justicia ambiental depende de nuestro compromiso para, de manera efectiva, afrontar la desigualdad, fomentar la inclusi\u00f3n y hacer de la no-discriminaci\u00f3n un pilar central de nuestras acciones por el medio ambiente. En el contexto de nuestra agenda de cooperaci\u00f3n trilateral, seguiremos fomentando la participaci\u00f3n de nuestras comunidades hist\u00f3ricamente marginadas y desatendidas, que a menudo se encuentran entre las m\u00e1s vulnerables a los efectos del cambio clim\u00e1tico, y as\u00ed promoveremos la inclusi\u00f3n, la diversidad, la equidad y la no-discriminaci\u00f3n en el trabajo que realizamos por el medio ambiente en toda la regi\u00f3n.<\/p>\n<p>Como primer paso, la CCA elaborar\u00e1 directrices y herramientas relacionadas con la justicia ambiental que incluir\u00e1n mejores pr\u00e1cticas respecto de leyes, pol\u00edticas y programas eficaces que permitan fomentar un mayor acceso a la informaci\u00f3n pertinente, al igual que ejemplos de c\u00f3mo mejorar el acceso a la justicia y\u00a0la observancia de la legislaci\u00f3n ambiental, al tiempo de promover procesos m\u00e1s significativos de colaboraci\u00f3n y participaci\u00f3n comprometida por parte de grupos clave. En ese sentido, a fin de fomentar el involucramiento de las comunidades ind\u00edgenas y la creaci\u00f3n de alianzas y asociaciones con \u00e9stas, la Comisi\u00f3n continuar\u00e1 trabajando con el GECET en la elaboraci\u00f3n de un conjunto de principios de Am\u00e9rica del Norte para incorporar el conocimiento ecol\u00f3gico tradicional en la labor y las pol\u00edticas de la organizaci\u00f3n, en aras de una colaboraci\u00f3n significativa y un trabajo que integre saberes.<\/p>\n<p>Por otra parte, en consonancia con iniciativas internacionales de fundamental relevancia, mantendremos nuestro trabajo conjunto encaminado a mejorar el bienestar de la poblaci\u00f3n de Am\u00e9rica del Norte, para lo\u00a0cual impulsaremos acciones que aborden todos los aspectos de la triple crisis del cambio clim\u00e1tico, la\u00a0p\u00e9rdida de biodiversidad y la contaminaci\u00f3n. Esto implica ajustar nuestras pol\u00edticas y estrategias contra el cambio clim\u00e1tico en consonancia con el compromiso de limitar el calentamiento global a 1.5\u00a0grados cent\u00edgrados; implementar pol\u00edticas y estrategias para conservar la biodiversidad y cumplir con los\u00a0objetivos y metas establecidos en el Marco Mundial Kunming-Montreal de la Diversidad Biol\u00f3gica, y hacer frente a la\u00a0contaminaci\u00f3n en apoyo de un futuro acuerdo mundial sobre contaminaci\u00f3n por pl\u00e1sticos. Tambi\u00e9n daremos prioridad a las cuestiones con efectos graves e inequitativos en la salud humana, en los medios de vida y en la productividad econ\u00f3mica.<\/p>\n<p>Apoyamos con toda firmeza \u2014y continuaremos haci\u00e9ndolo\u2014 el proceso de peticiones sobre aplicaci\u00f3n efectiva de la legislaci\u00f3n ambiental (proceso SEM, por sus siglas en\u00a0ingl\u00e9s) de la CCA, como qued\u00f3 constatado el a\u00f1o pasado con la firma de la resoluci\u00f3n del Consejo respecto a la petici\u00f3n\u00a0<em>Fracturaci\u00f3n hidr\u00e1ulica en Nuevo Le\u00f3n<\/em>.<\/p>\n<p>Refrendamos nuestro compromiso con la cooperaci\u00f3n que permitir\u00e1 impulsar la protecci\u00f3n de nuestro medio ambiente compartido y con el fortalecimiento de nuestra relaci\u00f3n con la ciudadan\u00eda, la juventud, las comunidades locales e ind\u00edgenas, y los sectores acad\u00e9mico y privado.<\/p>\n<p>Esperamos continuar trabajando de forma trilateral con el Secretariado, el CCPC, el GECET y l\u00edderes juveniles con el prop\u00f3sito de impulsar la protecci\u00f3n del medio ambiente compartido en Am\u00e9rica del Norte, y aguardamos con enorme entusiasmo nuestra reuni\u00f3n con motivo de la sesi\u00f3n 2025 del Consejo de la CCA en M\u00e9xico.<\/p>\n","protected":false},"excerpt":{"rendered":"<p>Wilmington, Carolina del Norte, 26 de junio de 2024. \u00a0Durante los \u00faltimos treinta a\u00f1os, los gobiernos de\u00a0Canad\u00e1, Estados Unidos y M\u00e9xico han trabajado juntos mediante la\u00a0Comisi\u00f3n para la Cooperaci\u00f3n Ambiental\u00a0(CCA) a fin de impulsar soluciones de cara a los desaf\u00edos ambientales m\u00e1s cruciales a los que\u00a0se enfrenta Am\u00e9rica del Norte. El d\u00eda de hoy nos [&hellip;]<\/p>\n","protected":false},"featured_media":55906,"template":"","class_list":["post-55902","news","type-news","status-publish","has-post-thumbnail","hentry","feed-consejo"],"acf":[],"yoast_head":"<!-- This site is optimized with the Yoast SEO Premium plugin v27.4 (Yoast SEO v27.4) - https:\/\/yoast.com\/product\/yoast-seo-premium-wordpress\/ -->\n<title>Declaraci\u00f3n del Consejo 2024<\/title>\n<meta name=\"description\" content=\"Fortalecimiento de la justicia ambiental y empoderamiento de\u00a0las\u00a0comunidades.\" \/>\n<meta name=\"robots\" content=\"index, follow, max-snippet:-1, max-image-preview:large, max-video-preview:-1\" \/>\n<link rel=\"canonical\" href=\"https:\/\/www.cec.org\/es\/novedades\/declaracion-del-consejo-2024\/\" \/>\n<meta property=\"og:locale\" content=\"es_ES\" \/>\n<meta property=\"og:type\" content=\"article\" \/>\n<meta property=\"og:title\" content=\"Declaraci\u00f3n del Consejo 2024: Fortalecimiento de la justicia ambiental y empoderamiento de\u00a0las\u00a0comunidades\" \/>\n<meta property=\"og:description\" content=\"Wilmington, Carolina del Norte, 26 de junio de 2024. \u00a0Durante los \u00faltimos treinta a\u00f1os, los gobiernos de\u00a0Canad\u00e1, Estados Unidos y M\u00e9xico han trabajado\" \/>\n<meta property=\"og:url\" content=\"https:\/\/www.cec.org\/es\/novedades\/declaracion-del-consejo-2024\/\" \/>\n<meta property=\"og:site_name\" content=\"Comisi\u00f3n para la Cooperaci\u00f3n Ambiental\" \/>\n<meta property=\"article:publisher\" content=\"https:\/\/www.facebook.com\/CECconnect\" \/>\n<meta property=\"article:modified_time\" content=\"2026-01-24T18:49:45+00:00\" \/>\n<meta property=\"og:image\" content=\"https:\/\/www.cec.org\/wp-content\/uploads\/Council-statement.webp\" \/>\n\t<meta property=\"og:image:width\" content=\"1200\" \/>\n\t<meta property=\"og:image:height\" content=\"684\" \/>\n\t<meta property=\"og:image:type\" content=\"image\/webp\" \/>\n<meta name=\"twitter:card\" content=\"summary_large_image\" \/>\n<meta name=\"twitter:site\" content=\"@CECweb\" \/>\n<script type=\"application\/ld+json\" class=\"yoast-schema-graph\">{\"@context\":\"https:\\\/\\\/schema.org\",\"@graph\":[{\"@type\":\"WebPage\",\"@id\":\"https:\\\/\\\/www.cec.org\\\/es\\\/novedades\\\/declaracion-del-consejo-2024\\\/\",\"url\":\"https:\\\/\\\/www.cec.org\\\/es\\\/novedades\\\/declaracion-del-consejo-2024\\\/\",\"name\":\"Declaraci\u00f3n del Consejo 2024\",\"isPartOf\":{\"@id\":\"https:\\\/\\\/www.cec.org\\\/es\\\/#website\"},\"primaryImageOfPage\":{\"@id\":\"https:\\\/\\\/www.cec.org\\\/es\\\/novedades\\\/declaracion-del-consejo-2024\\\/#primaryimage\"},\"image\":{\"@id\":\"https:\\\/\\\/www.cec.org\\\/es\\\/novedades\\\/declaracion-del-consejo-2024\\\/#primaryimage\"},\"thumbnailUrl\":\"https:\\\/\\\/www.cec.org\\\/wp-content\\\/uploads\\\/Council-statement.webp\",\"datePublished\":\"2024-06-26T22:27:30+00:00\",\"dateModified\":\"2026-01-24T18:49:45+00:00\",\"description\":\"Fortalecimiento de la justicia ambiental y empoderamiento de\u00a0las\u00a0comunidades.\",\"breadcrumb\":{\"@id\":\"https:\\\/\\\/www.cec.org\\\/es\\\/novedades\\\/declaracion-del-consejo-2024\\\/#breadcrumb\"},\"inLanguage\":\"es\",\"potentialAction\":[{\"@type\":\"ReadAction\",\"target\":[\"https:\\\/\\\/www.cec.org\\\/es\\\/novedades\\\/declaracion-del-consejo-2024\\\/\"]}]},{\"@type\":\"ImageObject\",\"inLanguage\":\"es\",\"@id\":\"https:\\\/\\\/www.cec.org\\\/es\\\/novedades\\\/declaracion-del-consejo-2024\\\/#primaryimage\",\"url\":\"https:\\\/\\\/www.cec.org\\\/wp-content\\\/uploads\\\/Council-statement.webp\",\"contentUrl\":\"https:\\\/\\\/www.cec.org\\\/wp-content\\\/uploads\\\/Council-statement.webp\",\"width\":1200,\"height\":684},{\"@type\":\"BreadcrumbList\",\"@id\":\"https:\\\/\\\/www.cec.org\\\/es\\\/novedades\\\/declaracion-del-consejo-2024\\\/#breadcrumb\",\"itemListElement\":[{\"@type\":\"ListItem\",\"position\":1,\"name\":\"Inicio\",\"item\":\"https:\\\/\\\/www.cec.org\\\/es\\\/\"},{\"@type\":\"ListItem\",\"position\":2,\"name\":\"Novedades\",\"item\":\"https:\\\/\\\/www.cec.org\\\/es\\\/novedades\\\/\"},{\"@type\":\"ListItem\",\"position\":3,\"name\":\"Declaraci\u00f3n del Consejo 2024: Fortalecimiento de la justicia ambiental y empoderamiento de\u00a0las\u00a0comunidades\"}]},{\"@type\":\"WebSite\",\"@id\":\"https:\\\/\\\/www.cec.org\\\/es\\\/#website\",\"url\":\"https:\\\/\\\/www.cec.org\\\/es\\\/\",\"name\":\"Commission for Environmental Cooperation\",\"description\":\"Three countries working together to protect our shared environment\",\"alternateName\":\"CEC - CCA -CCE\",\"potentialAction\":[{\"@type\":\"SearchAction\",\"target\":{\"@type\":\"EntryPoint\",\"urlTemplate\":\"https:\\\/\\\/www.cec.org\\\/es\\\/?s={search_term_string}\"},\"query-input\":{\"@type\":\"PropertyValueSpecification\",\"valueRequired\":true,\"valueName\":\"search_term_string\"}}],\"inLanguage\":\"es\"}]}<\/script>\n<!-- \/ Yoast SEO Premium plugin. -->","yoast_head_json":{"title":"Declaraci\u00f3n del Consejo 2024","description":"Fortalecimiento de la justicia ambiental y empoderamiento de\u00a0las\u00a0comunidades.","robots":{"index":"index","follow":"follow","max-snippet":"max-snippet:-1","max-image-preview":"max-image-preview:large","max-video-preview":"max-video-preview:-1"},"canonical":"https:\/\/www.cec.org\/es\/novedades\/declaracion-del-consejo-2024\/","og_locale":"es_ES","og_type":"article","og_title":"Declaraci\u00f3n del Consejo 2024: Fortalecimiento de la justicia ambiental y empoderamiento de\u00a0las\u00a0comunidades","og_description":"Wilmington, Carolina del Norte, 26 de junio de 2024. \u00a0Durante los \u00faltimos treinta a\u00f1os, los gobiernos de\u00a0Canad\u00e1, Estados Unidos y M\u00e9xico han trabajado","og_url":"https:\/\/www.cec.org\/es\/novedades\/declaracion-del-consejo-2024\/","og_site_name":"Comisi\u00f3n para la Cooperaci\u00f3n Ambiental","article_publisher":"https:\/\/www.facebook.com\/CECconnect","article_modified_time":"2026-01-24T18:49:45+00:00","og_image":[{"width":1200,"height":684,"url":"https:\/\/www.cec.org\/wp-content\/uploads\/Council-statement.webp","type":"image\/webp"}],"twitter_card":"summary_large_image","twitter_site":"@CECweb","schema":{"@context":"https:\/\/schema.org","@graph":[{"@type":"WebPage","@id":"https:\/\/www.cec.org\/es\/novedades\/declaracion-del-consejo-2024\/","url":"https:\/\/www.cec.org\/es\/novedades\/declaracion-del-consejo-2024\/","name":"Declaraci\u00f3n del Consejo 2024","isPartOf":{"@id":"https:\/\/www.cec.org\/es\/#website"},"primaryImageOfPage":{"@id":"https:\/\/www.cec.org\/es\/novedades\/declaracion-del-consejo-2024\/#primaryimage"},"image":{"@id":"https:\/\/www.cec.org\/es\/novedades\/declaracion-del-consejo-2024\/#primaryimage"},"thumbnailUrl":"https:\/\/www.cec.org\/wp-content\/uploads\/Council-statement.webp","datePublished":"2024-06-26T22:27:30+00:00","dateModified":"2026-01-24T18:49:45+00:00","description":"Fortalecimiento de la justicia ambiental y empoderamiento de\u00a0las\u00a0comunidades.","breadcrumb":{"@id":"https:\/\/www.cec.org\/es\/novedades\/declaracion-del-consejo-2024\/#breadcrumb"},"inLanguage":"es","potentialAction":[{"@type":"ReadAction","target":["https:\/\/www.cec.org\/es\/novedades\/declaracion-del-consejo-2024\/"]}]},{"@type":"ImageObject","inLanguage":"es","@id":"https:\/\/www.cec.org\/es\/novedades\/declaracion-del-consejo-2024\/#primaryimage","url":"https:\/\/www.cec.org\/wp-content\/uploads\/Council-statement.webp","contentUrl":"https:\/\/www.cec.org\/wp-content\/uploads\/Council-statement.webp","width":1200,"height":684},{"@type":"BreadcrumbList","@id":"https:\/\/www.cec.org\/es\/novedades\/declaracion-del-consejo-2024\/#breadcrumb","itemListElement":[{"@type":"ListItem","position":1,"name":"Inicio","item":"https:\/\/www.cec.org\/es\/"},{"@type":"ListItem","position":2,"name":"Novedades","item":"https:\/\/www.cec.org\/es\/novedades\/"},{"@type":"ListItem","position":3,"name":"Declaraci\u00f3n del Consejo 2024: Fortalecimiento de la justicia ambiental y empoderamiento de\u00a0las\u00a0comunidades"}]},{"@type":"WebSite","@id":"https:\/\/www.cec.org\/es\/#website","url":"https:\/\/www.cec.org\/es\/","name":"Commission for Environmental Cooperation","description":"Three countries working together to protect our shared environment","alternateName":"CEC - CCA -CCE","potentialAction":[{"@type":"SearchAction","target":{"@type":"EntryPoint","urlTemplate":"https:\/\/www.cec.org\/es\/?s={search_term_string}"},"query-input":{"@type":"PropertyValueSpecification","valueRequired":true,"valueName":"search_term_string"}}],"inLanguage":"es"}]}},"_links":{"self":[{"href":"https:\/\/www.cec.org\/es\/wp-json\/wp\/v2\/news\/55902","targetHints":{"allow":["GET"]}}],"collection":[{"href":"https:\/\/www.cec.org\/es\/wp-json\/wp\/v2\/news"}],"about":[{"href":"https:\/\/www.cec.org\/es\/wp-json\/wp\/v2\/types\/news"}],"wp:featuredmedia":[{"embeddable":true,"href":"https:\/\/www.cec.org\/es\/wp-json\/wp\/v2\/media\/55906"}],"wp:attachment":[{"href":"https:\/\/www.cec.org\/es\/wp-json\/wp\/v2\/media?parent=55902"}],"curies":[{"name":"wp","href":"https:\/\/api.w.org\/{rel}","templated":true}]}}