{"id":55847,"date":"2024-06-20T13:15:23","date_gmt":"2024-06-20T17:15:23","guid":{"rendered":"http:\/\/www.cec.org\/media\/media-releases\/primeros-equipos-gelp-de-la-cca\/"},"modified":"2026-01-24T13:49:45","modified_gmt":"2026-01-24T18:49:45","slug":"primeros-equipos-pgla-de-la-cca","status":"publish","type":"news","link":"https:\/\/www.cec.org\/es\/novedades\/primeros-equipos-pgla-de-la-cca\/","title":{"rendered":"Se anuncia a los primeros equipos del Programa Generaci\u00f3n de L\u00edderes Ambientales de la CCA"},"content":{"rendered":"<p><strong>Tiohti\u00e0:ke (Montreal), 20 de junio de 2024.\u00a0<\/strong>La\u00a0<a href=\"https:\/\/www.cec.org\/es\/\" target=\"_blank\" rel=\"noopener\">Comisi\u00f3n para la Cooperaci\u00f3n Ambiental<\/a>\u00a0(CCA) tiene el orgullo de anunciar la selecci\u00f3n del primer grupo del reci\u00e9n creado Programa Generaci\u00f3n de L\u00edderes Ambientales (PGLA).<\/p>\n<p>La generaci\u00f3n 2024 del PGLA se integra de tres equipos de j\u00f3venes, en representaci\u00f3n de cada uno de los tres pa\u00edses \u2014Canad\u00e1, Estados Unidos y M\u00e9xico\u2014, seleccionados por sus soluciones creativas y de gran impacto, enfocadas en el apoyo a comunidades de Am\u00e9rica del Norte y a contribuir a preservar nuestros suelos, aguas y aire compartidos.<\/p>\n<p>El PGLA ofrece algo m\u00e1s que una plataforma donde proponer ideas: se trata de un programa de mentor\u00eda de un a\u00f1o de duraci\u00f3n, que comprende formaci\u00f3n en varios \u00e1mbitos \u2014para hablar en p\u00fablico, en temas de mercadotecnia y sobre gesti\u00f3n de proyectos\u2014, con la orientaci\u00f3n de especialistas e innumerables oportunidades de trabajo en redes. Cada uno de los equipos de j\u00f3venes seleccionados recibir\u00e1 15,000 d\u00f3lares canadienses a manera de capital semilla para ampliar el impacto de sus soluciones en comunidades locales.<\/p>\n<p>\u201cNos llena de orgullo presentar a la primera generaci\u00f3n del PGLA, cuyas soluciones inspiradoras y con visi\u00f3n de futuro est\u00e1n ya teniendo repercusiones positivas y abordando algunos de nuestros desaf\u00edos ambientales y sociales m\u00e1s apremiantes. El PGLA constituye uno de los pilares de la estrategia de la CCA y de sus renovados esfuerzos por involucrar de manera significativa a personas j\u00f3venes de toda Am\u00e9rica del Norte\u201d, expres\u00f3 la l\u00edder de difusi\u00f3n, relaciones y alianzas externas, Julie Amina Jacquemin.<\/p>\n<p>Estos son los equipos de l\u00edderes ambientales seleccionados y sus soluciones:<\/p>\n<p><strong>\u2022 Canad\u00e1:<\/strong>\u00a0<strong><em>Encore! Biomat\u00e9riaux<\/em><\/strong><br \/>\nLa contaminaci\u00f3n por pl\u00e1sticos, la gesti\u00f3n ineficiente de los residuos alimentarios y el elevado consumo de energ\u00eda asociado a la producci\u00f3n de alternativas al pl\u00e1stico de un solo uso son importantes retos medioambientales. Como respuesta,\u00a0<em>Encore! Biomat\u00e9riaux<\/em>\u00a0ha ideado una soluci\u00f3n innovadora: envases compostables fabricados a partir de residuos agroalimentarios suprarreciclados.<\/p>\n<p>Su proceso comenz\u00f3 con una investigaci\u00f3n exhaustiva sobre los retos medioambientales actuales y las oportunidades de suprarreciclar residuos agroalimentarios. Las pruebas de laboratorio realizadas por el equipo condujeron al desarrollo de un aglutinante biodegradable de origen biol\u00f3gico, que formar\u00e1 la base de sus envases compostables. La soluci\u00f3n destaca por un proceso de producci\u00f3n que no solamente tendr\u00e1 un bajo costo energ\u00e9tico, sino tambi\u00e9n sencillez operativa y una gran flexibilidad por cuanto a los muy diferentes tipos de residuos que podr\u00e1n reutilizarse.<\/p>\n<p>\u2022\u00a0<strong>Estados Unidos:<\/strong>\u00a0<strong><em>Electrivive: herramienta equitativa de desarrollo laboral y profesional para la electrificaci\u00f3n de edificios<\/em><\/strong><br \/>\nEn respuesta a la acuciante necesidad de mano de obra calificada en energ\u00edas renovables, Electrivive surge como un recurso educativo innovador, con el objetivo de dotar a personas reclusas en c\u00e1rceles regionales de una formaci\u00f3n completa en electrificaci\u00f3n de edificios. Desarrollado en colaboraci\u00f3n con socios como Flipp Inc. y el H4I Energy Justice Lab de la Universidad de Indiana en Bloomington, el plan de estudios de Electrivive abarca temas que van desde el dise\u00f1o de edificios energ\u00e9ticamente eficientes hasta sistemas de control inteligentes y soluciones interactivas de conexi\u00f3n a la red de distribuci\u00f3n.<\/p>\n<p>Al dotar a las personas participantes de destrezas y habilidades con demanda en el mercado laboral y v\u00edas de acceso a empleos \u201cverdes\u201d, Electrivive pretende no solamente reducir la reincidencia de personas exconvictas, sino tambi\u00e9n fomentar el crecimiento econ\u00f3mico y la sustentabilidad ambiental en el estado de Virginia.<\/p>\n<p><strong>\u2022 M\u00e9xico:\u00a0<em>Educaci\u00f3n para la restauraci\u00f3n de la Ci\u00e9nega de Tamasopo<\/em><\/strong><br \/>\nLa ci\u00e9nega de Tamasopo, ubicada en el estado de San Luis Potos\u00ed, est\u00e1 catalogada como un sitio RAMSAR de importancia internacional y que se encuentra actualmente amenazada por diversas causas como la actividad agr\u00edcola y ganadera y la exposici\u00f3n a contaminantes. La ci\u00e9nega ha sufrido una transformaci\u00f3n gradual en su vegetaci\u00f3n original, principalmente por el cambio en el uso de suelo para el cultivo de ca\u00f1a de az\u00facar y la contaminaci\u00f3n que ha resultado de esto. Un reciente incendio provocado por la quema de cultivos para la cosecha de ca\u00f1a de az\u00facar tuvo como resultado la perdida de la mitad de la superficie del humedal, agravando a\u00fan m\u00e1s la situaci\u00f3n y causando una alarmante p\u00e9rdida de la biodiversidad.<\/p>\n<p>Para contrarrestar este declive, la Organizaci\u00f3n para Remediar el Medio Ambiente y Armon\u00eda Social, A.C. propone un esfuerzo integral de restauraci\u00f3n del humedal centrado en la educaci\u00f3n ambiental, la reforestaci\u00f3n y las estrategias de conservaci\u00f3n. Tras varias visitas de campo, se celebr\u00f3 una sesi\u00f3n de participaci\u00f3n comunitaria para abordar las necesidades y prioridades de la comunidad. Mediante el fomento de un enfoque colaborativo y el aprovechamiento de las iniciativas lideradas por la comunidad, esta organizaci\u00f3n aspira a iniciar la recuperaci\u00f3n gradual de la ci\u00e9nega de Tamasopo, salvaguardando su biodiversidad e integridad ecol\u00f3gica para las generaciones futuras.<\/p>\n<p>Si deseas conocer m\u00e1s acerca de la generaci\u00f3n 2024 del PGLA y sus soluciones propuestas, haz clic\u00a0<a href=\"https:\/\/www.cec.org\/es\/temas\/participacion-juvenil\/gelp\/\" target=\"_blank\" rel=\"noopener\">aqu\u00ed<\/a>.<\/p>\n<p>Los equipos que conforman la generaci\u00f3n 2024 del PGLA presentar\u00e1n sus soluciones ante los funcionarios de medio ambiente de m\u00e1s alto rango de Am\u00e9rica del Norte en el marco de la trigesimoprimera\u00a0<a href=\"https:\/\/www.cec.org\/es\/eventos\/cca31\/\">sesi\u00f3n anual del Consejo de la CCA y el foro p\u00fablico del CCPC<\/a>, a celebrarse del 24 al 26 de junio de 2024 en Wilmington, Carolina del Norte, Estados Unidos, evento abierto al p\u00fablico y transmitido en directo v\u00eda internet.<\/p>\n<p>Te invitamos a consultar informaci\u00f3n m\u00e1s detallada sobre las iniciativas juveniles de la CCA y a enterarte de oportunidades para formar parte de una red de colaboraci\u00f3n de j\u00f3venes l\u00edderes por el medio ambiente en la secci\u00f3n \u201c<a href=\"https:\/\/www.cec.org\/es\/participe\/iniciativas-para-la-juventud\/\">Iniciativas para la juventud<\/a>\u201d, de nuestro sitio web.<\/p>\n<p>S\u00edguenos en Facebook, Twitter, LinkedIn e Instagram y participa en la conversaci\u00f3n utilizando las etiquetas #Act\u00faaYa, #PGLA y #CCA31.<\/p>\n<p>\u00bfQuieres mantenerte al d\u00eda y saber m\u00e1s acerca de las iniciativas, actividades y novedades de la CCA? Suscr\u00edbete a nuestro\u00a0<a href=\"https:\/\/www.cec.org\/es\/suscribase\/\">bolet\u00edn electr\u00f3nico<\/a>\u00a0y s\u00edguenos en las\u00a0<a href=\"https:\/\/linktr.ee\/CEC_Social\">redes sociales<\/a>.<\/p>\n","protected":false},"excerpt":{"rendered":"<p>Tiohti\u00e0:ke (Montreal), 20 de junio de 2024.\u00a0La\u00a0Comisi\u00f3n para la Cooperaci\u00f3n Ambiental\u00a0(CCA) tiene el orgullo de anunciar la selecci\u00f3n del primer grupo del reci\u00e9n creado Programa Generaci\u00f3n de L\u00edderes Ambientales (PGLA). La generaci\u00f3n 2024 del PGLA se integra de tres equipos de j\u00f3venes, en representaci\u00f3n de cada uno de los tres pa\u00edses \u2014Canad\u00e1, Estados Unidos y [&hellip;]<\/p>\n","protected":false},"featured_media":55750,"template":"","class_list":["post-55847","news","type-news","status-publish","has-post-thumbnail","hentry","feed-participacion-juvenil"],"acf":[],"yoast_head":"<!-- This site is optimized with the Yoast SEO Premium plugin v27.4 (Yoast SEO v27.4) - https:\/\/yoast.com\/product\/yoast-seo-premium-wordpress\/ -->\n<title>Se anuncia a los primeros equipos del Programa Generaci\u00f3n de L\u00edderes Ambientales de la CCA<\/title>\n<meta name=\"description\" content=\"La CCA tiene el orgullo de anunciar la selecci\u00f3n del primer grupo del reci\u00e9n creado Programa Generaci\u00f3n de L\u00edderes Ambientales (PGLA).\" \/>\n<meta name=\"robots\" content=\"index, follow, max-snippet:-1, max-image-preview:large, max-video-preview:-1\" \/>\n<link rel=\"canonical\" href=\"https:\/\/www.cec.org\/es\/novedades\/primeros-equipos-pgla-de-la-cca\/\" \/>\n<meta property=\"og:locale\" content=\"es_ES\" \/>\n<meta property=\"og:type\" content=\"article\" \/>\n<meta property=\"og:title\" content=\"Se anuncia a los primeros equipos del Programa Generaci\u00f3n de L\u00edderes Ambientales de la CCA\" \/>\n<meta property=\"og:description\" content=\"Tiohti\u00e0:ke (Montreal), 20 de junio de 2024.\u00a0La\u00a0Comisi\u00f3n para la Cooperaci\u00f3n Ambiental\u00a0(CCA) tiene el orgullo de anunciar la selecci\u00f3n del primer grupo del\" \/>\n<meta property=\"og:url\" content=\"https:\/\/www.cec.org\/es\/novedades\/primeros-equipos-pgla-de-la-cca\/\" \/>\n<meta property=\"og:site_name\" content=\"Comisi\u00f3n para la Cooperaci\u00f3n Ambiental\" \/>\n<meta property=\"article:publisher\" content=\"https:\/\/www.facebook.com\/CECconnect\" \/>\n<meta property=\"article:modified_time\" content=\"2026-01-24T18:49:45+00:00\" \/>\n<meta property=\"og:image\" content=\"https:\/\/www.cec.org\/wp-content\/uploads\/GELp-Meet_ES.webp\" \/>\n\t<meta property=\"og:image:width\" content=\"1200\" \/>\n\t<meta property=\"og:image:height\" content=\"684\" \/>\n\t<meta property=\"og:image:type\" content=\"image\/webp\" \/>\n<meta name=\"twitter:card\" content=\"summary_large_image\" \/>\n<meta name=\"twitter:site\" content=\"@CECweb\" \/>\n<script type=\"application\/ld+json\" class=\"yoast-schema-graph\">{\"@context\":\"https:\\\/\\\/schema.org\",\"@graph\":[{\"@type\":\"WebPage\",\"@id\":\"https:\\\/\\\/www.cec.org\\\/es\\\/novedades\\\/primeros-equipos-pgla-de-la-cca\\\/\",\"url\":\"https:\\\/\\\/www.cec.org\\\/es\\\/novedades\\\/primeros-equipos-pgla-de-la-cca\\\/\",\"name\":\"Se anuncia a los primeros equipos del Programa Generaci\u00f3n de L\u00edderes Ambientales de la CCA\",\"isPartOf\":{\"@id\":\"https:\\\/\\\/www.cec.org\\\/es\\\/#website\"},\"primaryImageOfPage\":{\"@id\":\"https:\\\/\\\/www.cec.org\\\/es\\\/novedades\\\/primeros-equipos-pgla-de-la-cca\\\/#primaryimage\"},\"image\":{\"@id\":\"https:\\\/\\\/www.cec.org\\\/es\\\/novedades\\\/primeros-equipos-pgla-de-la-cca\\\/#primaryimage\"},\"thumbnailUrl\":\"https:\\\/\\\/www.cec.org\\\/wp-content\\\/uploads\\\/GELp-Meet_ES.webp\",\"datePublished\":\"2024-06-20T17:15:23+00:00\",\"dateModified\":\"2026-01-24T18:49:45+00:00\",\"description\":\"La CCA tiene el orgullo de anunciar la selecci\u00f3n del primer grupo del reci\u00e9n creado Programa Generaci\u00f3n de L\u00edderes Ambientales (PGLA).\",\"breadcrumb\":{\"@id\":\"https:\\\/\\\/www.cec.org\\\/es\\\/novedades\\\/primeros-equipos-pgla-de-la-cca\\\/#breadcrumb\"},\"inLanguage\":\"es\",\"potentialAction\":[{\"@type\":\"ReadAction\",\"target\":[\"https:\\\/\\\/www.cec.org\\\/es\\\/novedades\\\/primeros-equipos-pgla-de-la-cca\\\/\"]}]},{\"@type\":\"ImageObject\",\"inLanguage\":\"es\",\"@id\":\"https:\\\/\\\/www.cec.org\\\/es\\\/novedades\\\/primeros-equipos-pgla-de-la-cca\\\/#primaryimage\",\"url\":\"https:\\\/\\\/www.cec.org\\\/wp-content\\\/uploads\\\/GELp-Meet_ES.webp\",\"contentUrl\":\"https:\\\/\\\/www.cec.org\\\/wp-content\\\/uploads\\\/GELp-Meet_ES.webp\",\"width\":1200,\"height\":684,\"caption\":\"PGLA 2024\"},{\"@type\":\"BreadcrumbList\",\"@id\":\"https:\\\/\\\/www.cec.org\\\/es\\\/novedades\\\/primeros-equipos-pgla-de-la-cca\\\/#breadcrumb\",\"itemListElement\":[{\"@type\":\"ListItem\",\"position\":1,\"name\":\"Inicio\",\"item\":\"https:\\\/\\\/www.cec.org\\\/es\\\/\"},{\"@type\":\"ListItem\",\"position\":2,\"name\":\"Novedades\",\"item\":\"https:\\\/\\\/www.cec.org\\\/es\\\/novedades\\\/\"},{\"@type\":\"ListItem\",\"position\":3,\"name\":\"Se anuncia a los primeros equipos del Programa Generaci\u00f3n de L\u00edderes Ambientales de la CCA\"}]},{\"@type\":\"WebSite\",\"@id\":\"https:\\\/\\\/www.cec.org\\\/es\\\/#website\",\"url\":\"https:\\\/\\\/www.cec.org\\\/es\\\/\",\"name\":\"Commission for Environmental Cooperation\",\"description\":\"Three countries working together to protect our shared environment\",\"alternateName\":\"CEC - CCA -CCE\",\"potentialAction\":[{\"@type\":\"SearchAction\",\"target\":{\"@type\":\"EntryPoint\",\"urlTemplate\":\"https:\\\/\\\/www.cec.org\\\/es\\\/?s={search_term_string}\"},\"query-input\":{\"@type\":\"PropertyValueSpecification\",\"valueRequired\":true,\"valueName\":\"search_term_string\"}}],\"inLanguage\":\"es\"}]}<\/script>\n<!-- \/ Yoast SEO Premium plugin. -->","yoast_head_json":{"title":"Se anuncia a los primeros equipos del Programa Generaci\u00f3n de L\u00edderes Ambientales de la CCA","description":"La CCA tiene el orgullo de anunciar la selecci\u00f3n del primer grupo del reci\u00e9n creado Programa Generaci\u00f3n de L\u00edderes Ambientales (PGLA).","robots":{"index":"index","follow":"follow","max-snippet":"max-snippet:-1","max-image-preview":"max-image-preview:large","max-video-preview":"max-video-preview:-1"},"canonical":"https:\/\/www.cec.org\/es\/novedades\/primeros-equipos-pgla-de-la-cca\/","og_locale":"es_ES","og_type":"article","og_title":"Se anuncia a los primeros equipos del Programa Generaci\u00f3n de L\u00edderes Ambientales de la CCA","og_description":"Tiohti\u00e0:ke (Montreal), 20 de junio de 2024.\u00a0La\u00a0Comisi\u00f3n para la Cooperaci\u00f3n Ambiental\u00a0(CCA) tiene el orgullo de anunciar la selecci\u00f3n del primer grupo del","og_url":"https:\/\/www.cec.org\/es\/novedades\/primeros-equipos-pgla-de-la-cca\/","og_site_name":"Comisi\u00f3n para la Cooperaci\u00f3n Ambiental","article_publisher":"https:\/\/www.facebook.com\/CECconnect","article_modified_time":"2026-01-24T18:49:45+00:00","og_image":[{"width":1200,"height":684,"url":"https:\/\/www.cec.org\/wp-content\/uploads\/GELp-Meet_ES.webp","type":"image\/webp"}],"twitter_card":"summary_large_image","twitter_site":"@CECweb","schema":{"@context":"https:\/\/schema.org","@graph":[{"@type":"WebPage","@id":"https:\/\/www.cec.org\/es\/novedades\/primeros-equipos-pgla-de-la-cca\/","url":"https:\/\/www.cec.org\/es\/novedades\/primeros-equipos-pgla-de-la-cca\/","name":"Se anuncia a los primeros equipos del Programa Generaci\u00f3n de L\u00edderes Ambientales de la CCA","isPartOf":{"@id":"https:\/\/www.cec.org\/es\/#website"},"primaryImageOfPage":{"@id":"https:\/\/www.cec.org\/es\/novedades\/primeros-equipos-pgla-de-la-cca\/#primaryimage"},"image":{"@id":"https:\/\/www.cec.org\/es\/novedades\/primeros-equipos-pgla-de-la-cca\/#primaryimage"},"thumbnailUrl":"https:\/\/www.cec.org\/wp-content\/uploads\/GELp-Meet_ES.webp","datePublished":"2024-06-20T17:15:23+00:00","dateModified":"2026-01-24T18:49:45+00:00","description":"La CCA tiene el orgullo de anunciar la selecci\u00f3n del primer grupo del reci\u00e9n creado Programa Generaci\u00f3n de L\u00edderes Ambientales (PGLA).","breadcrumb":{"@id":"https:\/\/www.cec.org\/es\/novedades\/primeros-equipos-pgla-de-la-cca\/#breadcrumb"},"inLanguage":"es","potentialAction":[{"@type":"ReadAction","target":["https:\/\/www.cec.org\/es\/novedades\/primeros-equipos-pgla-de-la-cca\/"]}]},{"@type":"ImageObject","inLanguage":"es","@id":"https:\/\/www.cec.org\/es\/novedades\/primeros-equipos-pgla-de-la-cca\/#primaryimage","url":"https:\/\/www.cec.org\/wp-content\/uploads\/GELp-Meet_ES.webp","contentUrl":"https:\/\/www.cec.org\/wp-content\/uploads\/GELp-Meet_ES.webp","width":1200,"height":684,"caption":"PGLA 2024"},{"@type":"BreadcrumbList","@id":"https:\/\/www.cec.org\/es\/novedades\/primeros-equipos-pgla-de-la-cca\/#breadcrumb","itemListElement":[{"@type":"ListItem","position":1,"name":"Inicio","item":"https:\/\/www.cec.org\/es\/"},{"@type":"ListItem","position":2,"name":"Novedades","item":"https:\/\/www.cec.org\/es\/novedades\/"},{"@type":"ListItem","position":3,"name":"Se anuncia a los primeros equipos del Programa Generaci\u00f3n de L\u00edderes Ambientales de la CCA"}]},{"@type":"WebSite","@id":"https:\/\/www.cec.org\/es\/#website","url":"https:\/\/www.cec.org\/es\/","name":"Commission for Environmental Cooperation","description":"Three countries working together to protect our shared environment","alternateName":"CEC - CCA -CCE","potentialAction":[{"@type":"SearchAction","target":{"@type":"EntryPoint","urlTemplate":"https:\/\/www.cec.org\/es\/?s={search_term_string}"},"query-input":{"@type":"PropertyValueSpecification","valueRequired":true,"valueName":"search_term_string"}}],"inLanguage":"es"}]}},"_links":{"self":[{"href":"https:\/\/www.cec.org\/es\/wp-json\/wp\/v2\/news\/55847","targetHints":{"allow":["GET"]}}],"collection":[{"href":"https:\/\/www.cec.org\/es\/wp-json\/wp\/v2\/news"}],"about":[{"href":"https:\/\/www.cec.org\/es\/wp-json\/wp\/v2\/types\/news"}],"wp:featuredmedia":[{"embeddable":true,"href":"https:\/\/www.cec.org\/es\/wp-json\/wp\/v2\/media\/55750"}],"wp:attachment":[{"href":"https:\/\/www.cec.org\/es\/wp-json\/wp\/v2\/media?parent=55847"}],"curies":[{"name":"wp","href":"https:\/\/api.w.org\/{rel}","templated":true}]}}