{"id":54376,"date":"2024-02-13T16:06:12","date_gmt":"2024-02-13T21:06:12","guid":{"rendered":"http:\/\/www.cec.org\/media\/media-releases\/pgla-programa-generacion-de-lideres-ambientales\/"},"modified":"2026-01-24T13:49:46","modified_gmt":"2026-01-24T18:49:46","slug":"pgla-programa-generacion-de-lideres-ambientales","status":"publish","type":"news","link":"https:\/\/www.cec.org\/es\/novedades\/pgla-programa-generacion-de-lideres-ambientales\/","title":{"rendered":"Lanzamiento del Programa Generaci\u00f3n de L\u00edderes Ambientales, dirigido a j\u00f3venes de Am\u00e9rica del Norte"},"content":{"rendered":"<p><strong>Tiohti\u00e0:ke (Montreal), 13 de febrero de 2024.\u00a0<\/strong>\u00a1Atenci\u00f3n al sector juvenil de Canad\u00e1, Estados Unidos y M\u00e9xico! \u00bfTe animas a actuar en apoyo de las comunidades de Am\u00e9rica del Norte y con el prop\u00f3sito de contribuir a la preservaci\u00f3n de las aguas, tierras y aire que compartimos?<\/p>\n<p>La\u00a0Comisi\u00f3n para la Cooperaci\u00f3n Ambiental\u00a0(CCA) se complace en anunciar el lanzamiento del Programa Generaci\u00f3n de L\u00edderes Ambientales (PGLA). Esta nueva e interesante iniciativa de la CCA apoyar\u00e1 a j\u00f3venes l\u00edderes con miras a que desarrollen las aptitudes necesarias y accedan a capital semilla (financiamiento inicial) que les permita tener un impacto significativo en sus comunidades y m\u00e1s all\u00e1.<\/p>\n<p>Las personas j\u00f3venes seleccionadas podr\u00e1n beneficiarse de un programa de mentor\u00eda de un a\u00f1o; tendr\u00e1n la oportunidad de establecer redes de trabajo en toda la regi\u00f3n; recibir\u00e1n 15,000 d\u00f3lares canadienses a modo de capital semilla y podr\u00e1n presentar sus soluciones ante los ministros de medio ambiente de Am\u00e9rica del Norte en el marco de la sesi\u00f3n anual del\u00a0<a href=\"https:\/\/www.cec.org\/es\/acerca-de-la-cca\/consejo\/\">Consejo<\/a>\u00a0de la CCA.<\/p>\n<p><strong>Es hora de actuar<\/strong><\/p>\n<p>\u201cMediante el nuevo Programa Generaci\u00f3n de L\u00edderes Ambientales estamos buscando incorporar a l\u00edderes ambientales del sector juvenil de toda Am\u00e9rica del Norte a la familia de la CCA\u201d, afirm\u00f3 el director ejecutivo de la CCA, Jorge Daniel Taillant. \u201cEl PGLA ofrece a la juventud oportunidades significativas para afianzar las habilidades necesarias y colaborar con la CCA en busca de soluciones a los desaf\u00edos ambientales m\u00e1s apremiantes de la regi\u00f3n, entre los que se incluyen la mitigaci\u00f3n del cambio clim\u00e1tico, la reducci\u00f3n de la contaminaci\u00f3n, el freno a la p\u00e9rdida de biodiversidad y el fomento de la equidad ambiental.\u201d<\/p>\n<p>El PGLA invita a equipos de j\u00f3venes l\u00edderes del subcontinente a ayudar a las comunidades y contribuir a la preservaci\u00f3n de nuestras aguas, tierras y aire compartidos. Este programa est\u00e1 dirigido a personas de entre 18 y 35 a\u00f1os que formen parte - de preferencia, pero no exclusivamente - de organizaciones dirigidas por j\u00f3venes (por ejemplo, asociaciones u organizaciones no gubernamentales y sin \u00e1nimo de\u00a0lucro), as\u00ed como a equipos de j\u00f3venes emprendedores e innovadores con inter\u00e9s en crear sus propias empresas.<\/p>\n<p>Adem\u00e1s de aportar al desarrollo de capacidades de j\u00f3venes de los tres pa\u00edses, esta iniciativa de la CCA promover\u00e1 el liderazgo de la juventud al ampliar las redes juveniles dedicadas al medio ambiente y proporcionar capital semilla para permitir el florecimiento de soluciones creativas, sobre todo a escala local. Como parte del programa de mentor\u00eda de un a\u00f1o de duraci\u00f3n, los l\u00edderes juveniles seleccionados participar\u00e1n en sesiones de intercambio con especialistas a fin de mejorar y poner en pr\u00e1ctica sus soluciones, al igual que aportar a una comunidad de conocimiento. El\u00a0PGLA apoyar\u00e1 actividades de base comunitaria de gran impacto y perdurables, y contribuir\u00e1 a establecer una red s\u00f3lida de j\u00f3venes en toda la regi\u00f3n.<\/p>\n<p>El Programa Generaci\u00f3n de L\u00edderes Ambientales tambi\u00e9n ofrecer\u00e1 a las personas participantes amplias oportunidades de trabajo en red. Durante la sesi\u00f3n del Consejo de la CCA \u2014 una plataforma ideal para exponer ideas de alto impacto a nivel ministerial<strong>\u00a0<\/strong>\u2014 se presentar\u00e1n al p\u00fablico las soluciones seleccionadas, y los representantes de los equipos autores podr\u00e1n interactuar con integrantes del\u00a0<a href=\"https:\/\/www.cec.org\/es\/acerca-de-la-cca\/comite-consultivo-publico-conjunto\/\">Comit\u00e9 Consultivo P\u00fablico Conjunto<\/a>\u00a0(CCPC) y el\u00a0<a href=\"https:\/\/www.cec.org\/es\/acerca-de-la-cca\/grupo-de-especialistas-en-conocimiento-ecologico-tradicional\/\">Grupo de Especialistas en Conocimiento Ecol\u00f3gico Tradicional<\/a>\u00a0(GECET) de la CCA, as\u00ed como con funcionarios de gobierno y especialistas.<\/p>\n<p>A lo largo del a\u00f1o de mentor\u00eda, los j\u00f3venes l\u00edderes recibir\u00e1n asesoramiento para presentar e impulsar sus soluciones, as\u00ed como orientaci\u00f3n de especialistas sobre diversos elementos de sus proyectos, incluidas cuestiones de desarrollo y gesti\u00f3n, manejo de riesgos, elaboraci\u00f3n de presupuestos, divulgaci\u00f3n y recaudaci\u00f3n de fondos.<\/p>\n<p>Es necesario que las personas participantes demuestren que su soluci\u00f3n aborda o responde a problemas cr\u00edticos relacionados con el apoyo a nuestras comunidades y la preservaci\u00f3n de las aguas, tierras y aire que compartimos en toda Am\u00e9rica del Norte. Las propuestas deben ser soluciones pr\u00e1cticas, eficaces y alcanzables; y plantear medidas sostenibles en respuesta a una problem\u00e1tica concreta en materia de medio ambiente. Tambi\u00e9n deben ser espec\u00edficas para cada contexto, teniendo en cuenta las caracter\u00edsticas \u00fanicas de la(s) comunidad(es) o regi\u00f3n a que vayan dirigidas.<\/p>\n<p>Con apego a los criterios de admisibilidad establecidos, se dar\u00e1 prioridad a las soluciones que establezcan un objetivo claro y cuya repercusi\u00f3n en las comunidades locales y su medio ambiente resulte significativa. Las propuestas se evaluar\u00e1n de acuerdo con los siguientes criterios:<\/p>\n<ul>\n<li>Impacto e involucramiento comunitario (40%)<\/li>\n<li>Viabilidad (25%)<\/li>\n<li>Consonancia con los pilares estrat\u00e9gicos de la CCA y el tema del\u00a0programa\u00a0(15%)<\/li>\n<li>Identificaci\u00f3n del problema o asunto (10%)<\/li>\n<li>Innovaci\u00f3n (10%)<\/li>\n<\/ul>\n<p>Asimismo, se dar\u00e1 preferencia a las soluciones concebidas o desarrolladas de manera conjunta con las comunidades, sobre todo si incluyen la participaci\u00f3n de integrantes de la comunidad que tradicionalmente han carecido de acceso a los espacios de toma de decisiones.<\/p>\n<p><strong>Fecha l\u00edmite para el env\u00edo de propuestas:\u00a0<\/strong>Las propuestas, completamente integradas, deber\u00e1n subirse a la plataforma Foundant a m\u00e1s tardar a las 23:59 horas (tiempo local) del 31 de marzo de 2024.<\/p>\n<p>Para conocer m\u00e1s detalles en torno al programa, las directrices y los criterios de selecci\u00f3n aplicables, as\u00ed como para enviar tu soluci\u00f3n, haz clic\u00a0<a href=\"http:\/\/www.cec.org\/pgla\" target=\"_blank\" rel=\"noopener\">aqu\u00ed<\/a>.<\/p>\n<p>Te invitamos, adem\u00e1s, a\u00a0<a href=\"https:\/\/www.cec.org\/es\/eventos\/sesion-informativa-pgla\/\" target=\"_blank\" rel=\"noopener\">acompa\u00f1arnos<\/a>\u00a0en una sesi\u00f3n informativa sobre el PGLA y su proceso de presentaci\u00f3n que tendr\u00e1 lugar, en formato virtual, el 29 de febrero de 13:00 a 14:00 horas (tiempo del este), con interpretaci\u00f3n simult\u00e1nea en espa\u00f1ol, franc\u00e9s e ingl\u00e9s.<\/p>\n","protected":false},"excerpt":{"rendered":"<p>Tiohti\u00e0:ke (Montreal), 13 de febrero de 2024.\u00a0\u00a1Atenci\u00f3n al sector juvenil de Canad\u00e1, Estados Unidos y M\u00e9xico! \u00bfTe animas a actuar en apoyo de las comunidades de Am\u00e9rica del Norte y con el prop\u00f3sito de contribuir a la preservaci\u00f3n de las aguas, tierras y aire que compartimos? La\u00a0Comisi\u00f3n para la Cooperaci\u00f3n Ambiental\u00a0(CCA) se complace en anunciar [&hellip;]<\/p>\n","protected":false},"featured_media":54307,"template":"","class_list":["post-54376","news","type-news","status-publish","has-post-thumbnail","hentry","feed-participacion-juvenil"],"acf":[],"yoast_head":"<!-- This site is optimized with the Yoast SEO Premium plugin v27.4 (Yoast SEO v27.4) - https:\/\/yoast.com\/product\/yoast-seo-premium-wordpress\/ -->\n<title>PGLA: Lanzamiento del Programa Generaci\u00f3n de L\u00edderes Ambientales<\/title>\n<meta name=\"description\" content=\"Las personas j\u00f3venes seleccionadas podr\u00e1n beneficiarse de un programa de mentor\u00eda de un a\u00f1o\" \/>\n<meta name=\"robots\" content=\"index, follow, max-snippet:-1, max-image-preview:large, max-video-preview:-1\" \/>\n<link rel=\"canonical\" href=\"https:\/\/www.cec.org\/es\/novedades\/pgla-programa-generacion-de-lideres-ambientales\/\" \/>\n<meta property=\"og:locale\" content=\"es_ES\" \/>\n<meta property=\"og:type\" content=\"article\" \/>\n<meta property=\"og:title\" content=\"Lanzamiento del Programa Generaci\u00f3n de L\u00edderes Ambientales, dirigido a j\u00f3venes de Am\u00e9rica del Norte\" \/>\n<meta property=\"og:description\" content=\"Tiohti\u00e0:ke (Montreal), 13 de febrero de 2024.\u00a0\u00a1Atenci\u00f3n al sector juvenil de Canad\u00e1, Estados Unidos y M\u00e9xico! \u00bfTe animas a actuar en apoyo de las\" \/>\n<meta property=\"og:url\" content=\"https:\/\/www.cec.org\/es\/novedades\/pgla-programa-generacion-de-lideres-ambientales\/\" \/>\n<meta property=\"og:site_name\" content=\"Comisi\u00f3n para la Cooperaci\u00f3n Ambiental\" \/>\n<meta property=\"article:publisher\" content=\"https:\/\/www.facebook.com\/CECconnect\" \/>\n<meta property=\"article:modified_time\" content=\"2026-01-24T18:49:46+00:00\" \/>\n<meta property=\"og:image\" content=\"https:\/\/www.cec.org\/wp-content\/uploads\/GELp-main-es.webp\" \/>\n\t<meta property=\"og:image:width\" content=\"1200\" \/>\n\t<meta property=\"og:image:height\" content=\"684\" \/>\n\t<meta property=\"og:image:type\" content=\"image\/webp\" \/>\n<meta name=\"twitter:card\" content=\"summary_large_image\" \/>\n<meta name=\"twitter:site\" content=\"@CECweb\" \/>\n<script type=\"application\/ld+json\" class=\"yoast-schema-graph\">{\"@context\":\"https:\\\/\\\/schema.org\",\"@graph\":[{\"@type\":\"WebPage\",\"@id\":\"https:\\\/\\\/www.cec.org\\\/es\\\/novedades\\\/pgla-programa-generacion-de-lideres-ambientales\\\/\",\"url\":\"https:\\\/\\\/www.cec.org\\\/es\\\/novedades\\\/pgla-programa-generacion-de-lideres-ambientales\\\/\",\"name\":\"PGLA: Lanzamiento del Programa Generaci\u00f3n de L\u00edderes Ambientales\",\"isPartOf\":{\"@id\":\"https:\\\/\\\/www.cec.org\\\/es\\\/#website\"},\"primaryImageOfPage\":{\"@id\":\"https:\\\/\\\/www.cec.org\\\/es\\\/novedades\\\/pgla-programa-generacion-de-lideres-ambientales\\\/#primaryimage\"},\"image\":{\"@id\":\"https:\\\/\\\/www.cec.org\\\/es\\\/novedades\\\/pgla-programa-generacion-de-lideres-ambientales\\\/#primaryimage\"},\"thumbnailUrl\":\"https:\\\/\\\/www.cec.org\\\/wp-content\\\/uploads\\\/GELp-main-es.webp\",\"datePublished\":\"2024-02-13T21:06:12+00:00\",\"dateModified\":\"2026-01-24T18:49:46+00:00\",\"description\":\"Las personas j\u00f3venes seleccionadas podr\u00e1n beneficiarse de un programa de mentor\u00eda de un a\u00f1o\",\"breadcrumb\":{\"@id\":\"https:\\\/\\\/www.cec.org\\\/es\\\/novedades\\\/pgla-programa-generacion-de-lideres-ambientales\\\/#breadcrumb\"},\"inLanguage\":\"es\",\"potentialAction\":[{\"@type\":\"ReadAction\",\"target\":[\"https:\\\/\\\/www.cec.org\\\/es\\\/novedades\\\/pgla-programa-generacion-de-lideres-ambientales\\\/\"]}]},{\"@type\":\"ImageObject\",\"inLanguage\":\"es\",\"@id\":\"https:\\\/\\\/www.cec.org\\\/es\\\/novedades\\\/pgla-programa-generacion-de-lideres-ambientales\\\/#primaryimage\",\"url\":\"https:\\\/\\\/www.cec.org\\\/wp-content\\\/uploads\\\/GELp-main-es.webp\",\"contentUrl\":\"https:\\\/\\\/www.cec.org\\\/wp-content\\\/uploads\\\/GELp-main-es.webp\",\"width\":1200,\"height\":684,\"caption\":\"A trav\u00e9s de la Comisi\u00f3n para la Cooperaci\u00f3n Ambiental, Canad\u00e1, Estados Unidos y M\u00e9xico lanzan el nuevo Programa Generaci\u00f3n de L\u00edderes Ambientales con el objetivo de impulsar soluciones lidereadas por la juventud para proteger el medio ambiente.\"},{\"@type\":\"BreadcrumbList\",\"@id\":\"https:\\\/\\\/www.cec.org\\\/es\\\/novedades\\\/pgla-programa-generacion-de-lideres-ambientales\\\/#breadcrumb\",\"itemListElement\":[{\"@type\":\"ListItem\",\"position\":1,\"name\":\"Inicio\",\"item\":\"https:\\\/\\\/www.cec.org\\\/es\\\/\"},{\"@type\":\"ListItem\",\"position\":2,\"name\":\"Novedades\",\"item\":\"https:\\\/\\\/www.cec.org\\\/es\\\/novedades\\\/\"},{\"@type\":\"ListItem\",\"position\":3,\"name\":\"Lanzamiento del Programa Generaci\u00f3n de L\u00edderes Ambientales, dirigido a j\u00f3venes de Am\u00e9rica del Norte\"}]},{\"@type\":\"WebSite\",\"@id\":\"https:\\\/\\\/www.cec.org\\\/es\\\/#website\",\"url\":\"https:\\\/\\\/www.cec.org\\\/es\\\/\",\"name\":\"Commission for Environmental Cooperation\",\"description\":\"Three countries working together to protect our shared environment\",\"alternateName\":\"CEC - CCA -CCE\",\"potentialAction\":[{\"@type\":\"SearchAction\",\"target\":{\"@type\":\"EntryPoint\",\"urlTemplate\":\"https:\\\/\\\/www.cec.org\\\/es\\\/?s={search_term_string}\"},\"query-input\":{\"@type\":\"PropertyValueSpecification\",\"valueRequired\":true,\"valueName\":\"search_term_string\"}}],\"inLanguage\":\"es\"}]}<\/script>\n<!-- \/ Yoast SEO Premium plugin. -->","yoast_head_json":{"title":"PGLA: Lanzamiento del Programa Generaci\u00f3n de L\u00edderes Ambientales","description":"Las personas j\u00f3venes seleccionadas podr\u00e1n beneficiarse de un programa de mentor\u00eda de un a\u00f1o","robots":{"index":"index","follow":"follow","max-snippet":"max-snippet:-1","max-image-preview":"max-image-preview:large","max-video-preview":"max-video-preview:-1"},"canonical":"https:\/\/www.cec.org\/es\/novedades\/pgla-programa-generacion-de-lideres-ambientales\/","og_locale":"es_ES","og_type":"article","og_title":"Lanzamiento del Programa Generaci\u00f3n de L\u00edderes Ambientales, dirigido a j\u00f3venes de Am\u00e9rica del Norte","og_description":"Tiohti\u00e0:ke (Montreal), 13 de febrero de 2024.\u00a0\u00a1Atenci\u00f3n al sector juvenil de Canad\u00e1, Estados Unidos y M\u00e9xico! \u00bfTe animas a actuar en apoyo de las","og_url":"https:\/\/www.cec.org\/es\/novedades\/pgla-programa-generacion-de-lideres-ambientales\/","og_site_name":"Comisi\u00f3n para la Cooperaci\u00f3n Ambiental","article_publisher":"https:\/\/www.facebook.com\/CECconnect","article_modified_time":"2026-01-24T18:49:46+00:00","og_image":[{"width":1200,"height":684,"url":"https:\/\/www.cec.org\/wp-content\/uploads\/GELp-main-es.webp","type":"image\/webp"}],"twitter_card":"summary_large_image","twitter_site":"@CECweb","schema":{"@context":"https:\/\/schema.org","@graph":[{"@type":"WebPage","@id":"https:\/\/www.cec.org\/es\/novedades\/pgla-programa-generacion-de-lideres-ambientales\/","url":"https:\/\/www.cec.org\/es\/novedades\/pgla-programa-generacion-de-lideres-ambientales\/","name":"PGLA: Lanzamiento del Programa Generaci\u00f3n de L\u00edderes Ambientales","isPartOf":{"@id":"https:\/\/www.cec.org\/es\/#website"},"primaryImageOfPage":{"@id":"https:\/\/www.cec.org\/es\/novedades\/pgla-programa-generacion-de-lideres-ambientales\/#primaryimage"},"image":{"@id":"https:\/\/www.cec.org\/es\/novedades\/pgla-programa-generacion-de-lideres-ambientales\/#primaryimage"},"thumbnailUrl":"https:\/\/www.cec.org\/wp-content\/uploads\/GELp-main-es.webp","datePublished":"2024-02-13T21:06:12+00:00","dateModified":"2026-01-24T18:49:46+00:00","description":"Las personas j\u00f3venes seleccionadas podr\u00e1n beneficiarse de un programa de mentor\u00eda de un a\u00f1o","breadcrumb":{"@id":"https:\/\/www.cec.org\/es\/novedades\/pgla-programa-generacion-de-lideres-ambientales\/#breadcrumb"},"inLanguage":"es","potentialAction":[{"@type":"ReadAction","target":["https:\/\/www.cec.org\/es\/novedades\/pgla-programa-generacion-de-lideres-ambientales\/"]}]},{"@type":"ImageObject","inLanguage":"es","@id":"https:\/\/www.cec.org\/es\/novedades\/pgla-programa-generacion-de-lideres-ambientales\/#primaryimage","url":"https:\/\/www.cec.org\/wp-content\/uploads\/GELp-main-es.webp","contentUrl":"https:\/\/www.cec.org\/wp-content\/uploads\/GELp-main-es.webp","width":1200,"height":684,"caption":"A trav\u00e9s de la Comisi\u00f3n para la Cooperaci\u00f3n Ambiental, Canad\u00e1, Estados Unidos y M\u00e9xico lanzan el nuevo Programa Generaci\u00f3n de L\u00edderes Ambientales con el objetivo de impulsar soluciones lidereadas por la juventud para proteger el medio ambiente."},{"@type":"BreadcrumbList","@id":"https:\/\/www.cec.org\/es\/novedades\/pgla-programa-generacion-de-lideres-ambientales\/#breadcrumb","itemListElement":[{"@type":"ListItem","position":1,"name":"Inicio","item":"https:\/\/www.cec.org\/es\/"},{"@type":"ListItem","position":2,"name":"Novedades","item":"https:\/\/www.cec.org\/es\/novedades\/"},{"@type":"ListItem","position":3,"name":"Lanzamiento del Programa Generaci\u00f3n de L\u00edderes Ambientales, dirigido a j\u00f3venes de Am\u00e9rica del Norte"}]},{"@type":"WebSite","@id":"https:\/\/www.cec.org\/es\/#website","url":"https:\/\/www.cec.org\/es\/","name":"Commission for Environmental Cooperation","description":"Three countries working together to protect our shared environment","alternateName":"CEC - CCA -CCE","potentialAction":[{"@type":"SearchAction","target":{"@type":"EntryPoint","urlTemplate":"https:\/\/www.cec.org\/es\/?s={search_term_string}"},"query-input":{"@type":"PropertyValueSpecification","valueRequired":true,"valueName":"search_term_string"}}],"inLanguage":"es"}]}},"_links":{"self":[{"href":"https:\/\/www.cec.org\/es\/wp-json\/wp\/v2\/news\/54376","targetHints":{"allow":["GET"]}}],"collection":[{"href":"https:\/\/www.cec.org\/es\/wp-json\/wp\/v2\/news"}],"about":[{"href":"https:\/\/www.cec.org\/es\/wp-json\/wp\/v2\/types\/news"}],"wp:featuredmedia":[{"embeddable":true,"href":"https:\/\/www.cec.org\/es\/wp-json\/wp\/v2\/media\/54307"}],"wp:attachment":[{"href":"https:\/\/www.cec.org\/es\/wp-json\/wp\/v2\/media?parent=54376"}],"curies":[{"name":"wp","href":"https:\/\/api.w.org\/{rel}","templated":true}]}}