{"id":52410,"date":"2023-06-12T14:47:49","date_gmt":"2023-06-12T18:47:49","guid":{"rendered":"http:\/\/www.cec.org\/newsletter\/blitz-monarca-2023\/"},"modified":"2025-11-19T16:53:27","modified_gmt":"2025-11-19T21:53:27","slug":"blitz-monarca-2023","status":"publish","type":"news","link":"https:\/\/www.cec.org\/es\/novedades\/blitz-monarca-2023\/","title":{"rendered":"Aparta la fecha para la iniciativa internacional de monitoreo \u201cBlitz Monarca\u201d: del 28 de julio al 6 de agosto de 2023"},"content":{"rendered":"<p>Registra en tu agenda las fechas de la s\u00e9ptima edici\u00f3n de la iniciativa internacional de monitoreo \u201c<a href=\"https:\/\/www.cec.org\/es\/iniciativa-internacional-de-monitoreo-blitz-monarca\/\">operaci\u00f3n rel\u00e1mpago Blitz Monarca<\/a>\u201d. Cada a\u00f1o, miles de personas en Canad\u00e1, Estados Unidos y M\u00e9xico suman esfuerzos para apoyar la conservaci\u00f3n de la mariposa monarca (<em>Danaus plexippus<\/em>) mediante la recopilaci\u00f3n de observaciones, lo mismo de ejemplares de monarca que de plantas de asclepia o algodoncillo (<em>Asclepias<\/em>\u00a0spp.), de las que depende esta mariposa. Te invitamos a participar en esta crucial iniciativa trinacional compartiendo tus avistamientos del 28 de julio al 6 de agosto de 2023.<\/p>\n<p>La operaci\u00f3n #BlitzMonarca hace un llamado a personas de toda Am\u00e9rica del Norte para que, durante este periodo de diez d\u00edas, localicen plantas de asclepia y las examinen en busca de huevos, orugas, cris\u00e1lidas y ejemplares adultos de monarca. Los datos que recopilen\u00a0los voluntarios participantes en el monitoreo Blitz Monarca se suben a internet y se compartir\u00e1n con investigadores a trav\u00e9s de la\u00a0<a href=\"https:\/\/naturecounts.ca\/nc\/tmkn\/main.jsp?switchlang=ES\">Red Trinacional de Conocimiento sobre la Mariposa Monarca<\/a>\u00a0(RTCMM), un repositorio en l\u00ednea que, al combinar datos de muy diversas fuentes, permite a los investigadores realizar an\u00e1lisis temporales y espaciales a gran escala, a fin de dar respuesta a interrogantes clave respecto de la distribuci\u00f3n de la monarca y el algodoncillo, los periodos de reproducci\u00f3n de la mariposa y el uso de los recursos naturales. A su vez, esta informaci\u00f3n ayuda a los\u00a0expertos en conservaci\u00f3n a identificar y priorizar acciones para la protecci\u00f3n del lepid\u00f3ptero.<\/p>\n<p>Para tomar parte en la operaci\u00f3n Blitz Monarca, comparte tus observaciones a trav\u00e9s de alguno de los\u00a0<a href=\"https:\/\/www.cec.org\/es\/iniciativa-internacional-de-monitoreo-blitz-monarca\/\">programas de ciencia comunitaria participantes<\/a>\u00a0que se indican a continuaci\u00f3n:<\/p>\n<ul>\n<li>Programa Journey North (<a href=\"https:\/\/journeynorth.org\/\">journeynorth.org<\/a>)<\/li>\n<li>Iniciativa Misi\u00f3n Monarca (<em>Mission Monarch<\/em>) (<a href=\"http:\/\/mission-monarch.org\/\">mission-monarch.org<\/a>)<\/li>\n<li>Proyecto de Monitoreo de Larvas de Monarca (<em>Monarch Larva Monitoring Project<\/em>) (<a href=\"http:\/\/mlmp.org\/\">mlmp.org<\/a>)<\/li>\n<li>Naturalista (<a href=\"https:\/\/www.naturalista.mx\/\">naturalista.mx<\/a><u>)<\/u><\/li>\n<li>Programa Correo Real\/Protecci\u00f3n de la Fauna Mexicana (Profauna, A.C.) (<a href=\"http:\/\/www.correoreal.mx\/\">http:\/\/www.correoreal.mx<\/a>)<\/li>\n<li>Identificador de ejemplares de la poblaci\u00f3n occidental de monarca y asclepias\u00a0<em>Western Monarch Milkweed Mapper<\/em>\u00a0(<a href=\"http:\/\/monarchmilkweedmapper.org\/\">monarchmilkweedmapper.org<\/a>)<\/li>\n<\/ul>\n<p>S\u00famate a Blitz Monarca y difunde tu contribuci\u00f3n a esta iniciativa internacional de conservaci\u00f3n en redes sociales\u00a0utilizando la etiqueta\u00a0<strong>#BlitzMonarca<\/strong>.<\/p>\n<p><em>La iniciativa Blitz Monarca est\u00e1 organizada por la Alianza Cient\u00edfica Trinacional en favor de la Conservaci\u00f3n de la Mariposa Monarca (TMCSP, por sus siglas en ingl\u00e9s), fruto de la colaboraci\u00f3n de diversas organizaciones entre las que figuran la\u00a0<\/em><a href=\"https:\/\/www.cec.org\/es\/\"><em>Comisi\u00f3n para la Cooperaci\u00f3n Ambiental<\/em><\/a><em>\u00a0(CCA), el Insectario de Montreal \u201cEspacio para la Vida\u201d (<\/em><a href=\"https:\/\/espacepourlavie.ca\/en\/insectarium\"><em>Space for Life<\/em><\/a><em>), el ministerio de Medio Ambiente y Cambio Clim\u00e1tico de Canad\u00e1 (<\/em><a href=\"https:\/\/www.canada.ca\/en\/environment-climate-change.html\"><em>Environment and Climate Change Canada<\/em><\/a><em>, ECCC), la alianza\u00a0<\/em><a href=\"https:\/\/monarchjointventure.org\/\"><em>Monarch Joint Venture<\/em><\/a><em>, el proyecto\u00a0<\/em><a href=\"https:\/\/journeynorth.org\/\"><em>Journey North<\/em><\/a><em>, el Servicio de Pesca y Vida Silvestre de Estados Unidos (<\/em><a href=\"https:\/\/www.fws.gov\/\"><em>United States Fish and Wildlife Service<\/em><\/a><em>, USFWS), la Sociedad Xerces para la Conservaci\u00f3n de los Invertebrados (<\/em><a href=\"https:\/\/xerces.org\/\"><em>Xerces Society for Invertebrate Conservation<\/em><\/a><em>), el\u00a0<\/em><a href=\"https:\/\/www.correoreal.mx\/\"><em>Programa Correo Real<\/em><\/a><em>\u00a0de la organizaci\u00f3n Protecci\u00f3n de la Fauna Mexicana (Profauna, A.C.) y la\u00a0<\/em><a href=\"https:\/\/www.gob.mx\/conanp\"><em>Comisi\u00f3n Nacional de \u00c1reas Naturales Protegidas<\/em><\/a><em>\u00a0(Conanp) de M\u00e9xico.<\/em><\/p>\n<p>Si deseas obtener m\u00e1s informaci\u00f3n acerca de los resultados que juntos obtuvimos el a\u00f1o pasado y averiguar c\u00f3mo participar en esta nueva edici\u00f3n, consulta la p\u00e1gina:\u00a0<a href=\"https:\/\/www.cec.org\/es\/iniciativa-internacional-de-monitoreo-blitz-monarca\/\">www.cec.org\/es\/iniciativa-internacional-de-monitoreo-blitz-monarca\/<\/a><\/p>\n","protected":false},"excerpt":{"rendered":"<p>Registra en tu agenda las fechas de la s\u00e9ptima edici\u00f3n de la iniciativa internacional de monitoreo \u201coperaci\u00f3n rel\u00e1mpago Blitz Monarca\u201d. Cada a\u00f1o, miles de personas en Canad\u00e1, Estados Unidos y M\u00e9xico suman esfuerzos para apoyar la conservaci\u00f3n de la mariposa monarca (Danaus plexippus) mediante la recopilaci\u00f3n de observaciones, lo mismo de ejemplares de monarca que [&hellip;]<\/p>\n","protected":false},"featured_media":52405,"template":"","class_list":["post-52410","news","type-news","status-publish","has-post-thumbnail","hentry","feed-alianzas-externas","feed-ecosistemas"],"acf":[],"yoast_head":"<!-- This site is optimized with the Yoast SEO Premium plugin v27.4 (Yoast SEO v27.4) - https:\/\/yoast.com\/product\/yoast-seo-premium-wordpress\/ -->\n<title>Aparta la fecha para la iniciativa internacional de monitoreo \u201cBlitz Monarca\u201d 2023<\/title>\n<meta name=\"description\" content=\"Registra en tu agenda las fechas de la s\u00e9ptima edici\u00f3n de la iniciativa internacional de monitoreo \u201coperaci\u00f3n rel\u00e1mpago Blitz Monarca\u201d. Cada a\u00f1o, miles de\" \/>\n<meta name=\"robots\" content=\"index, follow, max-snippet:-1, max-image-preview:large, max-video-preview:-1\" \/>\n<link rel=\"canonical\" href=\"https:\/\/www.cec.org\/es\/novedades\/blitz-monarca-2023\/\" \/>\n<meta property=\"og:locale\" content=\"es_ES\" \/>\n<meta property=\"og:type\" content=\"article\" \/>\n<meta property=\"og:title\" content=\"Aparta la fecha para la iniciativa internacional de monitoreo \u201cBlitz Monarca\u201d: del 28 de julio al 6 de agosto de 2023\" \/>\n<meta property=\"og:description\" content=\"Registra en tu agenda las fechas de la s\u00e9ptima edici\u00f3n de la iniciativa internacional de monitoreo \u201coperaci\u00f3n rel\u00e1mpago Blitz Monarca\u201d. Cada a\u00f1o, miles de\" \/>\n<meta property=\"og:url\" content=\"https:\/\/www.cec.org\/es\/novedades\/blitz-monarca-2023\/\" \/>\n<meta property=\"og:site_name\" content=\"Comisi\u00f3n para la Cooperaci\u00f3n Ambiental\" \/>\n<meta property=\"article:publisher\" content=\"https:\/\/www.facebook.com\/CECconnect\" \/>\n<meta property=\"article:modified_time\" content=\"2025-11-19T21:53:27+00:00\" \/>\n<meta property=\"og:image\" content=\"https:\/\/www.cec.org\/wp-content\/uploads\/Monarch-Blitz-Save-the-Date-ES-1.webp\" \/>\n\t<meta property=\"og:image:width\" content=\"600\" \/>\n\t<meta property=\"og:image:height\" content=\"342\" \/>\n\t<meta property=\"og:image:type\" content=\"image\/webp\" \/>\n<meta name=\"twitter:card\" content=\"summary_large_image\" \/>\n<meta name=\"twitter:site\" content=\"@CECweb\" \/>\n<script type=\"application\/ld+json\" class=\"yoast-schema-graph\">{\"@context\":\"https:\\\/\\\/schema.org\",\"@graph\":[{\"@type\":\"WebPage\",\"@id\":\"https:\\\/\\\/www.cec.org\\\/es\\\/novedades\\\/blitz-monarca-2023\\\/\",\"url\":\"https:\\\/\\\/www.cec.org\\\/es\\\/novedades\\\/blitz-monarca-2023\\\/\",\"name\":\"Aparta la fecha para la iniciativa internacional de monitoreo \u201cBlitz Monarca\u201d 2023\",\"isPartOf\":{\"@id\":\"https:\\\/\\\/www.cec.org\\\/es\\\/#website\"},\"primaryImageOfPage\":{\"@id\":\"https:\\\/\\\/www.cec.org\\\/es\\\/novedades\\\/blitz-monarca-2023\\\/#primaryimage\"},\"image\":{\"@id\":\"https:\\\/\\\/www.cec.org\\\/es\\\/novedades\\\/blitz-monarca-2023\\\/#primaryimage\"},\"thumbnailUrl\":\"https:\\\/\\\/www.cec.org\\\/wp-content\\\/uploads\\\/Monarch-Blitz-Save-the-Date-ES-1.webp\",\"datePublished\":\"2023-06-12T18:47:49+00:00\",\"dateModified\":\"2025-11-19T21:53:27+00:00\",\"description\":\"Registra en tu agenda las fechas de la s\u00e9ptima edici\u00f3n de la iniciativa internacional de monitoreo \u201coperaci\u00f3n rel\u00e1mpago Blitz Monarca\u201d. Cada a\u00f1o, miles de\",\"breadcrumb\":{\"@id\":\"https:\\\/\\\/www.cec.org\\\/es\\\/novedades\\\/blitz-monarca-2023\\\/#breadcrumb\"},\"inLanguage\":\"es\",\"potentialAction\":[{\"@type\":\"ReadAction\",\"target\":[\"https:\\\/\\\/www.cec.org\\\/es\\\/novedades\\\/blitz-monarca-2023\\\/\"]}]},{\"@type\":\"ImageObject\",\"inLanguage\":\"es\",\"@id\":\"https:\\\/\\\/www.cec.org\\\/es\\\/novedades\\\/blitz-monarca-2023\\\/#primaryimage\",\"url\":\"https:\\\/\\\/www.cec.org\\\/wp-content\\\/uploads\\\/Monarch-Blitz-Save-the-Date-ES-1.webp\",\"contentUrl\":\"https:\\\/\\\/www.cec.org\\\/wp-content\\\/uploads\\\/Monarch-Blitz-Save-the-Date-ES-1.webp\",\"width\":600,\"height\":342,\"caption\":\"Monarch Blitz 2023\"},{\"@type\":\"BreadcrumbList\",\"@id\":\"https:\\\/\\\/www.cec.org\\\/es\\\/novedades\\\/blitz-monarca-2023\\\/#breadcrumb\",\"itemListElement\":[{\"@type\":\"ListItem\",\"position\":1,\"name\":\"Inicio\",\"item\":\"https:\\\/\\\/www.cec.org\\\/es\\\/\"},{\"@type\":\"ListItem\",\"position\":2,\"name\":\"Novedades\",\"item\":\"https:\\\/\\\/www.cec.org\\\/es\\\/novedades\\\/\"},{\"@type\":\"ListItem\",\"position\":3,\"name\":\"Aparta la fecha para la iniciativa internacional de monitoreo \u201cBlitz Monarca\u201d: del 28 de julio al 6 de agosto de 2023\"}]},{\"@type\":\"WebSite\",\"@id\":\"https:\\\/\\\/www.cec.org\\\/es\\\/#website\",\"url\":\"https:\\\/\\\/www.cec.org\\\/es\\\/\",\"name\":\"Commission for Environmental Cooperation\",\"description\":\"Three countries working together to protect our shared environment\",\"alternateName\":\"CEC - CCA -CCE\",\"potentialAction\":[{\"@type\":\"SearchAction\",\"target\":{\"@type\":\"EntryPoint\",\"urlTemplate\":\"https:\\\/\\\/www.cec.org\\\/es\\\/?s={search_term_string}\"},\"query-input\":{\"@type\":\"PropertyValueSpecification\",\"valueRequired\":true,\"valueName\":\"search_term_string\"}}],\"inLanguage\":\"es\"}]}<\/script>\n<!-- \/ Yoast SEO Premium plugin. -->","yoast_head_json":{"title":"Aparta la fecha para la iniciativa internacional de monitoreo \u201cBlitz Monarca\u201d 2023","description":"Registra en tu agenda las fechas de la s\u00e9ptima edici\u00f3n de la iniciativa internacional de monitoreo \u201coperaci\u00f3n rel\u00e1mpago Blitz Monarca\u201d. Cada a\u00f1o, miles de","robots":{"index":"index","follow":"follow","max-snippet":"max-snippet:-1","max-image-preview":"max-image-preview:large","max-video-preview":"max-video-preview:-1"},"canonical":"https:\/\/www.cec.org\/es\/novedades\/blitz-monarca-2023\/","og_locale":"es_ES","og_type":"article","og_title":"Aparta la fecha para la iniciativa internacional de monitoreo \u201cBlitz Monarca\u201d: del 28 de julio al 6 de agosto de 2023","og_description":"Registra en tu agenda las fechas de la s\u00e9ptima edici\u00f3n de la iniciativa internacional de monitoreo \u201coperaci\u00f3n rel\u00e1mpago Blitz Monarca\u201d. Cada a\u00f1o, miles de","og_url":"https:\/\/www.cec.org\/es\/novedades\/blitz-monarca-2023\/","og_site_name":"Comisi\u00f3n para la Cooperaci\u00f3n Ambiental","article_publisher":"https:\/\/www.facebook.com\/CECconnect","article_modified_time":"2025-11-19T21:53:27+00:00","og_image":[{"width":600,"height":342,"url":"https:\/\/www.cec.org\/wp-content\/uploads\/Monarch-Blitz-Save-the-Date-ES-1.webp","type":"image\/webp"}],"twitter_card":"summary_large_image","twitter_site":"@CECweb","schema":{"@context":"https:\/\/schema.org","@graph":[{"@type":"WebPage","@id":"https:\/\/www.cec.org\/es\/novedades\/blitz-monarca-2023\/","url":"https:\/\/www.cec.org\/es\/novedades\/blitz-monarca-2023\/","name":"Aparta la fecha para la iniciativa internacional de monitoreo \u201cBlitz Monarca\u201d 2023","isPartOf":{"@id":"https:\/\/www.cec.org\/es\/#website"},"primaryImageOfPage":{"@id":"https:\/\/www.cec.org\/es\/novedades\/blitz-monarca-2023\/#primaryimage"},"image":{"@id":"https:\/\/www.cec.org\/es\/novedades\/blitz-monarca-2023\/#primaryimage"},"thumbnailUrl":"https:\/\/www.cec.org\/wp-content\/uploads\/Monarch-Blitz-Save-the-Date-ES-1.webp","datePublished":"2023-06-12T18:47:49+00:00","dateModified":"2025-11-19T21:53:27+00:00","description":"Registra en tu agenda las fechas de la s\u00e9ptima edici\u00f3n de la iniciativa internacional de monitoreo \u201coperaci\u00f3n rel\u00e1mpago Blitz Monarca\u201d. Cada a\u00f1o, miles de","breadcrumb":{"@id":"https:\/\/www.cec.org\/es\/novedades\/blitz-monarca-2023\/#breadcrumb"},"inLanguage":"es","potentialAction":[{"@type":"ReadAction","target":["https:\/\/www.cec.org\/es\/novedades\/blitz-monarca-2023\/"]}]},{"@type":"ImageObject","inLanguage":"es","@id":"https:\/\/www.cec.org\/es\/novedades\/blitz-monarca-2023\/#primaryimage","url":"https:\/\/www.cec.org\/wp-content\/uploads\/Monarch-Blitz-Save-the-Date-ES-1.webp","contentUrl":"https:\/\/www.cec.org\/wp-content\/uploads\/Monarch-Blitz-Save-the-Date-ES-1.webp","width":600,"height":342,"caption":"Monarch Blitz 2023"},{"@type":"BreadcrumbList","@id":"https:\/\/www.cec.org\/es\/novedades\/blitz-monarca-2023\/#breadcrumb","itemListElement":[{"@type":"ListItem","position":1,"name":"Inicio","item":"https:\/\/www.cec.org\/es\/"},{"@type":"ListItem","position":2,"name":"Novedades","item":"https:\/\/www.cec.org\/es\/novedades\/"},{"@type":"ListItem","position":3,"name":"Aparta la fecha para la iniciativa internacional de monitoreo \u201cBlitz Monarca\u201d: del 28 de julio al 6 de agosto de 2023"}]},{"@type":"WebSite","@id":"https:\/\/www.cec.org\/es\/#website","url":"https:\/\/www.cec.org\/es\/","name":"Commission for Environmental Cooperation","description":"Three countries working together to protect our shared environment","alternateName":"CEC - CCA -CCE","potentialAction":[{"@type":"SearchAction","target":{"@type":"EntryPoint","urlTemplate":"https:\/\/www.cec.org\/es\/?s={search_term_string}"},"query-input":{"@type":"PropertyValueSpecification","valueRequired":true,"valueName":"search_term_string"}}],"inLanguage":"es"}]}},"_links":{"self":[{"href":"https:\/\/www.cec.org\/es\/wp-json\/wp\/v2\/news\/52410","targetHints":{"allow":["GET"]}}],"collection":[{"href":"https:\/\/www.cec.org\/es\/wp-json\/wp\/v2\/news"}],"about":[{"href":"https:\/\/www.cec.org\/es\/wp-json\/wp\/v2\/types\/news"}],"wp:featuredmedia":[{"embeddable":true,"href":"https:\/\/www.cec.org\/es\/wp-json\/wp\/v2\/media\/52405"}],"wp:attachment":[{"href":"https:\/\/www.cec.org\/es\/wp-json\/wp\/v2\/media?parent=52410"}],"curies":[{"name":"wp","href":"https:\/\/api.w.org\/{rel}","templated":true}]}}