{"id":52303,"date":"2023-05-23T12:32:22","date_gmt":"2023-05-23T16:32:22","guid":{"rendered":"http:\/\/www.cec.org\/newsletter\/dia-internacional-de-la-biodiversidad-2023\/"},"modified":"2024-07-11T15:01:03","modified_gmt":"2024-07-11T19:01:03","slug":"dia-internacional-de-la-biodiversidad-2023","status":"publish","type":"news","link":"https:\/\/www.cec.org\/es\/novedades\/dia-internacional-de-la-biodiversidad-2023\/","title":{"rendered":"D\u00eda Internacional de la Biodiversidad 2023 \u2014 \u201cDel acuerdo a la acci\u00f3n: reconstruir la biodiversidad\u201d"},"content":{"rendered":"<p>En el\u00a0<a href=\"https:\/\/www.cbd.int\/article\/idb2023\" target=\"_blank\" rel=\"noopener\">D\u00eda Internacional de la Diversidad Biol\u00f3gica<\/a>\u00a0de este a\u00f1o, hacemos un llamado colectivo a que pasemos \u201cDel acuerdo a la acci\u00f3n, para reconstruir\u00a0la biodiversidad\u201d.<\/p>\n<p>Nos llena de orgullo haber participado en la COP15, celebrada justo aqu\u00ed en Montreal, donde 188 pa\u00edses suscribieron el hist\u00f3rico\u00a0<a href=\"https:\/\/www.cbd.int\/doc\/decisions\/cop-15\/cop-15-dec-04-es.pdf\" target=\"_blank\" rel=\"noopener\">Marco Mundial de Biodiversidad de Kunming-Montreal<\/a>, que establece un ambicioso plan para lograr un \u201ccambio transformador\u201d con el cual alcanzar nuestros objetivos mundiales de conservaci\u00f3n de la diversidad biol\u00f3gica.<\/p>\n<p>Dada la crisis clim\u00e1tica que enfrentamos, es preciso que\u00a0<em>todos y cada uno de nosotros\u00a0<\/em>asumamos un enfoque de abordaje plenamente integrado, con participaci\u00f3n \u201cde toda la sociedad\u201d y \u201ctodos los gobiernos\u201d, en favor de la protecci\u00f3n de la biodiversidad.<\/p>\n<p>2023 es un a\u00f1o crucial para acelerar los avances hacia el logro de nuestros\u00a0<a href=\"https:\/\/www.globalgoals.org\/es\/\">Objetivos Mundiales<\/a>, a fin de proteger y mejorar nuestro medio ambiente compartido y asegurar que alcancemos la justicia ambiental en favor de las poblaciones m\u00e1s vulnerables al cambio clim\u00e1tico. Como parte de nuestras diversas acciones en materia clim\u00e1tica,\u00a0<em>podemos\u00a0<\/em>y\u00a0<em>debemos\u00a0<\/em>recurrir a soluciones basadas en la naturaleza, acentuando el conocimiento ecol\u00f3gico tradicional y la conservaci\u00f3n dirigida por comunidades ind\u00edgenas.<\/p>\n<p>Puesto que los ecosistemas y las especies no conocen fronteras, desde nuestra plataforma subcontinental en la CCA, y trabajando estrechamente con los gobiernos de Canad\u00e1, Estados Unidos y M\u00e9xico, promovemos una estrategia trilateral de alcance regional en pro de la conservaci\u00f3n de la biodiversidad, con \u00e9nfasis en la conectividad y la identidad ambiental regional.<\/p>\n<p>Favorecemos la\u00a0<a href=\"https:\/\/www.cec.org\/es\/conservacion-de-pastizales-y-aves-migratorias\/\" target=\"_blank\" rel=\"noopener\">conservaci\u00f3n de h\u00e1bitats para las aves migratorias<\/a>\u00a0en los pastizales centrales de Am\u00e9rica del Norte; impulsamos la\u00a0<a href=\"https:\/\/www.cec.org\/es\/ecosistemas\/conservacion-de-la-mariposa-monarca-y-otras-especies-polinizadoras\/\" target=\"_blank\" rel=\"noopener\">conservaci\u00f3n de los polinizadores<\/a>\u00a0mediante el intercambio de herramientas para integrar inventarios de abejas nativas y mejorar su monitoreo, y\u00a0<a href=\"https:\/\/www.cec.org\/es\/aumento-de-los-cobeneficios-que-proporcionan-las-areas-marinas-protegidas\/\" target=\"_blank\" rel=\"noopener\">respaldamos una red<\/a>\u00a0de \u00e1reas marinas protegidas, ecol\u00f3gicamente representativas y conectadas, as\u00ed como otras medidas eficaces de conservaci\u00f3n por zonas.<\/p>\n<p>Verano tras verano, conjuntamente con nuestros socios y aliados de los tres pa\u00edses, procuramos la participaci\u00f3n en la iniciativa internacional de monitoreo\u00a0<a href=\"https:\/\/www.cec.org\/es\/iniciativa-internacional-de-monitoreo-blitz-monarca\/\" target=\"_blank\" rel=\"noopener\">\u201cBlitz Monarca\u201d<\/a>\u00a0de personas y comunidades que, al registrar sus observaciones de mariposas monarca y plantas de asclepia, contribuyen a un mejor conocimiento de la situaci\u00f3n de esta sorprendente mariposa y sus patrones de migraci\u00f3n, en apoyo de acciones cient\u00edficas y de conservaci\u00f3n.<\/p>\n<p>Mediante nuestros\u00a0<a href=\"https:\/\/www.cec.org\/es\/subvenciones\/\" target=\"_blank\" rel=\"noopener\">programas de subvenciones EJ4Climate y NAPECA<\/a>\u00a0contribuimos al empoderamiento de comunidades locales de Am\u00e9rica del Norte, de manera que puedan emprender medidas por su propia mano para afrontar los desaf\u00edos ambientales y los efectos del cambio clim\u00e1tico. Muchos de los casi 40 proyectos en curso que apoyamos tienen impactos positivos en la diversidad biol\u00f3gica y guardan consonancia con el nuevo marco mundial de biodiversidad.<\/p>\n<p>En nombre de la Comisi\u00f3n para la Cooperaci\u00f3n Ambiental, te invito a sumarte al movimiento en defensa del medio ambiente, actuando, colaborando, empoderando a otros y haciendo lo que a cada quien corresponde para reconstruir la diversidad biol\u00f3gica y atender la crisis clim\u00e1tica mundial. Anticipo con entusiasmo este a\u00f1o de acciones en favor de la biodiversidad, con las cuales generemos el impulso imprescindible en una d\u00e9cada tan cr\u00edtica en la historia del planeta y la humanidad.<\/p>\n","protected":false},"excerpt":{"rendered":"<p>En el\u00a0D\u00eda Internacional de la Diversidad Biol\u00f3gica\u00a0de este a\u00f1o, hacemos un llamado colectivo a que pasemos \u201cDel acuerdo a la acci\u00f3n, para reconstruir\u00a0la biodiversidad\u201d. Nos llena de orgullo haber participado en la COP15, celebrada justo aqu\u00ed en Montreal, donde 188 pa\u00edses suscribieron el hist\u00f3rico\u00a0Marco Mundial de Biodiversidad de Kunming-Montreal, que establece un ambicioso plan para [&hellip;]<\/p>\n","protected":false},"featured_media":52301,"template":"","class_list":["post-52303","news","type-news","status-publish","has-post-thumbnail","hentry","feed-cambio-climatico"],"acf":[],"yoast_head":"<!-- This site is optimized with the Yoast SEO Premium plugin v27.4 (Yoast SEO v27.4) - https:\/\/yoast.com\/product\/yoast-seo-premium-wordpress\/ -->\n<title>D\u00eda Internacional de la Biodiversidad 2023 \u2014 \u201cDel acuerdo a la acci\u00f3n: reconstruir la biodiversidad\u201d<\/title>\n<meta name=\"description\" content=\"En el\u00a0D\u00eda Internacional de la Diversidad Biol\u00f3gica\u00a0de este a\u00f1o, hacemos un llamado colectivo a que pasemos \u201cDel acuerdo a la acci\u00f3n, para reconstruir\u00a0la\" \/>\n<meta name=\"robots\" content=\"index, follow, max-snippet:-1, max-image-preview:large, max-video-preview:-1\" \/>\n<link rel=\"canonical\" href=\"https:\/\/www.cec.org\/es\/novedades\/dia-internacional-de-la-biodiversidad-2023\/\" \/>\n<meta property=\"og:locale\" content=\"es_ES\" \/>\n<meta property=\"og:type\" content=\"article\" \/>\n<meta property=\"og:title\" content=\"D\u00eda Internacional de la Biodiversidad 2023 \u2014 \u201cDel acuerdo a la acci\u00f3n: reconstruir la biodiversidad\u201d\" \/>\n<meta property=\"og:description\" content=\"En el\u00a0D\u00eda Internacional de la Diversidad Biol\u00f3gica\u00a0de este a\u00f1o, hacemos un llamado colectivo a que pasemos \u201cDel acuerdo a la acci\u00f3n, para reconstruir\u00a0la\" \/>\n<meta property=\"og:url\" content=\"https:\/\/www.cec.org\/es\/novedades\/dia-internacional-de-la-biodiversidad-2023\/\" \/>\n<meta property=\"og:site_name\" content=\"Comisi\u00f3n para la Cooperaci\u00f3n Ambiental\" \/>\n<meta property=\"article:publisher\" content=\"https:\/\/www.facebook.com\/CECconnect\" \/>\n<meta property=\"article:modified_time\" content=\"2024-07-11T19:01:03+00:00\" \/>\n<meta property=\"og:image\" content=\"https:\/\/www.cec.org\/wp-content\/uploads\/biodiversity-es.jpg\" \/>\n\t<meta property=\"og:image:width\" content=\"600\" \/>\n\t<meta property=\"og:image:height\" content=\"342\" \/>\n\t<meta property=\"og:image:type\" content=\"image\/jpeg\" \/>\n<meta name=\"twitter:card\" content=\"summary_large_image\" \/>\n<meta name=\"twitter:site\" content=\"@CECweb\" \/>\n<script type=\"application\/ld+json\" class=\"yoast-schema-graph\">{\"@context\":\"https:\\\/\\\/schema.org\",\"@graph\":[{\"@type\":\"WebPage\",\"@id\":\"https:\\\/\\\/www.cec.org\\\/es\\\/novedades\\\/dia-internacional-de-la-biodiversidad-2023\\\/\",\"url\":\"https:\\\/\\\/www.cec.org\\\/es\\\/novedades\\\/dia-internacional-de-la-biodiversidad-2023\\\/\",\"name\":\"D\u00eda Internacional de la Biodiversidad 2023 \u2014 \u201cDel acuerdo a la acci\u00f3n: reconstruir la biodiversidad\u201d\",\"isPartOf\":{\"@id\":\"https:\\\/\\\/www.cec.org\\\/es\\\/#website\"},\"primaryImageOfPage\":{\"@id\":\"https:\\\/\\\/www.cec.org\\\/es\\\/novedades\\\/dia-internacional-de-la-biodiversidad-2023\\\/#primaryimage\"},\"image\":{\"@id\":\"https:\\\/\\\/www.cec.org\\\/es\\\/novedades\\\/dia-internacional-de-la-biodiversidad-2023\\\/#primaryimage\"},\"thumbnailUrl\":\"https:\\\/\\\/www.cec.org\\\/wp-content\\\/uploads\\\/biodiversity-es.jpg\",\"datePublished\":\"2023-05-23T16:32:22+00:00\",\"dateModified\":\"2024-07-11T19:01:03+00:00\",\"description\":\"En el\u00a0D\u00eda Internacional de la Diversidad Biol\u00f3gica\u00a0de este a\u00f1o, hacemos un llamado colectivo a que pasemos \u201cDel acuerdo a la acci\u00f3n, para reconstruir\u00a0la\",\"breadcrumb\":{\"@id\":\"https:\\\/\\\/www.cec.org\\\/es\\\/novedades\\\/dia-internacional-de-la-biodiversidad-2023\\\/#breadcrumb\"},\"inLanguage\":\"es\",\"potentialAction\":[{\"@type\":\"ReadAction\",\"target\":[\"https:\\\/\\\/www.cec.org\\\/es\\\/novedades\\\/dia-internacional-de-la-biodiversidad-2023\\\/\"]}]},{\"@type\":\"ImageObject\",\"inLanguage\":\"es\",\"@id\":\"https:\\\/\\\/www.cec.org\\\/es\\\/novedades\\\/dia-internacional-de-la-biodiversidad-2023\\\/#primaryimage\",\"url\":\"https:\\\/\\\/www.cec.org\\\/wp-content\\\/uploads\\\/biodiversity-es.jpg\",\"contentUrl\":\"https:\\\/\\\/www.cec.org\\\/wp-content\\\/uploads\\\/biodiversity-es.jpg\",\"width\":600,\"height\":342,\"caption\":\"Haga clic\u00a0aqu\u00ed\u00a0para ver el mensaje del director ejecutivo de la CCA, Jorge Daniel Taillant, en conmemoraci\u00f3n del D\u00eda Internacional de la Diversidad Biol\u00f3gica.\"},{\"@type\":\"BreadcrumbList\",\"@id\":\"https:\\\/\\\/www.cec.org\\\/es\\\/novedades\\\/dia-internacional-de-la-biodiversidad-2023\\\/#breadcrumb\",\"itemListElement\":[{\"@type\":\"ListItem\",\"position\":1,\"name\":\"Inicio\",\"item\":\"https:\\\/\\\/www.cec.org\\\/es\\\/\"},{\"@type\":\"ListItem\",\"position\":2,\"name\":\"Novedades\",\"item\":\"https:\\\/\\\/www.cec.org\\\/es\\\/novedades\\\/\"},{\"@type\":\"ListItem\",\"position\":3,\"name\":\"D\u00eda Internacional de la Biodiversidad 2023 \u2014 \u201cDel acuerdo a la acci\u00f3n: reconstruir la biodiversidad\u201d\"}]},{\"@type\":\"WebSite\",\"@id\":\"https:\\\/\\\/www.cec.org\\\/es\\\/#website\",\"url\":\"https:\\\/\\\/www.cec.org\\\/es\\\/\",\"name\":\"Commission for Environmental Cooperation\",\"description\":\"Three countries working together to protect our shared environment\",\"alternateName\":\"CEC - CCA -CCE\",\"potentialAction\":[{\"@type\":\"SearchAction\",\"target\":{\"@type\":\"EntryPoint\",\"urlTemplate\":\"https:\\\/\\\/www.cec.org\\\/es\\\/?s={search_term_string}\"},\"query-input\":{\"@type\":\"PropertyValueSpecification\",\"valueRequired\":true,\"valueName\":\"search_term_string\"}}],\"inLanguage\":\"es\"}]}<\/script>\n<!-- \/ Yoast SEO Premium plugin. -->","yoast_head_json":{"title":"D\u00eda Internacional de la Biodiversidad 2023 \u2014 \u201cDel acuerdo a la acci\u00f3n: reconstruir la biodiversidad\u201d","description":"En el\u00a0D\u00eda Internacional de la Diversidad Biol\u00f3gica\u00a0de este a\u00f1o, hacemos un llamado colectivo a que pasemos \u201cDel acuerdo a la acci\u00f3n, para reconstruir\u00a0la","robots":{"index":"index","follow":"follow","max-snippet":"max-snippet:-1","max-image-preview":"max-image-preview:large","max-video-preview":"max-video-preview:-1"},"canonical":"https:\/\/www.cec.org\/es\/novedades\/dia-internacional-de-la-biodiversidad-2023\/","og_locale":"es_ES","og_type":"article","og_title":"D\u00eda Internacional de la Biodiversidad 2023 \u2014 \u201cDel acuerdo a la acci\u00f3n: reconstruir la biodiversidad\u201d","og_description":"En el\u00a0D\u00eda Internacional de la Diversidad Biol\u00f3gica\u00a0de este a\u00f1o, hacemos un llamado colectivo a que pasemos \u201cDel acuerdo a la acci\u00f3n, para reconstruir\u00a0la","og_url":"https:\/\/www.cec.org\/es\/novedades\/dia-internacional-de-la-biodiversidad-2023\/","og_site_name":"Comisi\u00f3n para la Cooperaci\u00f3n Ambiental","article_publisher":"https:\/\/www.facebook.com\/CECconnect","article_modified_time":"2024-07-11T19:01:03+00:00","og_image":[{"width":600,"height":342,"url":"https:\/\/www.cec.org\/wp-content\/uploads\/biodiversity-es.jpg","type":"image\/jpeg"}],"twitter_card":"summary_large_image","twitter_site":"@CECweb","schema":{"@context":"https:\/\/schema.org","@graph":[{"@type":"WebPage","@id":"https:\/\/www.cec.org\/es\/novedades\/dia-internacional-de-la-biodiversidad-2023\/","url":"https:\/\/www.cec.org\/es\/novedades\/dia-internacional-de-la-biodiversidad-2023\/","name":"D\u00eda Internacional de la Biodiversidad 2023 \u2014 \u201cDel acuerdo a la acci\u00f3n: reconstruir la biodiversidad\u201d","isPartOf":{"@id":"https:\/\/www.cec.org\/es\/#website"},"primaryImageOfPage":{"@id":"https:\/\/www.cec.org\/es\/novedades\/dia-internacional-de-la-biodiversidad-2023\/#primaryimage"},"image":{"@id":"https:\/\/www.cec.org\/es\/novedades\/dia-internacional-de-la-biodiversidad-2023\/#primaryimage"},"thumbnailUrl":"https:\/\/www.cec.org\/wp-content\/uploads\/biodiversity-es.jpg","datePublished":"2023-05-23T16:32:22+00:00","dateModified":"2024-07-11T19:01:03+00:00","description":"En el\u00a0D\u00eda Internacional de la Diversidad Biol\u00f3gica\u00a0de este a\u00f1o, hacemos un llamado colectivo a que pasemos \u201cDel acuerdo a la acci\u00f3n, para reconstruir\u00a0la","breadcrumb":{"@id":"https:\/\/www.cec.org\/es\/novedades\/dia-internacional-de-la-biodiversidad-2023\/#breadcrumb"},"inLanguage":"es","potentialAction":[{"@type":"ReadAction","target":["https:\/\/www.cec.org\/es\/novedades\/dia-internacional-de-la-biodiversidad-2023\/"]}]},{"@type":"ImageObject","inLanguage":"es","@id":"https:\/\/www.cec.org\/es\/novedades\/dia-internacional-de-la-biodiversidad-2023\/#primaryimage","url":"https:\/\/www.cec.org\/wp-content\/uploads\/biodiversity-es.jpg","contentUrl":"https:\/\/www.cec.org\/wp-content\/uploads\/biodiversity-es.jpg","width":600,"height":342,"caption":"Haga clic\u00a0aqu\u00ed\u00a0para ver el mensaje del director ejecutivo de la CCA, Jorge Daniel Taillant, en conmemoraci\u00f3n del D\u00eda Internacional de la Diversidad Biol\u00f3gica."},{"@type":"BreadcrumbList","@id":"https:\/\/www.cec.org\/es\/novedades\/dia-internacional-de-la-biodiversidad-2023\/#breadcrumb","itemListElement":[{"@type":"ListItem","position":1,"name":"Inicio","item":"https:\/\/www.cec.org\/es\/"},{"@type":"ListItem","position":2,"name":"Novedades","item":"https:\/\/www.cec.org\/es\/novedades\/"},{"@type":"ListItem","position":3,"name":"D\u00eda Internacional de la Biodiversidad 2023 \u2014 \u201cDel acuerdo a la acci\u00f3n: reconstruir la biodiversidad\u201d"}]},{"@type":"WebSite","@id":"https:\/\/www.cec.org\/es\/#website","url":"https:\/\/www.cec.org\/es\/","name":"Commission for Environmental Cooperation","description":"Three countries working together to protect our shared environment","alternateName":"CEC - CCA -CCE","potentialAction":[{"@type":"SearchAction","target":{"@type":"EntryPoint","urlTemplate":"https:\/\/www.cec.org\/es\/?s={search_term_string}"},"query-input":{"@type":"PropertyValueSpecification","valueRequired":true,"valueName":"search_term_string"}}],"inLanguage":"es"}]}},"_links":{"self":[{"href":"https:\/\/www.cec.org\/es\/wp-json\/wp\/v2\/news\/52303","targetHints":{"allow":["GET"]}}],"collection":[{"href":"https:\/\/www.cec.org\/es\/wp-json\/wp\/v2\/news"}],"about":[{"href":"https:\/\/www.cec.org\/es\/wp-json\/wp\/v2\/types\/news"}],"wp:featuredmedia":[{"embeddable":true,"href":"https:\/\/www.cec.org\/es\/wp-json\/wp\/v2\/media\/52301"}],"wp:attachment":[{"href":"https:\/\/www.cec.org\/es\/wp-json\/wp\/v2\/media?parent=52303"}],"curies":[{"name":"wp","href":"https:\/\/api.w.org\/{rel}","templated":true}]}}