{"id":51580,"date":"2023-02-21T11:05:52","date_gmt":"2023-02-21T16:05:52","guid":{"rendered":"http:\/\/www.cec.org\/media\/media-releases\/se-lanza-hoy-el-desafio-juvenil-para-la-innovacion-2023-en-toda-america-del-norte\/"},"modified":"2026-01-24T13:49:51","modified_gmt":"2026-01-24T18:49:51","slug":"se-lanza-hoy-el-desafio-juvenil-para-la-innovacion-2023-en-toda-america-del-norte","status":"publish","type":"news","link":"https:\/\/www.cec.org\/es\/novedades\/se-lanza-hoy-el-desafio-juvenil-para-la-innovacion-2023-en-toda-america-del-norte\/","title":{"rendered":"Se lanza hoy el Desaf\u00edo Juvenil para la Innovaci\u00f3n 2023 en toda Am\u00e9rica del Norte"},"content":{"rendered":"<p><strong>Montreal, 21 de febrero de 2023.\u00a0<\/strong>La\u00a0<a href=\"https:\/\/www.cec.org\/es\/\">Comisi\u00f3n para la Cooperaci\u00f3n Ambiental<\/a>\u00a0(CCA) lanza hoy la edici\u00f3n 2023 de su\u00a0<a href=\"https:\/\/www.cec.org\/es\/iniciativas-para-la-juventud\/soluciones-relacionadas-con-el-agua-para-el-desarrollo-sustentable\/\" target=\"_blank\" rel=\"noopener\">Desaf\u00edo Juvenil para la Innovaci\u00f3n<\/a>\u00a0e invita a j\u00f3venes de Canad\u00e1, Estados Unidos y M\u00e9xico a presentar soluciones innovadoras que aborden retos relacionados con el agua y la sustentabilidad.<\/p>\n<p><strong>\u00a1Convi\u00e9rtete en un agente de cambio!<\/strong><\/p>\n<p>El Desaf\u00edo 2023 est\u00e1 orientado a la b\u00fasqueda de soluciones novedosas que respondan a las siguientes problem\u00e1ticas en materia de agua:<\/p>\n<ul>\n<li>Aumento en la frecuencia de las sequ\u00edas, la deforestaci\u00f3n, los incendios forestales y las inundaciones<\/li>\n<li>Cambio clim\u00e1tico<\/li>\n<li>Descarga de sustancias qu\u00edmicas t\u00f3xicas en aguas superficiales<\/li>\n<li>Agotamiento de los recursos h\u00eddricos subterr\u00e1neos<\/li>\n<li>Basura en cuerpos de agua e introducci\u00f3n de pl\u00e1sticos, nutrientes y nuevos contaminantes en el suministro de agua<\/li>\n<li>Otros problemas cr\u00edticos relacionados con el agua<\/li>\n<\/ul>\n<p>La edici\u00f3n de este a\u00f1o tambi\u00e9n respaldar\u00e1 las actividades que se llevan a cabo en el marco de la iniciativa de las Naciones Unidas \u201c<a href=\"https:\/\/www.un.org\/es\/events\/waterdecade\/\" target=\"_blank\" rel=\"noopener\">Decenio Internacional para la Acci\u00f3n: Agua para el Desarrollo Sostenible<\/a>\u201d, enfocadas especialmente en la relaci\u00f3n entre el vital l\u00edquido y el cambio clim\u00e1tico.<\/p>\n<p>Las soluciones de los participantes deber\u00e1n demostrar potencial para generar beneficios para el medio ambiente y un impacto directo en las comunidades, as\u00ed como prestar especial atenci\u00f3n a la equidad, sobre todo desde los puntos de vista social, ambiental y econ\u00f3mico.<\/p>\n<p><strong>\u00a1El Desaf\u00edo Juvenil para la Innovaci\u00f3n 2023 otorgar\u00e1 como premio: financiamiento, tutor\u00eda y la oportunidad de un encuentro con los funcionarios de medio ambiente de m\u00e1s alto rango de Am\u00e9rica del Norte!<\/strong><\/p>\n<p>Adem\u00e1s de recibir 15,000 d\u00f3lares canadienses a manera de financiamiento inicial (capital semilla), las personas ganadoras tendr\u00e1n la oportunidad \u00fanica de:<\/p>\n<ul>\n<li>Presentar su soluci\u00f3n en la sesi\u00f3n de Consejo de 2023, a celebrarse en Columbia Brit\u00e1nica, Canad\u00e1.<\/li>\n<li>Recibir, durante todo un a\u00f1o, tutor\u00eda orientada al desarrollo de habilidades para la presentaci\u00f3n de proyectos, obtenci\u00f3n de financiamiento, aspectos de mercadotecnia y trabajo en redes.<\/li>\n<li>Beneficiarse de oportunidades de visibilidad y comunicaci\u00f3n a trav\u00e9s de los canales digitales de la CCA y, posiblemente, en los de socios o aliados de la organizaci\u00f3n.<\/li>\n<\/ul>\n<p><strong>C\u00f3mo participar<\/strong><\/p>\n<p>El Desaf\u00edo est\u00e1 abierto a j\u00f3venes (de 18 a 30 a\u00f1os de edad) que residan en Canad\u00e1, Estados Unidos o M\u00e9xico. Las soluciones \u2014que podr\u00e1n presentarse en espa\u00f1ol, franc\u00e9s o ingl\u00e9s\u2014 se evaluar\u00e1n en funci\u00f3n de cuatro criterios:\u00a0<em>impacto<\/em>,\u00a0<em>innovaci\u00f3n<\/em>,\u00a0<em>viabilidad y reproducibilidad<\/em>, y\u00a0<em>valor econ\u00f3mico<\/em>. Consulta nuestros criterios y bases de participaci\u00f3n y env\u00eda tu soluci\u00f3n a trav\u00e9s de la plataforma\u00a0<a href=\"https:\/\/cec.submittable.com\/submit\">Submittable<\/a>.<\/p>\n<p>Tienes hasta el 3 de abril de 2023 para hacernos llegar tu idea innovadora. Te invitamos, asimismo, a sumarte a la conversaci\u00f3n en\u00a0<a href=\"https:\/\/www.facebook.com\/CCAconecta\">Facebook<\/a>,\u00a0<a href=\"https:\/\/twitter.com\/CCA_Espanol\">Twitter<\/a>,\u00a0<a href=\"https:\/\/www.linkedin.com\/company\/commission-for-environmental-cooperation-of-north-america\">LinkedIn<\/a>\u00a0e\u00a0<a href=\"https:\/\/www.instagram.com\/ccaamericadelnorte\/\">Instagram<\/a>, usando la etiqueta #J\u00f3venesInnovan.<\/p>\n","protected":false},"excerpt":{"rendered":"<p>Montreal, 21 de febrero de 2023.\u00a0La\u00a0Comisi\u00f3n para la Cooperaci\u00f3n Ambiental\u00a0(CCA) lanza hoy la edici\u00f3n 2023 de su\u00a0Desaf\u00edo Juvenil para la Innovaci\u00f3n\u00a0e invita a j\u00f3venes de Canad\u00e1, Estados Unidos y M\u00e9xico a presentar soluciones innovadoras que aborden retos relacionados con el agua y la sustentabilidad. \u00a1Convi\u00e9rtete en un agente de cambio! El Desaf\u00edo 2023 est\u00e1 orientado [&hellip;]<\/p>\n","protected":false},"featured_media":51576,"template":"","class_list":["post-51580","news","type-news","status-publish","has-post-thumbnail","hentry","feed-cambio-climatico","feed-participacion-juvenil"],"acf":[],"yoast_head":"<!-- This site is optimized with the Yoast SEO Premium plugin v27.4 (Yoast SEO v27.4) - https:\/\/yoast.com\/product\/yoast-seo-premium-wordpress\/ -->\n<title>Se lanza hoy el Desaf\u00edo Juvenil para la Innovaci\u00f3n 2023 en toda Am\u00e9rica del Norte<\/title>\n<meta name=\"description\" content=\"Montreal, 21 de febrero de 2023.\u00a0La\u00a0Comisi\u00f3n para la Cooperaci\u00f3n Ambiental\u00a0(CCA) lanza hoy la edici\u00f3n 2023 de su\u00a0Desaf\u00edo Juvenil para la Innovaci\u00f3n\u00a0e\" \/>\n<meta name=\"robots\" content=\"index, follow, max-snippet:-1, max-image-preview:large, max-video-preview:-1\" \/>\n<link rel=\"canonical\" href=\"https:\/\/www.cec.org\/es\/novedades\/se-lanza-hoy-el-desafio-juvenil-para-la-innovacion-2023-en-toda-america-del-norte\/\" \/>\n<meta property=\"og:locale\" content=\"es_ES\" \/>\n<meta property=\"og:type\" content=\"article\" \/>\n<meta property=\"og:title\" content=\"Se lanza hoy el Desaf\u00edo Juvenil para la Innovaci\u00f3n 2023 en toda Am\u00e9rica del Norte\" \/>\n<meta property=\"og:description\" content=\"Montreal, 21 de febrero de 2023.\u00a0La\u00a0Comisi\u00f3n para la Cooperaci\u00f3n Ambiental\u00a0(CCA) lanza hoy la edici\u00f3n 2023 de su\u00a0Desaf\u00edo Juvenil para la Innovaci\u00f3n\u00a0e\" \/>\n<meta property=\"og:url\" content=\"https:\/\/www.cec.org\/es\/novedades\/se-lanza-hoy-el-desafio-juvenil-para-la-innovacion-2023-en-toda-america-del-norte\/\" \/>\n<meta property=\"og:site_name\" content=\"Comisi\u00f3n para la Cooperaci\u00f3n Ambiental\" \/>\n<meta property=\"article:publisher\" content=\"https:\/\/www.facebook.com\/CECconnect\" \/>\n<meta property=\"article:modified_time\" content=\"2026-01-24T18:49:51+00:00\" \/>\n<meta property=\"og:image\" content=\"https:\/\/www.cec.org\/wp-content\/uploads\/cec-yic-2023_es-1.jpg\" \/>\n\t<meta property=\"og:image:width\" content=\"600\" \/>\n\t<meta property=\"og:image:height\" content=\"342\" \/>\n\t<meta property=\"og:image:type\" content=\"image\/jpeg\" \/>\n<meta name=\"twitter:card\" content=\"summary_large_image\" \/>\n<meta name=\"twitter:site\" content=\"@CECweb\" \/>\n<script type=\"application\/ld+json\" class=\"yoast-schema-graph\">{\"@context\":\"https:\\\/\\\/schema.org\",\"@graph\":[{\"@type\":\"WebPage\",\"@id\":\"https:\\\/\\\/www.cec.org\\\/es\\\/novedades\\\/se-lanza-hoy-el-desafio-juvenil-para-la-innovacion-2023-en-toda-america-del-norte\\\/\",\"url\":\"https:\\\/\\\/www.cec.org\\\/es\\\/novedades\\\/se-lanza-hoy-el-desafio-juvenil-para-la-innovacion-2023-en-toda-america-del-norte\\\/\",\"name\":\"Se lanza hoy el Desaf\u00edo Juvenil para la Innovaci\u00f3n 2023 en toda Am\u00e9rica del Norte\",\"isPartOf\":{\"@id\":\"https:\\\/\\\/www.cec.org\\\/es\\\/#website\"},\"primaryImageOfPage\":{\"@id\":\"https:\\\/\\\/www.cec.org\\\/es\\\/novedades\\\/se-lanza-hoy-el-desafio-juvenil-para-la-innovacion-2023-en-toda-america-del-norte\\\/#primaryimage\"},\"image\":{\"@id\":\"https:\\\/\\\/www.cec.org\\\/es\\\/novedades\\\/se-lanza-hoy-el-desafio-juvenil-para-la-innovacion-2023-en-toda-america-del-norte\\\/#primaryimage\"},\"thumbnailUrl\":\"https:\\\/\\\/www.cec.org\\\/wp-content\\\/uploads\\\/cec-yic-2023_es-1.jpg\",\"datePublished\":\"2023-02-21T16:05:52+00:00\",\"dateModified\":\"2026-01-24T18:49:51+00:00\",\"description\":\"Montreal, 21 de febrero de 2023.\u00a0La\u00a0Comisi\u00f3n para la Cooperaci\u00f3n Ambiental\u00a0(CCA) lanza hoy la edici\u00f3n 2023 de su\u00a0Desaf\u00edo Juvenil para la Innovaci\u00f3n\u00a0e\",\"breadcrumb\":{\"@id\":\"https:\\\/\\\/www.cec.org\\\/es\\\/novedades\\\/se-lanza-hoy-el-desafio-juvenil-para-la-innovacion-2023-en-toda-america-del-norte\\\/#breadcrumb\"},\"inLanguage\":\"es\",\"potentialAction\":[{\"@type\":\"ReadAction\",\"target\":[\"https:\\\/\\\/www.cec.org\\\/es\\\/novedades\\\/se-lanza-hoy-el-desafio-juvenil-para-la-innovacion-2023-en-toda-america-del-norte\\\/\"]}]},{\"@type\":\"ImageObject\",\"inLanguage\":\"es\",\"@id\":\"https:\\\/\\\/www.cec.org\\\/es\\\/novedades\\\/se-lanza-hoy-el-desafio-juvenil-para-la-innovacion-2023-en-toda-america-del-norte\\\/#primaryimage\",\"url\":\"https:\\\/\\\/www.cec.org\\\/wp-content\\\/uploads\\\/cec-yic-2023_es-1.jpg\",\"contentUrl\":\"https:\\\/\\\/www.cec.org\\\/wp-content\\\/uploads\\\/cec-yic-2023_es-1.jpg\",\"width\":600,\"height\":342,\"caption\":\"El tema de este a\u00f1o: soluciones relacionadas con el agua para el desarrollo sustentable.\"},{\"@type\":\"BreadcrumbList\",\"@id\":\"https:\\\/\\\/www.cec.org\\\/es\\\/novedades\\\/se-lanza-hoy-el-desafio-juvenil-para-la-innovacion-2023-en-toda-america-del-norte\\\/#breadcrumb\",\"itemListElement\":[{\"@type\":\"ListItem\",\"position\":1,\"name\":\"Inicio\",\"item\":\"https:\\\/\\\/www.cec.org\\\/es\\\/\"},{\"@type\":\"ListItem\",\"position\":2,\"name\":\"Novedades\",\"item\":\"https:\\\/\\\/www.cec.org\\\/es\\\/novedades\\\/\"},{\"@type\":\"ListItem\",\"position\":3,\"name\":\"Se lanza hoy el Desaf\u00edo Juvenil para la Innovaci\u00f3n 2023 en toda Am\u00e9rica del Norte\"}]},{\"@type\":\"WebSite\",\"@id\":\"https:\\\/\\\/www.cec.org\\\/es\\\/#website\",\"url\":\"https:\\\/\\\/www.cec.org\\\/es\\\/\",\"name\":\"Commission for Environmental Cooperation\",\"description\":\"Three countries working together to protect our shared environment\",\"alternateName\":\"CEC - CCA -CCE\",\"potentialAction\":[{\"@type\":\"SearchAction\",\"target\":{\"@type\":\"EntryPoint\",\"urlTemplate\":\"https:\\\/\\\/www.cec.org\\\/es\\\/?s={search_term_string}\"},\"query-input\":{\"@type\":\"PropertyValueSpecification\",\"valueRequired\":true,\"valueName\":\"search_term_string\"}}],\"inLanguage\":\"es\"}]}<\/script>\n<!-- \/ Yoast SEO Premium plugin. -->","yoast_head_json":{"title":"Se lanza hoy el Desaf\u00edo Juvenil para la Innovaci\u00f3n 2023 en toda Am\u00e9rica del Norte","description":"Montreal, 21 de febrero de 2023.\u00a0La\u00a0Comisi\u00f3n para la Cooperaci\u00f3n Ambiental\u00a0(CCA) lanza hoy la edici\u00f3n 2023 de su\u00a0Desaf\u00edo Juvenil para la Innovaci\u00f3n\u00a0e","robots":{"index":"index","follow":"follow","max-snippet":"max-snippet:-1","max-image-preview":"max-image-preview:large","max-video-preview":"max-video-preview:-1"},"canonical":"https:\/\/www.cec.org\/es\/novedades\/se-lanza-hoy-el-desafio-juvenil-para-la-innovacion-2023-en-toda-america-del-norte\/","og_locale":"es_ES","og_type":"article","og_title":"Se lanza hoy el Desaf\u00edo Juvenil para la Innovaci\u00f3n 2023 en toda Am\u00e9rica del Norte","og_description":"Montreal, 21 de febrero de 2023.\u00a0La\u00a0Comisi\u00f3n para la Cooperaci\u00f3n Ambiental\u00a0(CCA) lanza hoy la edici\u00f3n 2023 de su\u00a0Desaf\u00edo Juvenil para la Innovaci\u00f3n\u00a0e","og_url":"https:\/\/www.cec.org\/es\/novedades\/se-lanza-hoy-el-desafio-juvenil-para-la-innovacion-2023-en-toda-america-del-norte\/","og_site_name":"Comisi\u00f3n para la Cooperaci\u00f3n Ambiental","article_publisher":"https:\/\/www.facebook.com\/CECconnect","article_modified_time":"2026-01-24T18:49:51+00:00","og_image":[{"width":600,"height":342,"url":"https:\/\/www.cec.org\/wp-content\/uploads\/cec-yic-2023_es-1.jpg","type":"image\/jpeg"}],"twitter_card":"summary_large_image","twitter_site":"@CECweb","schema":{"@context":"https:\/\/schema.org","@graph":[{"@type":"WebPage","@id":"https:\/\/www.cec.org\/es\/novedades\/se-lanza-hoy-el-desafio-juvenil-para-la-innovacion-2023-en-toda-america-del-norte\/","url":"https:\/\/www.cec.org\/es\/novedades\/se-lanza-hoy-el-desafio-juvenil-para-la-innovacion-2023-en-toda-america-del-norte\/","name":"Se lanza hoy el Desaf\u00edo Juvenil para la Innovaci\u00f3n 2023 en toda Am\u00e9rica del Norte","isPartOf":{"@id":"https:\/\/www.cec.org\/es\/#website"},"primaryImageOfPage":{"@id":"https:\/\/www.cec.org\/es\/novedades\/se-lanza-hoy-el-desafio-juvenil-para-la-innovacion-2023-en-toda-america-del-norte\/#primaryimage"},"image":{"@id":"https:\/\/www.cec.org\/es\/novedades\/se-lanza-hoy-el-desafio-juvenil-para-la-innovacion-2023-en-toda-america-del-norte\/#primaryimage"},"thumbnailUrl":"https:\/\/www.cec.org\/wp-content\/uploads\/cec-yic-2023_es-1.jpg","datePublished":"2023-02-21T16:05:52+00:00","dateModified":"2026-01-24T18:49:51+00:00","description":"Montreal, 21 de febrero de 2023.\u00a0La\u00a0Comisi\u00f3n para la Cooperaci\u00f3n Ambiental\u00a0(CCA) lanza hoy la edici\u00f3n 2023 de su\u00a0Desaf\u00edo Juvenil para la Innovaci\u00f3n\u00a0e","breadcrumb":{"@id":"https:\/\/www.cec.org\/es\/novedades\/se-lanza-hoy-el-desafio-juvenil-para-la-innovacion-2023-en-toda-america-del-norte\/#breadcrumb"},"inLanguage":"es","potentialAction":[{"@type":"ReadAction","target":["https:\/\/www.cec.org\/es\/novedades\/se-lanza-hoy-el-desafio-juvenil-para-la-innovacion-2023-en-toda-america-del-norte\/"]}]},{"@type":"ImageObject","inLanguage":"es","@id":"https:\/\/www.cec.org\/es\/novedades\/se-lanza-hoy-el-desafio-juvenil-para-la-innovacion-2023-en-toda-america-del-norte\/#primaryimage","url":"https:\/\/www.cec.org\/wp-content\/uploads\/cec-yic-2023_es-1.jpg","contentUrl":"https:\/\/www.cec.org\/wp-content\/uploads\/cec-yic-2023_es-1.jpg","width":600,"height":342,"caption":"El tema de este a\u00f1o: soluciones relacionadas con el agua para el desarrollo sustentable."},{"@type":"BreadcrumbList","@id":"https:\/\/www.cec.org\/es\/novedades\/se-lanza-hoy-el-desafio-juvenil-para-la-innovacion-2023-en-toda-america-del-norte\/#breadcrumb","itemListElement":[{"@type":"ListItem","position":1,"name":"Inicio","item":"https:\/\/www.cec.org\/es\/"},{"@type":"ListItem","position":2,"name":"Novedades","item":"https:\/\/www.cec.org\/es\/novedades\/"},{"@type":"ListItem","position":3,"name":"Se lanza hoy el Desaf\u00edo Juvenil para la Innovaci\u00f3n 2023 en toda Am\u00e9rica del Norte"}]},{"@type":"WebSite","@id":"https:\/\/www.cec.org\/es\/#website","url":"https:\/\/www.cec.org\/es\/","name":"Commission for Environmental Cooperation","description":"Three countries working together to protect our shared environment","alternateName":"CEC - CCA -CCE","potentialAction":[{"@type":"SearchAction","target":{"@type":"EntryPoint","urlTemplate":"https:\/\/www.cec.org\/es\/?s={search_term_string}"},"query-input":{"@type":"PropertyValueSpecification","valueRequired":true,"valueName":"search_term_string"}}],"inLanguage":"es"}]}},"_links":{"self":[{"href":"https:\/\/www.cec.org\/es\/wp-json\/wp\/v2\/news\/51580","targetHints":{"allow":["GET"]}}],"collection":[{"href":"https:\/\/www.cec.org\/es\/wp-json\/wp\/v2\/news"}],"about":[{"href":"https:\/\/www.cec.org\/es\/wp-json\/wp\/v2\/types\/news"}],"wp:featuredmedia":[{"embeddable":true,"href":"https:\/\/www.cec.org\/es\/wp-json\/wp\/v2\/media\/51576"}],"wp:attachment":[{"href":"https:\/\/www.cec.org\/es\/wp-json\/wp\/v2\/media?parent=51580"}],"curies":[{"name":"wp","href":"https:\/\/api.w.org\/{rel}","templated":true}]}}