{"id":50852,"date":"2022-11-04T16:34:20","date_gmt":"2022-11-04T20:34:20","guid":{"rendered":"http:\/\/www.cec.org\/newsletter\/danos-tu-opinion-consulta-publica-sobre-el-nuevo-proyecto-red-de-comunidades-por-la-justicia-ambiental-de-la-cca\/"},"modified":"2024-07-11T15:01:12","modified_gmt":"2024-07-11T19:01:12","slug":"danos-tu-opinion-consulta-publica-sobre-el-nuevo-proyecto-red-de-comunidades-por-la-justicia-ambiental-de-la-cca","status":"publish","type":"news","link":"https:\/\/www.cec.org\/es\/novedades\/danos-tu-opinion-consulta-publica-sobre-el-nuevo-proyecto-red-de-comunidades-por-la-justicia-ambiental-de-la-cca\/","title":{"rendered":"Danos tu opini\u00f3n: Consulta p\u00fablica sobre el nuevo proyecto <em>Red de Comunidades por la Justicia Ambiental<\/em> de la CCA"},"content":{"rendered":"<p>En los pr\u00f3ximos meses, la\u00a0<a href=\"https:\/\/www.cec.org\/es\/\">Comisi\u00f3n para la Cooperaci\u00f3n Ambiental (CCA)<\/a>\u00a0trabajar\u00e1 con comunidades de todos los rincones de Am\u00e9rica del Norte a fin de iniciar la implementaci\u00f3n del proyecto\u00a0<strong><em>Red de Comunidades por la Justicia Ambiental<\/em>\u00a0(RCJA)<\/strong>. Como parte de ese proceso, y a medida que avanzamos en la integraci\u00f3n de esta red, el\u00a0<a href=\"https:\/\/www.cec.org\/es\/acerca-de-la-cca\/comite-consultivo-publico-conjunto\/\">Comit\u00e9 Consultivo P\u00fablico Conjunto (CCPC)<\/a>\u00a0est\u00e1 organizando una<strong>\u00a0consulta p\u00fablica<\/strong>\u00a0para ayudar a guiar y afianzar la ejecuci\u00f3n del proyecto.<\/p>\n<p>La Red de Comunidades por la Justicia Ambiental tiene como objetivo facilitar un foro de intercambio, establecimiento de relaciones y desarrollo de capacidades para las comunidades con experiencia o preocupaciones en materia de justicia ambiental. Al participar en la RCJA, las comunidades colaborar\u00e1n en la preparaci\u00f3n de recursos y contribuir\u00e1n a difundir conocimientos en beneficio de poblaciones ind\u00edgenas, locales, vulnerables, desfavorecidas o desatendidas. Los miembros fundadores de la red integrar\u00e1n una biblioteca virtual de recursos orientada a apoyar las capacidades de comunidades de toda Am\u00e9rica del Norte para adaptarse al cambio clim\u00e1tico y mitigar sus efectos.<\/p>\n<p>El texto completo de la descripci\u00f3n preliminar del proyecto puede consultarse\u00a0<a href=\"http:\/\/www.cec.org\/files\/documents\/communities-for-environmental-justice-network-es.pdf\" target=\"_blank\" rel=\"noopener\">aqu\u00ed<\/a>.<\/p>\n<p>El CCPC invita a personas, comunidades y organizaciones de Canad\u00e1, Estados Unidos y M\u00e9xico con conocimientos sobre temas relacionados con el desarrollo comunitario y de redes, la justicia ambiental, y la mitigaci\u00f3n y adaptaci\u00f3n al cambio clim\u00e1tico a\u00a0<strong>enviar sus comentarios, perspectivas e ideas\u00a0<a href=\"https:\/\/www.cec.org\/es\/consultations\/consulta-publica-del-ccpc-sobre-nuevo-proyecto-de-la-cca-para-crear-una-red-de-comunidades-en-favor-de-la-justicia-ambiental-en-america-del-norte\/\" target=\"_blank\" rel=\"noopener\">aqu\u00ed<\/a><\/strong>.<\/p>\n<p>Con base en los comentarios recibidos del p\u00fablico, el CCPC formular\u00e1 una\u00a0<a href=\"https:\/\/www.cec.org\/es\/documentos\/?_da_document_type=recomendacion-al-consejo\">recomendaci\u00f3n<\/a>\u00a0oficial al\u00a0<a href=\"https:\/\/www.cec.org\/es\/acerca-de-la-cca\/consejo\/\">Consejo<\/a>\u00a0de la CCA \u2014\u00f3rgano integrado por los ministros de medio ambiente de Canad\u00e1, Estados Unidos y M\u00e9xico\u2014, la cual incluir\u00e1 observaciones relacionadas con el proyecto, as\u00ed como sugerencias a efecto de maximizar el \u00e9xito de su ejecuci\u00f3n.<\/p>\n<p>La fecha l\u00edmite para enviar comentarios es el\u00a0<strong>23 de noviembre de 2022<\/strong>.<\/p>\n<p><strong><em>\u00bfQu\u00e9 nos gustar\u00eda saber?<\/em><\/strong><br \/>\nPreguntas:<\/p>\n<ol>\n<li>\u00bfCu\u00e1les son algunos de los retos comunes a los que se enfrentan las comunidades al considerar marcos de justicia ambiental que les permitan adaptarse al cambio clim\u00e1tico y mitigar sus efectos?<\/li>\n<li>\u00bfQu\u00e9 sugerencias tiene por cuanto a la creaci\u00f3n de redes de colaboraci\u00f3n entre comunidades que se est\u00e1n ocupando de la adaptaci\u00f3n al cambio clim\u00e1tico y su mitigaci\u00f3n con una perspectiva de justicia ambiental? \u00bfTiene alguna recomendaci\u00f3n espec\u00edfica para garantizar que la RCJA sea de larga duraci\u00f3n y autosuficiente?<\/li>\n<li>Comparta ejemplos de herramientas, recursos o productos (por ejemplo, sitios web, videos, infograf\u00edas, folletos, entre otros) que su comunidad u organizaci\u00f3n hayan utilizado de manera eficaz como medio para compartir o intercambiar con otras comunidades, o entre su propia red de colaboradores en favor de la justicia ambiental, informaci\u00f3n sobre medidas de adaptaci\u00f3n al cambio clim\u00e1tico y mitigaci\u00f3n de sus efectos.<\/li>\n<li>\u00bfConoce organismos, organizaciones, instituciones o comunidades (por ejemplo, instituciones acad\u00e9micas, redes locales, representantes de la comunidad u organizaciones juveniles) con inter\u00e9s en recibir informaci\u00f3n sobre la Red de comunidades en favor de la justicia ambiental? De ser as\u00ed, incluya los respectivos nombres y datos de contacto (incluido correo electr\u00f3nico), al igual que URL del sitio web, seg\u00fan proceda.<\/li>\n<li>A\u00f1ada, por favor, cualquier comentario que desee compartir con nosotros en relaci\u00f3n con el proyecto.<\/li>\n<\/ol>\n<div style=\"text-align: center;\"><a href=\"https:\/\/www.cec.org\/es\/consultations\/consulta-publica-del-ccpc-sobre-nuevo-proyecto-de-la-cca-para-crear-una-red-de-comunidades-en-favor-de-la-justicia-ambiental-en-america-del-norte\/\" target=\"_blank\" rel=\"noopener\">\u00a1Da tu opini\u00f3n!<\/a><\/div>\n","protected":false},"excerpt":{"rendered":"<p>En los pr\u00f3ximos meses, la\u00a0Comisi\u00f3n para la Cooperaci\u00f3n Ambiental (CCA)\u00a0trabajar\u00e1 con comunidades de todos los rincones de Am\u00e9rica del Norte a fin de iniciar la implementaci\u00f3n del proyecto\u00a0Red de Comunidades por la Justicia Ambiental\u00a0(RCJA). Como parte de ese proceso, y a medida que avanzamos en la integraci\u00f3n de esta red, el\u00a0Comit\u00e9 Consultivo P\u00fablico Conjunto (CCPC)\u00a0est\u00e1 [&hellip;]<\/p>\n","protected":false},"featured_media":50758,"template":"","class_list":["post-50852","news","type-news","status-publish","has-post-thumbnail","hentry","feed-cambio-climatico","feed-ccpc"],"acf":[],"yoast_head":"<!-- This site is optimized with the Yoast SEO Premium plugin v27.4 (Yoast SEO v27.4) - https:\/\/yoast.com\/product\/yoast-seo-premium-wordpress\/ -->\n<title>Consulta p\u00fablica sobre el nuevo proyecto Red de Comunidades por la Justicia Ambiental<\/title>\n<meta name=\"description\" content=\"En los pr\u00f3ximos meses, la\u00a0Comisi\u00f3n para la Cooperaci\u00f3n Ambiental (CCA)\u00a0trabajar\u00e1 con comunidades de todos los rincones de Am\u00e9rica del Norte a fin de\" \/>\n<meta name=\"robots\" content=\"index, follow, max-snippet:-1, max-image-preview:large, max-video-preview:-1\" \/>\n<link rel=\"canonical\" href=\"https:\/\/www.cec.org\/es\/novedades\/danos-tu-opinion-consulta-publica-sobre-el-nuevo-proyecto-red-de-comunidades-por-la-justicia-ambiental-de-la-cca\/\" \/>\n<meta property=\"og:locale\" content=\"es_ES\" \/>\n<meta property=\"og:type\" content=\"article\" \/>\n<meta property=\"og:title\" content=\"Danos tu opini\u00f3n: Consulta p\u00fablica sobre el nuevo proyecto Red de Comunidades por la Justicia Ambiental de la CCA\" \/>\n<meta property=\"og:description\" content=\"En los pr\u00f3ximos meses, la\u00a0Comisi\u00f3n para la Cooperaci\u00f3n Ambiental (CCA)\u00a0trabajar\u00e1 con comunidades de todos los rincones de Am\u00e9rica del Norte a fin de\" \/>\n<meta property=\"og:url\" content=\"https:\/\/www.cec.org\/es\/novedades\/danos-tu-opinion-consulta-publica-sobre-el-nuevo-proyecto-red-de-comunidades-por-la-justicia-ambiental-de-la-cca\/\" \/>\n<meta property=\"og:site_name\" content=\"Comisi\u00f3n para la Cooperaci\u00f3n Ambiental\" \/>\n<meta property=\"article:publisher\" content=\"https:\/\/www.facebook.com\/CECconnect\" \/>\n<meta property=\"article:modified_time\" content=\"2024-07-11T19:01:12+00:00\" \/>\n<meta property=\"og:image\" content=\"https:\/\/www.cec.org\/wp-content\/uploads\/CEC_JPAC-600-x-342-ES-1.jpg\" \/>\n\t<meta property=\"og:image:width\" content=\"600\" \/>\n\t<meta property=\"og:image:height\" content=\"342\" \/>\n\t<meta property=\"og:image:type\" content=\"image\/jpeg\" \/>\n<meta name=\"twitter:card\" content=\"summary_large_image\" \/>\n<meta name=\"twitter:site\" content=\"@CECweb\" \/>\n<script type=\"application\/ld+json\" class=\"yoast-schema-graph\">{\"@context\":\"https:\\\/\\\/schema.org\",\"@graph\":[{\"@type\":\"WebPage\",\"@id\":\"https:\\\/\\\/www.cec.org\\\/es\\\/novedades\\\/danos-tu-opinion-consulta-publica-sobre-el-nuevo-proyecto-red-de-comunidades-por-la-justicia-ambiental-de-la-cca\\\/\",\"url\":\"https:\\\/\\\/www.cec.org\\\/es\\\/novedades\\\/danos-tu-opinion-consulta-publica-sobre-el-nuevo-proyecto-red-de-comunidades-por-la-justicia-ambiental-de-la-cca\\\/\",\"name\":\"Consulta p\u00fablica sobre el nuevo proyecto Red de Comunidades por la Justicia Ambiental\",\"isPartOf\":{\"@id\":\"https:\\\/\\\/www.cec.org\\\/es\\\/#website\"},\"primaryImageOfPage\":{\"@id\":\"https:\\\/\\\/www.cec.org\\\/es\\\/novedades\\\/danos-tu-opinion-consulta-publica-sobre-el-nuevo-proyecto-red-de-comunidades-por-la-justicia-ambiental-de-la-cca\\\/#primaryimage\"},\"image\":{\"@id\":\"https:\\\/\\\/www.cec.org\\\/es\\\/novedades\\\/danos-tu-opinion-consulta-publica-sobre-el-nuevo-proyecto-red-de-comunidades-por-la-justicia-ambiental-de-la-cca\\\/#primaryimage\"},\"thumbnailUrl\":\"https:\\\/\\\/www.cec.org\\\/wp-content\\\/uploads\\\/CEC_JPAC-600-x-342-ES-1.jpg\",\"datePublished\":\"2022-11-04T20:34:20+00:00\",\"dateModified\":\"2024-07-11T19:01:12+00:00\",\"description\":\"En los pr\u00f3ximos meses, la\u00a0Comisi\u00f3n para la Cooperaci\u00f3n Ambiental (CCA)\u00a0trabajar\u00e1 con comunidades de todos los rincones de Am\u00e9rica del Norte a fin de\",\"breadcrumb\":{\"@id\":\"https:\\\/\\\/www.cec.org\\\/es\\\/novedades\\\/danos-tu-opinion-consulta-publica-sobre-el-nuevo-proyecto-red-de-comunidades-por-la-justicia-ambiental-de-la-cca\\\/#breadcrumb\"},\"inLanguage\":\"es\",\"potentialAction\":[{\"@type\":\"ReadAction\",\"target\":[\"https:\\\/\\\/www.cec.org\\\/es\\\/novedades\\\/danos-tu-opinion-consulta-publica-sobre-el-nuevo-proyecto-red-de-comunidades-por-la-justicia-ambiental-de-la-cca\\\/\"]}]},{\"@type\":\"ImageObject\",\"inLanguage\":\"es\",\"@id\":\"https:\\\/\\\/www.cec.org\\\/es\\\/novedades\\\/danos-tu-opinion-consulta-publica-sobre-el-nuevo-proyecto-red-de-comunidades-por-la-justicia-ambiental-de-la-cca\\\/#primaryimage\",\"url\":\"https:\\\/\\\/www.cec.org\\\/wp-content\\\/uploads\\\/CEC_JPAC-600-x-342-ES-1.jpg\",\"contentUrl\":\"https:\\\/\\\/www.cec.org\\\/wp-content\\\/uploads\\\/CEC_JPAC-600-x-342-ES-1.jpg\",\"width\":600,\"height\":342,\"caption\":\"Public Consultation 2022\"},{\"@type\":\"BreadcrumbList\",\"@id\":\"https:\\\/\\\/www.cec.org\\\/es\\\/novedades\\\/danos-tu-opinion-consulta-publica-sobre-el-nuevo-proyecto-red-de-comunidades-por-la-justicia-ambiental-de-la-cca\\\/#breadcrumb\",\"itemListElement\":[{\"@type\":\"ListItem\",\"position\":1,\"name\":\"Inicio\",\"item\":\"https:\\\/\\\/www.cec.org\\\/es\\\/\"},{\"@type\":\"ListItem\",\"position\":2,\"name\":\"Novedades\",\"item\":\"https:\\\/\\\/www.cec.org\\\/es\\\/novedades\\\/\"},{\"@type\":\"ListItem\",\"position\":3,\"name\":\"Danos tu opini\u00f3n: Consulta p\u00fablica sobre el nuevo proyecto Red de Comunidades por la Justicia Ambiental de la CCA\"}]},{\"@type\":\"WebSite\",\"@id\":\"https:\\\/\\\/www.cec.org\\\/es\\\/#website\",\"url\":\"https:\\\/\\\/www.cec.org\\\/es\\\/\",\"name\":\"Commission for Environmental Cooperation\",\"description\":\"Three countries working together to protect our shared environment\",\"alternateName\":\"CEC - CCA -CCE\",\"potentialAction\":[{\"@type\":\"SearchAction\",\"target\":{\"@type\":\"EntryPoint\",\"urlTemplate\":\"https:\\\/\\\/www.cec.org\\\/es\\\/?s={search_term_string}\"},\"query-input\":{\"@type\":\"PropertyValueSpecification\",\"valueRequired\":true,\"valueName\":\"search_term_string\"}}],\"inLanguage\":\"es\"}]}<\/script>\n<!-- \/ Yoast SEO Premium plugin. -->","yoast_head_json":{"title":"Consulta p\u00fablica sobre el nuevo proyecto Red de Comunidades por la Justicia Ambiental","description":"En los pr\u00f3ximos meses, la\u00a0Comisi\u00f3n para la Cooperaci\u00f3n Ambiental (CCA)\u00a0trabajar\u00e1 con comunidades de todos los rincones de Am\u00e9rica del Norte a fin de","robots":{"index":"index","follow":"follow","max-snippet":"max-snippet:-1","max-image-preview":"max-image-preview:large","max-video-preview":"max-video-preview:-1"},"canonical":"https:\/\/www.cec.org\/es\/novedades\/danos-tu-opinion-consulta-publica-sobre-el-nuevo-proyecto-red-de-comunidades-por-la-justicia-ambiental-de-la-cca\/","og_locale":"es_ES","og_type":"article","og_title":"Danos tu opini\u00f3n: Consulta p\u00fablica sobre el nuevo proyecto Red de Comunidades por la Justicia Ambiental de la CCA","og_description":"En los pr\u00f3ximos meses, la\u00a0Comisi\u00f3n para la Cooperaci\u00f3n Ambiental (CCA)\u00a0trabajar\u00e1 con comunidades de todos los rincones de Am\u00e9rica del Norte a fin de","og_url":"https:\/\/www.cec.org\/es\/novedades\/danos-tu-opinion-consulta-publica-sobre-el-nuevo-proyecto-red-de-comunidades-por-la-justicia-ambiental-de-la-cca\/","og_site_name":"Comisi\u00f3n para la Cooperaci\u00f3n Ambiental","article_publisher":"https:\/\/www.facebook.com\/CECconnect","article_modified_time":"2024-07-11T19:01:12+00:00","og_image":[{"width":600,"height":342,"url":"https:\/\/www.cec.org\/wp-content\/uploads\/CEC_JPAC-600-x-342-ES-1.jpg","type":"image\/jpeg"}],"twitter_card":"summary_large_image","twitter_site":"@CECweb","schema":{"@context":"https:\/\/schema.org","@graph":[{"@type":"WebPage","@id":"https:\/\/www.cec.org\/es\/novedades\/danos-tu-opinion-consulta-publica-sobre-el-nuevo-proyecto-red-de-comunidades-por-la-justicia-ambiental-de-la-cca\/","url":"https:\/\/www.cec.org\/es\/novedades\/danos-tu-opinion-consulta-publica-sobre-el-nuevo-proyecto-red-de-comunidades-por-la-justicia-ambiental-de-la-cca\/","name":"Consulta p\u00fablica sobre el nuevo proyecto Red de Comunidades por la Justicia Ambiental","isPartOf":{"@id":"https:\/\/www.cec.org\/es\/#website"},"primaryImageOfPage":{"@id":"https:\/\/www.cec.org\/es\/novedades\/danos-tu-opinion-consulta-publica-sobre-el-nuevo-proyecto-red-de-comunidades-por-la-justicia-ambiental-de-la-cca\/#primaryimage"},"image":{"@id":"https:\/\/www.cec.org\/es\/novedades\/danos-tu-opinion-consulta-publica-sobre-el-nuevo-proyecto-red-de-comunidades-por-la-justicia-ambiental-de-la-cca\/#primaryimage"},"thumbnailUrl":"https:\/\/www.cec.org\/wp-content\/uploads\/CEC_JPAC-600-x-342-ES-1.jpg","datePublished":"2022-11-04T20:34:20+00:00","dateModified":"2024-07-11T19:01:12+00:00","description":"En los pr\u00f3ximos meses, la\u00a0Comisi\u00f3n para la Cooperaci\u00f3n Ambiental (CCA)\u00a0trabajar\u00e1 con comunidades de todos los rincones de Am\u00e9rica del Norte a fin de","breadcrumb":{"@id":"https:\/\/www.cec.org\/es\/novedades\/danos-tu-opinion-consulta-publica-sobre-el-nuevo-proyecto-red-de-comunidades-por-la-justicia-ambiental-de-la-cca\/#breadcrumb"},"inLanguage":"es","potentialAction":[{"@type":"ReadAction","target":["https:\/\/www.cec.org\/es\/novedades\/danos-tu-opinion-consulta-publica-sobre-el-nuevo-proyecto-red-de-comunidades-por-la-justicia-ambiental-de-la-cca\/"]}]},{"@type":"ImageObject","inLanguage":"es","@id":"https:\/\/www.cec.org\/es\/novedades\/danos-tu-opinion-consulta-publica-sobre-el-nuevo-proyecto-red-de-comunidades-por-la-justicia-ambiental-de-la-cca\/#primaryimage","url":"https:\/\/www.cec.org\/wp-content\/uploads\/CEC_JPAC-600-x-342-ES-1.jpg","contentUrl":"https:\/\/www.cec.org\/wp-content\/uploads\/CEC_JPAC-600-x-342-ES-1.jpg","width":600,"height":342,"caption":"Public Consultation 2022"},{"@type":"BreadcrumbList","@id":"https:\/\/www.cec.org\/es\/novedades\/danos-tu-opinion-consulta-publica-sobre-el-nuevo-proyecto-red-de-comunidades-por-la-justicia-ambiental-de-la-cca\/#breadcrumb","itemListElement":[{"@type":"ListItem","position":1,"name":"Inicio","item":"https:\/\/www.cec.org\/es\/"},{"@type":"ListItem","position":2,"name":"Novedades","item":"https:\/\/www.cec.org\/es\/novedades\/"},{"@type":"ListItem","position":3,"name":"Danos tu opini\u00f3n: Consulta p\u00fablica sobre el nuevo proyecto Red de Comunidades por la Justicia Ambiental de la CCA"}]},{"@type":"WebSite","@id":"https:\/\/www.cec.org\/es\/#website","url":"https:\/\/www.cec.org\/es\/","name":"Commission for Environmental Cooperation","description":"Three countries working together to protect our shared environment","alternateName":"CEC - CCA -CCE","potentialAction":[{"@type":"SearchAction","target":{"@type":"EntryPoint","urlTemplate":"https:\/\/www.cec.org\/es\/?s={search_term_string}"},"query-input":{"@type":"PropertyValueSpecification","valueRequired":true,"valueName":"search_term_string"}}],"inLanguage":"es"}]}},"_links":{"self":[{"href":"https:\/\/www.cec.org\/es\/wp-json\/wp\/v2\/news\/50852","targetHints":{"allow":["GET"]}}],"collection":[{"href":"https:\/\/www.cec.org\/es\/wp-json\/wp\/v2\/news"}],"about":[{"href":"https:\/\/www.cec.org\/es\/wp-json\/wp\/v2\/types\/news"}],"wp:featuredmedia":[{"embeddable":true,"href":"https:\/\/www.cec.org\/es\/wp-json\/wp\/v2\/media\/50758"}],"wp:attachment":[{"href":"https:\/\/www.cec.org\/es\/wp-json\/wp\/v2\/media?parent=50852"}],"curies":[{"name":"wp","href":"https:\/\/api.w.org\/{rel}","templated":true}]}}