{"id":50091,"date":"2022-09-07T10:20:20","date_gmt":"2022-09-07T14:20:20","guid":{"rendered":"http:\/\/www.cec.org\/?post_type=newsletter&#038;p=50091"},"modified":"2025-11-19T16:53:38","modified_gmt":"2025-11-19T21:53:38","slug":"dia-internacional-aire-limpio-2022","status":"publish","type":"news","link":"https:\/\/www.cec.org\/es\/novedades\/dia-internacional-aire-limpio-2022\/","title":{"rendered":"D\u00eda Internacional del Aire Limpio 2022: \u201cCompartiendo el aire en Am\u00e9rica del Norte\u201d"},"content":{"rendered":"<p>Hoy, reunidos en Washington, D.C. para celebrar el\u00a0<a href=\"https:\/\/www.cleanairblueskies.org\/es\">D\u00eda Internacional del Aire Limpio: por un cielo azul<\/a>, con el tema de este a\u00f1o: \u201cEl aire que compartimos\u201d, reconocemos las acciones realizadas a lo largo de varias d\u00e9cadas mediante alianzas y asociaciones que han favorecido en forma significativa la calidad del aire en Am\u00e9rica del Norte. Tambi\u00e9n reconocemos que abordar los desaf\u00edos persistentes vinculados a la mejora de la calidad del aire puede contribuir al logro de importantes beneficios colaterales en materia de cambio clim\u00e1tico, al mejoramiento de la salud de nuestras comunidades y al fomento de la justicia ambiental, todo ello por medio de una colaboraci\u00f3n a\u00fan m\u00e1s estrecha lo mismo al interior que a trav\u00e9s de las fronteras.<\/p>\n<p>La contaminaci\u00f3n atmosf\u00e9rica sigue representando un severo desaf\u00edo mundial que, por su dimensi\u00f3n transfronteriza, entra\u00f1a repercusiones de gran alcance y supone uno de los mayores riesgos medioambientales para la salud humana. Origen de aproximadamente siete millones de muertes prematuras cada a\u00f1o, la mala calidad del aire figura entre las principales causas de mortalidad y enfermedad evitables en el mundo.<\/p>\n<p>En vista de que 90 por ciento de la poblaci\u00f3n mundial vive en zonas cuyo aire supera los l\u00edmites de contaminaci\u00f3n establecidos en las directrices sobre calidad del aire de la Organizaci\u00f3n Mundial de la Salud (OMS), y puesto que la contaminaci\u00f3n atmosf\u00e9rica ocupa el cuarto lugar entre los factores de riesgo de muerte, hace tres a\u00f1os la Asamblea General de las Naciones Unidas hizo sonar las alarmas e instituy\u00f3 el 7 de septiembre como el d\u00eda dedicado a sensibilizar, aumentar la conciencia y movilizar acciones para hacer frente a la contaminaci\u00f3n atmosf\u00e9rica.<\/p>\n<p>Cada vez es mayor el nivel de conciencia en torno a la calidad del aire y la naturaleza interconectada y transfronteriza de sus dimensiones ambientales, de salud humana y clim\u00e1ticas; asimismo, resulta clara la necesidad de actuar con mayor rapidez, determinaci\u00f3n y en conjunto para implementar intervenciones significativas a escala regional. Ya sea debido a la mejora en la calidad del aire derivada de la disminuci\u00f3n de las emisiones durante el confinamiento en la primera fase de la pandemia, o como consecuencia de la propagaci\u00f3n por toda la regi\u00f3n de humo t\u00f3xico resultante de los cada vez m\u00e1s frecuentes incendios forestales, lo cierto es que se observa un cambio en la percepci\u00f3n social ante las emergencias asociadas a la calidad del aire, mismas que generan una creciente preocupaci\u00f3n por las comunidades afectadas en toda Am\u00e9rica del Norte, al tiempo que suscitan un llamado de atenci\u00f3n y plantean la necesidad de una intervenci\u00f3n urgente y coordinada en toda la regi\u00f3n.<\/p>\n<p>Las acciones individuales y colectivas que se han llevado a cabo en favor de una mejor calidad del aire en el subcontinente \u2014como las facilitadas por la CCA con miras a promover el monitoreo de la calidad del aire, elaborar un marco coordinado para la medici\u00f3n de la contaminaci\u00f3n atmosf\u00e9rica y poner a disposici\u00f3n de los pa\u00edses y las partes interesadas datos comparables y compatibles\u2014 han permitido optimizar la toma de decisiones; aumentar la transparencia; lograr una mayor conciencia ciudadana en cuanto a la problem\u00e1tica de la calidad del aire, e impulsar el monitoreo y seguimiento de los avances registrados en Canad\u00e1, Estados Unidos y M\u00e9xico.<\/p>\n<p>Con miras al futuro, Am\u00e9rica del Norte \u2014en tanto regi\u00f3n\u2014 tiene un claro papel que desempe\u00f1ar como l\u00edder y agente catalizador en la mejora de la calidad del aire a escalas regional y mundial, al tiempo que impulsa acciones para enfrentar el cambio clim\u00e1tico y promueve la justicia ambiental, trabajando horizontalmente en todos los sectores y tambi\u00e9n en sentido vertical en todos los niveles de gobierno.<\/p>\n<p>Como voceros de la Comisi\u00f3n para la Cooperaci\u00f3n Ambiental, el Programa de las Naciones Unidas para el Medio Ambiente en Am\u00e9rica del Norte y el Instituto de Recursos Mundiales, tenemos el orgullo de reunirnos hoy en Washington, en compa\u00f1\u00eda de expertos y representantes de los gobiernos de Canad\u00e1, Estados Unidos y M\u00e9xico, con el fin de celebrar el\u00a0<em>D\u00eda Internacional del Aire Limpio: por un cielo azul<\/em>. Aprovechamos la oportunidad para dar a conocer y compartir los grandes avances que nuestros esfuerzos colectivos han contribuido a lograr en t\u00e9rminos de reducci\u00f3n de la contaminaci\u00f3n atmosf\u00e9rica en el subcontinente, y \u2014m\u00e1s importante\u2014 para refrendar que continuaremos reuniendo a expertos, responsables de la definici\u00f3n de pol\u00edticas y grupos de inter\u00e9s en el an\u00e1lisis de v\u00edas para fortalecer la colaboraci\u00f3n en el futuro, de forma que podamos sortear las dificultades relacionadas con la contaminaci\u00f3n atmosf\u00e9rica en Am\u00e9rica del Norte y allende.<\/p>\n<p>Adem\u00e1s de ocuparse de la contaminaci\u00f3n persistente y, con ello, abonar a la salud de las comunidades y fomentar la justicia ambiental, los esfuerzos que realizamos de manera conjunta en pro de una mejor calidad del aire en la regi\u00f3n tambi\u00e9n contribuyen a promover la protecci\u00f3n de la biodiversidad y atender las dimensiones interconectadas de nuestras pol\u00edticas medioambientales por cuanto a su repercusi\u00f3n en materia de cambio clim\u00e1tico.<\/p>\n<p>Si bien el D\u00eda Internacional del Aire Limpio es un recordatorio de \u201cEl aire que compartimos\u201d, tambi\u00e9n nos recuerda que nuestras responsabilidades hacia nuestro entorno, nuestro futuro, nuestras comunidades y el bienestar de las generaciones por venir son prioridades urgentes que dependen de las decisiones que tomemos ahora. Con la mirada puesta en las pr\u00f3ximas d\u00e9cadas de pol\u00edtica y acci\u00f3n, debemos actuar con audacia; aprovechar nuestros \u00e9xitos; reflexionar acerca de los desaf\u00edos pendientes, y tener el valor y la determinaci\u00f3n necesarios para afrontar el presente.<\/p>\n<p>\u201cLa adopci\u00f3n de medidas relativas a la calidad del aire va mucho m\u00e1s all\u00e1 de simplemente mejorar el aire que respiramos: la calidad del aire se relaciona de manera intr\u00ednseca con nuestras condiciones clim\u00e1ticas y nuestra biodiversidad, y reviste fundamental importancia para aumentar la resiliencia de las comunidades menos favorecidas y\u00a0vulnerables.\u201d \u2013\u00a0<em>Jorge Daniel Taillant, director ejecutivo de la Comisi\u00f3n para la Cooperaci\u00f3n Ambiental (CCA)<\/em><\/p>\n<p>\u201cEn Am\u00e9rica del Norte, gobiernos y otros sectores de inter\u00e9s cuentan con una rica y larga trayectoria de colaboraci\u00f3n y\u00a0acciones conjuntas orientadas a abordar la contaminaci\u00f3n del aire, lo mismo en territorio nacional que m\u00e1s all\u00e1 de sus\u00a0fronteras. Mucho puede aprenderse de esta experiencia regional para su adopci\u00f3n en lugares del mundo donde la\u00a0<em>limpieza<\/em>\u00a0del aire contin\u00faa siendo un urgente desaf\u00edo ambiental, de salud y de desarrollo.\u201d \u2013\u00a0<em>Barbara Hendrie,<\/em>\u00a0<em>directora de la Oficina Regional para Am\u00e9rica del Norte del Programa de las Naciones Unidas para el Medio Ambiente (PNUMA-ORPAN)<\/em><\/p>\n<p>\u201cCada a\u00f1o, la contaminaci\u00f3n atmosf\u00e9rica provoca alrededor de siete millones de muertes prematuras, 90 por ciento de\u00a0las cuales tiene lugar en pa\u00edses de ingresos bajos y medios. En aras de la salud, el clima y la justicia en el \u00e1mbito mundial, hemos de colaborar en todas las escalas para recopilar y compartir datos, realizar investigaciones e intercambiar mejores pr\u00e1cticas que, en conjunto, nos permitan limitar sus fuentes. La contaminaci\u00f3n del aire no respeta sectores o\u00a0fronteras geogr\u00e1ficas, por lo que tampoco las soluciones a esta problem\u00e1tica pueden circunscribirse geogr\u00e1ficamente.\u201d\u00a0 \u2013\u00a0<em>Ani Dasgupta,<\/em>\u00a0<em>presidente y director ejecutivo del Instituto de Recursos Mundiales (WRI, por sus siglas en ingl\u00e9s)<\/em><\/p>\n","protected":false},"excerpt":{"rendered":"<p>Hoy, reunidos en Washington, D.C. para celebrar el\u00a0D\u00eda Internacional del Aire Limpio: por un cielo azul, con el tema de este a\u00f1o: \u201cEl aire que compartimos\u201d, reconocemos las acciones realizadas a lo largo de varias d\u00e9cadas mediante alianzas y asociaciones que han favorecido en forma significativa la calidad del aire en Am\u00e9rica del Norte. Tambi\u00e9n [&hellip;]<\/p>\n","protected":false},"featured_media":50090,"template":"","class_list":["post-50091","news","type-news","status-publish","has-post-thumbnail","hentry","feed-alianzas-externas","feed-retc"],"acf":[],"yoast_head":"<!-- This site is optimized with the Yoast SEO Premium plugin v27.4 (Yoast SEO v27.4) - https:\/\/yoast.com\/product\/yoast-seo-premium-wordpress\/ -->\n<title>D\u00eda Internacional del Aire Limpio 2022: \u201cCompartiendo el aire en Am\u00e9rica del Norte\u201d<\/title>\n<meta name=\"description\" content=\"Hoy, reunidos en Washington, D.C. para celebrar el\u00a0D\u00eda Internacional del Aire Limpio: por un cielo azul, con el tema de este a\u00f1o: \u201cEl aire que\" \/>\n<meta name=\"robots\" content=\"index, follow, max-snippet:-1, max-image-preview:large, max-video-preview:-1\" \/>\n<link rel=\"canonical\" href=\"https:\/\/www.cec.org\/es\/novedades\/dia-internacional-aire-limpio-2022\/\" \/>\n<meta property=\"og:locale\" content=\"es_ES\" \/>\n<meta property=\"og:type\" content=\"article\" \/>\n<meta property=\"og:title\" content=\"D\u00eda Internacional del Aire Limpio 2022: \u201cCompartiendo el aire en Am\u00e9rica del Norte\u201d\" \/>\n<meta property=\"og:description\" content=\"Hoy, reunidos en Washington, D.C. para celebrar el\u00a0D\u00eda Internacional del Aire Limpio: por un cielo azul, con el tema de este a\u00f1o: \u201cEl aire que\" \/>\n<meta property=\"og:url\" content=\"https:\/\/www.cec.org\/es\/novedades\/dia-internacional-aire-limpio-2022\/\" \/>\n<meta property=\"og:site_name\" content=\"Comisi\u00f3n para la Cooperaci\u00f3n Ambiental\" \/>\n<meta property=\"article:publisher\" content=\"https:\/\/www.facebook.com\/CECconnect\" \/>\n<meta property=\"article:modified_time\" content=\"2025-11-19T21:53:38+00:00\" \/>\n<meta property=\"og:image\" content=\"https:\/\/www.cec.org\/wp-content\/uploads\/International-Day-of-Clean-Air-for-Blue-Skies-600x342-1.jpg\" \/>\n\t<meta property=\"og:image:width\" content=\"600\" \/>\n\t<meta property=\"og:image:height\" content=\"342\" \/>\n\t<meta property=\"og:image:type\" content=\"image\/jpeg\" \/>\n<meta name=\"twitter:card\" content=\"summary_large_image\" \/>\n<meta name=\"twitter:site\" content=\"@CECweb\" \/>\n<script type=\"application\/ld+json\" class=\"yoast-schema-graph\">{\"@context\":\"https:\\\/\\\/schema.org\",\"@graph\":[{\"@type\":\"WebPage\",\"@id\":\"https:\\\/\\\/www.cec.org\\\/es\\\/novedades\\\/dia-internacional-aire-limpio-2022\\\/\",\"url\":\"https:\\\/\\\/www.cec.org\\\/es\\\/novedades\\\/dia-internacional-aire-limpio-2022\\\/\",\"name\":\"D\u00eda Internacional del Aire Limpio 2022: \u201cCompartiendo el aire en Am\u00e9rica del Norte\u201d\",\"isPartOf\":{\"@id\":\"https:\\\/\\\/www.cec.org\\\/es\\\/#website\"},\"primaryImageOfPage\":{\"@id\":\"https:\\\/\\\/www.cec.org\\\/es\\\/novedades\\\/dia-internacional-aire-limpio-2022\\\/#primaryimage\"},\"image\":{\"@id\":\"https:\\\/\\\/www.cec.org\\\/es\\\/novedades\\\/dia-internacional-aire-limpio-2022\\\/#primaryimage\"},\"thumbnailUrl\":\"https:\\\/\\\/www.cec.org\\\/wp-content\\\/uploads\\\/International-Day-of-Clean-Air-for-Blue-Skies-600x342-1.jpg\",\"datePublished\":\"2022-09-07T14:20:20+00:00\",\"dateModified\":\"2025-11-19T21:53:38+00:00\",\"description\":\"Hoy, reunidos en Washington, D.C. para celebrar el\u00a0D\u00eda Internacional del Aire Limpio: por un cielo azul, con el tema de este a\u00f1o: \u201cEl aire que\",\"breadcrumb\":{\"@id\":\"https:\\\/\\\/www.cec.org\\\/es\\\/novedades\\\/dia-internacional-aire-limpio-2022\\\/#breadcrumb\"},\"inLanguage\":\"es\",\"potentialAction\":[{\"@type\":\"ReadAction\",\"target\":[\"https:\\\/\\\/www.cec.org\\\/es\\\/novedades\\\/dia-internacional-aire-limpio-2022\\\/\"]}]},{\"@type\":\"ImageObject\",\"inLanguage\":\"es\",\"@id\":\"https:\\\/\\\/www.cec.org\\\/es\\\/novedades\\\/dia-internacional-aire-limpio-2022\\\/#primaryimage\",\"url\":\"https:\\\/\\\/www.cec.org\\\/wp-content\\\/uploads\\\/International-Day-of-Clean-Air-for-Blue-Skies-600x342-1.jpg\",\"contentUrl\":\"https:\\\/\\\/www.cec.org\\\/wp-content\\\/uploads\\\/International-Day-of-Clean-Air-for-Blue-Skies-600x342-1.jpg\",\"width\":600,\"height\":342,\"caption\":\"Declaraci\u00f3n conjunta en el D\u00eda Internacional del Aire Limpio: por un cielo azul, por el director ejecutivo de la Comisi\u00f3n para la Cooperaci\u00f3n Ambiental (CCA), Jorge Daniel Taillant; la directora de la Oficina Regional para Am\u00e9rica del Norte del Programa de las Naciones Unidas para el Medio Ambiente (PNUMA-ORPAN), Barbara Hendrie, y el presidente y director ejecutivo del Instituto de Recursos Mundiales (WRI, por sus siglas en ingl\u00e9s), Ani Dasgupta\"},{\"@type\":\"BreadcrumbList\",\"@id\":\"https:\\\/\\\/www.cec.org\\\/es\\\/novedades\\\/dia-internacional-aire-limpio-2022\\\/#breadcrumb\",\"itemListElement\":[{\"@type\":\"ListItem\",\"position\":1,\"name\":\"Inicio\",\"item\":\"https:\\\/\\\/www.cec.org\\\/es\\\/\"},{\"@type\":\"ListItem\",\"position\":2,\"name\":\"Novedades\",\"item\":\"https:\\\/\\\/www.cec.org\\\/es\\\/novedades\\\/\"},{\"@type\":\"ListItem\",\"position\":3,\"name\":\"D\u00eda Internacional del Aire Limpio 2022: \u201cCompartiendo el aire en Am\u00e9rica del Norte\u201d\"}]},{\"@type\":\"WebSite\",\"@id\":\"https:\\\/\\\/www.cec.org\\\/es\\\/#website\",\"url\":\"https:\\\/\\\/www.cec.org\\\/es\\\/\",\"name\":\"Commission for Environmental Cooperation\",\"description\":\"Three countries working together to protect our shared environment\",\"alternateName\":\"CEC - CCA -CCE\",\"potentialAction\":[{\"@type\":\"SearchAction\",\"target\":{\"@type\":\"EntryPoint\",\"urlTemplate\":\"https:\\\/\\\/www.cec.org\\\/es\\\/?s={search_term_string}\"},\"query-input\":{\"@type\":\"PropertyValueSpecification\",\"valueRequired\":true,\"valueName\":\"search_term_string\"}}],\"inLanguage\":\"es\"}]}<\/script>\n<!-- \/ Yoast SEO Premium plugin. -->","yoast_head_json":{"title":"D\u00eda Internacional del Aire Limpio 2022: \u201cCompartiendo el aire en Am\u00e9rica del Norte\u201d","description":"Hoy, reunidos en Washington, D.C. para celebrar el\u00a0D\u00eda Internacional del Aire Limpio: por un cielo azul, con el tema de este a\u00f1o: \u201cEl aire que","robots":{"index":"index","follow":"follow","max-snippet":"max-snippet:-1","max-image-preview":"max-image-preview:large","max-video-preview":"max-video-preview:-1"},"canonical":"https:\/\/www.cec.org\/es\/novedades\/dia-internacional-aire-limpio-2022\/","og_locale":"es_ES","og_type":"article","og_title":"D\u00eda Internacional del Aire Limpio 2022: \u201cCompartiendo el aire en Am\u00e9rica del Norte\u201d","og_description":"Hoy, reunidos en Washington, D.C. para celebrar el\u00a0D\u00eda Internacional del Aire Limpio: por un cielo azul, con el tema de este a\u00f1o: \u201cEl aire que","og_url":"https:\/\/www.cec.org\/es\/novedades\/dia-internacional-aire-limpio-2022\/","og_site_name":"Comisi\u00f3n para la Cooperaci\u00f3n Ambiental","article_publisher":"https:\/\/www.facebook.com\/CECconnect","article_modified_time":"2025-11-19T21:53:38+00:00","og_image":[{"width":600,"height":342,"url":"https:\/\/www.cec.org\/wp-content\/uploads\/International-Day-of-Clean-Air-for-Blue-Skies-600x342-1.jpg","type":"image\/jpeg"}],"twitter_card":"summary_large_image","twitter_site":"@CECweb","schema":{"@context":"https:\/\/schema.org","@graph":[{"@type":"WebPage","@id":"https:\/\/www.cec.org\/es\/novedades\/dia-internacional-aire-limpio-2022\/","url":"https:\/\/www.cec.org\/es\/novedades\/dia-internacional-aire-limpio-2022\/","name":"D\u00eda Internacional del Aire Limpio 2022: \u201cCompartiendo el aire en Am\u00e9rica del Norte\u201d","isPartOf":{"@id":"https:\/\/www.cec.org\/es\/#website"},"primaryImageOfPage":{"@id":"https:\/\/www.cec.org\/es\/novedades\/dia-internacional-aire-limpio-2022\/#primaryimage"},"image":{"@id":"https:\/\/www.cec.org\/es\/novedades\/dia-internacional-aire-limpio-2022\/#primaryimage"},"thumbnailUrl":"https:\/\/www.cec.org\/wp-content\/uploads\/International-Day-of-Clean-Air-for-Blue-Skies-600x342-1.jpg","datePublished":"2022-09-07T14:20:20+00:00","dateModified":"2025-11-19T21:53:38+00:00","description":"Hoy, reunidos en Washington, D.C. para celebrar el\u00a0D\u00eda Internacional del Aire Limpio: por un cielo azul, con el tema de este a\u00f1o: \u201cEl aire que","breadcrumb":{"@id":"https:\/\/www.cec.org\/es\/novedades\/dia-internacional-aire-limpio-2022\/#breadcrumb"},"inLanguage":"es","potentialAction":[{"@type":"ReadAction","target":["https:\/\/www.cec.org\/es\/novedades\/dia-internacional-aire-limpio-2022\/"]}]},{"@type":"ImageObject","inLanguage":"es","@id":"https:\/\/www.cec.org\/es\/novedades\/dia-internacional-aire-limpio-2022\/#primaryimage","url":"https:\/\/www.cec.org\/wp-content\/uploads\/International-Day-of-Clean-Air-for-Blue-Skies-600x342-1.jpg","contentUrl":"https:\/\/www.cec.org\/wp-content\/uploads\/International-Day-of-Clean-Air-for-Blue-Skies-600x342-1.jpg","width":600,"height":342,"caption":"Declaraci\u00f3n conjunta en el D\u00eda Internacional del Aire Limpio: por un cielo azul, por el director ejecutivo de la Comisi\u00f3n para la Cooperaci\u00f3n Ambiental (CCA), Jorge Daniel Taillant; la directora de la Oficina Regional para Am\u00e9rica del Norte del Programa de las Naciones Unidas para el Medio Ambiente (PNUMA-ORPAN), Barbara Hendrie, y el presidente y director ejecutivo del Instituto de Recursos Mundiales (WRI, por sus siglas en ingl\u00e9s), Ani Dasgupta"},{"@type":"BreadcrumbList","@id":"https:\/\/www.cec.org\/es\/novedades\/dia-internacional-aire-limpio-2022\/#breadcrumb","itemListElement":[{"@type":"ListItem","position":1,"name":"Inicio","item":"https:\/\/www.cec.org\/es\/"},{"@type":"ListItem","position":2,"name":"Novedades","item":"https:\/\/www.cec.org\/es\/novedades\/"},{"@type":"ListItem","position":3,"name":"D\u00eda Internacional del Aire Limpio 2022: \u201cCompartiendo el aire en Am\u00e9rica del Norte\u201d"}]},{"@type":"WebSite","@id":"https:\/\/www.cec.org\/es\/#website","url":"https:\/\/www.cec.org\/es\/","name":"Commission for Environmental Cooperation","description":"Three countries working together to protect our shared environment","alternateName":"CEC - CCA -CCE","potentialAction":[{"@type":"SearchAction","target":{"@type":"EntryPoint","urlTemplate":"https:\/\/www.cec.org\/es\/?s={search_term_string}"},"query-input":{"@type":"PropertyValueSpecification","valueRequired":true,"valueName":"search_term_string"}}],"inLanguage":"es"}]}},"_links":{"self":[{"href":"https:\/\/www.cec.org\/es\/wp-json\/wp\/v2\/news\/50091","targetHints":{"allow":["GET"]}}],"collection":[{"href":"https:\/\/www.cec.org\/es\/wp-json\/wp\/v2\/news"}],"about":[{"href":"https:\/\/www.cec.org\/es\/wp-json\/wp\/v2\/types\/news"}],"wp:featuredmedia":[{"embeddable":true,"href":"https:\/\/www.cec.org\/es\/wp-json\/wp\/v2\/media\/50090"}],"wp:attachment":[{"href":"https:\/\/www.cec.org\/es\/wp-json\/wp\/v2\/media?parent=50091"}],"curies":[{"name":"wp","href":"https:\/\/api.w.org\/{rel}","templated":true}]}}