{"id":30063,"date":"2011-03-16T00:00:00","date_gmt":"2011-03-16T04:00:00","guid":{"rendered":"http:\/\/www.cec.org\/news\/media-releases\/reserve-la-fecha-sesion-2011-del-consejo-de-la-cca\/"},"modified":"2026-01-24T13:53:10","modified_gmt":"2026-01-24T18:53:10","slug":"reserve-la-fecha-sesion-2011-del-consejo-de-la-cca","status":"publish","type":"news","link":"https:\/\/www.cec.org\/es\/novedades\/reserve-la-fecha-sesion-2011-del-consejo-de-la-cca\/","title":{"rendered":"Reserve la fecha: sesi\u00f3n 2011 del Consejo de la CCA"},"content":{"rendered":"<p><em>El evento, a celebrarse en Montreal, Quebec, incluir\u00e1 un foro p\u00fablico<\/em><\/p>\n<p><strong>Montreal, a 16 de marzo de 2011.<\/strong>\u00a0La Comisi\u00f3n para la Cooperaci\u00f3n Ambiental (CCA) de Am\u00e9rica del Norte celebrar\u00e1 la decimoctava sesi\u00f3n ordinaria de su Consejo y otros eventos relacionados los d\u00edas 21 y 22 de junio de 2011 en Montreal, Canad\u00e1.<\/p>\n<p>El Consejo de la CCA \u2014integrado por el ministro de Medio Ambiente de Canad\u00e1, Peter Kent; la administradora de la Agencia de Protecci\u00f3n Ambiental de Estados Unidos, Lisa P. Jackson, y el titular de la Secretar\u00eda de Medio Ambiente y Recursos Naturales, Juan Elvira Quesada\u2014 examinar\u00e1 temas ambientales de inter\u00e9s com\u00fan y brindar\u00e1 orientaci\u00f3n para el programa de trabajo de la Comisi\u00f3n.<\/p>\n<p>Las actividades p\u00fablicas dar\u00e1n inicio el 21 de junio con un foro organizado por el Comit\u00e9 Consultivo P\u00fablico Conjunto (CCPC) de la CCA, cuyo tema se anunciar\u00e1 pr\u00f3ximamente. Los miembros del CCPC \u2014cinco ciudadanos nombrados por cada pa\u00eds\u2014 considerar\u00e1n los resultados de este foro en sus recomendaciones al Consejo.<\/p>\n","protected":false},"excerpt":{"rendered":"<p>El evento, a celebrarse en Montreal, Quebec, incluir\u00e1 un foro p\u00fablico Montreal, a 16 de marzo de 2011.\u00a0La Comisi\u00f3n para la Cooperaci\u00f3n Ambiental (CCA) de Am\u00e9rica del Norte celebrar\u00e1 la decimoctava sesi\u00f3n ordinaria de su Consejo y otros eventos relacionados los d\u00edas 21 y 22 de junio de 2011 en Montreal, Canad\u00e1. El Consejo de [&hellip;]<\/p>\n","protected":false},"featured_media":0,"template":"","class_list":["post-30063","news","type-news","status-publish","hentry","feed-aplicacion-de-la-legislacion","feed-cambio-climatico","feed-ccpc","feed-consejo","feed-contaminantes","feed-ecosistemas","feed-vida-y-economias-sustentables"],"acf":[],"yoast_head":"<!-- This site is optimized with the Yoast SEO Premium plugin v27.4 (Yoast SEO v27.4) - https:\/\/yoast.com\/product\/yoast-seo-premium-wordpress\/ -->\n<title>Reserve la fecha: sesi\u00f3n 2011 del Consejo de la CCA<\/title>\n<meta name=\"description\" content=\"El evento, a celebrarse en Montreal, Quebec, incluir\u00e1 un foro p\u00fablico Montreal, a 16 de marzo de 2011.\u00a0La Comisi\u00f3n para la Cooperaci\u00f3n Ambiental (CCA) de\" \/>\n<meta name=\"robots\" content=\"index, follow, max-snippet:-1, max-image-preview:large, max-video-preview:-1\" \/>\n<link rel=\"canonical\" href=\"https:\/\/www.cec.org\/es\/novedades\/reserve-la-fecha-sesion-2011-del-consejo-de-la-cca\/\" \/>\n<meta property=\"og:locale\" content=\"es_ES\" \/>\n<meta property=\"og:type\" content=\"article\" \/>\n<meta property=\"og:title\" content=\"Reserve la fecha: sesi\u00f3n 2011 del Consejo de la CCA\" \/>\n<meta property=\"og:description\" content=\"El evento, a celebrarse en Montreal, Quebec, incluir\u00e1 un foro p\u00fablico Montreal, a 16 de marzo de 2011.\u00a0La Comisi\u00f3n para la Cooperaci\u00f3n Ambiental (CCA) de\" \/>\n<meta property=\"og:url\" content=\"https:\/\/www.cec.org\/es\/novedades\/reserve-la-fecha-sesion-2011-del-consejo-de-la-cca\/\" \/>\n<meta property=\"og:site_name\" content=\"Comisi\u00f3n para la Cooperaci\u00f3n Ambiental\" \/>\n<meta property=\"article:publisher\" content=\"https:\/\/www.facebook.com\/CECconnect\" \/>\n<meta property=\"article:modified_time\" content=\"2026-01-24T18:53:10+00:00\" \/>\n<meta property=\"og:image\" content=\"https:\/\/www.cec.org\/wp-content\/uploads\/cec-cover2023.webp\" \/>\n\t<meta property=\"og:image:width\" content=\"1200\" \/>\n\t<meta property=\"og:image:height\" content=\"630\" \/>\n\t<meta property=\"og:image:type\" content=\"image\/webp\" \/>\n<meta name=\"twitter:card\" content=\"summary_large_image\" \/>\n<meta name=\"twitter:site\" content=\"@CECweb\" \/>\n<script type=\"application\/ld+json\" class=\"yoast-schema-graph\">{\"@context\":\"https:\\\/\\\/schema.org\",\"@graph\":[{\"@type\":\"WebPage\",\"@id\":\"https:\\\/\\\/www.cec.org\\\/es\\\/novedades\\\/reserve-la-fecha-sesion-2011-del-consejo-de-la-cca\\\/\",\"url\":\"https:\\\/\\\/www.cec.org\\\/es\\\/novedades\\\/reserve-la-fecha-sesion-2011-del-consejo-de-la-cca\\\/\",\"name\":\"Reserve la fecha: sesi\u00f3n 2011 del Consejo de la CCA\",\"isPartOf\":{\"@id\":\"https:\\\/\\\/www.cec.org\\\/es\\\/#website\"},\"datePublished\":\"2011-03-16T04:00:00+00:00\",\"dateModified\":\"2026-01-24T18:53:10+00:00\",\"description\":\"El evento, a celebrarse en Montreal, Quebec, incluir\u00e1 un foro p\u00fablico Montreal, a 16 de marzo de 2011.\u00a0La Comisi\u00f3n para la Cooperaci\u00f3n Ambiental (CCA) de\",\"breadcrumb\":{\"@id\":\"https:\\\/\\\/www.cec.org\\\/es\\\/novedades\\\/reserve-la-fecha-sesion-2011-del-consejo-de-la-cca\\\/#breadcrumb\"},\"inLanguage\":\"es\",\"potentialAction\":[{\"@type\":\"ReadAction\",\"target\":[\"https:\\\/\\\/www.cec.org\\\/es\\\/novedades\\\/reserve-la-fecha-sesion-2011-del-consejo-de-la-cca\\\/\"]}]},{\"@type\":\"BreadcrumbList\",\"@id\":\"https:\\\/\\\/www.cec.org\\\/es\\\/novedades\\\/reserve-la-fecha-sesion-2011-del-consejo-de-la-cca\\\/#breadcrumb\",\"itemListElement\":[{\"@type\":\"ListItem\",\"position\":1,\"name\":\"Inicio\",\"item\":\"https:\\\/\\\/www.cec.org\\\/es\\\/\"},{\"@type\":\"ListItem\",\"position\":2,\"name\":\"Novedades\",\"item\":\"https:\\\/\\\/www.cec.org\\\/es\\\/novedades\\\/\"},{\"@type\":\"ListItem\",\"position\":3,\"name\":\"Reserve la fecha: sesi\u00f3n 2011 del Consejo de la CCA\"}]},{\"@type\":\"WebSite\",\"@id\":\"https:\\\/\\\/www.cec.org\\\/es\\\/#website\",\"url\":\"https:\\\/\\\/www.cec.org\\\/es\\\/\",\"name\":\"Commission for Environmental Cooperation\",\"description\":\"Three countries working together to protect our shared environment\",\"alternateName\":\"CEC - CCA -CCE\",\"potentialAction\":[{\"@type\":\"SearchAction\",\"target\":{\"@type\":\"EntryPoint\",\"urlTemplate\":\"https:\\\/\\\/www.cec.org\\\/es\\\/?s={search_term_string}\"},\"query-input\":{\"@type\":\"PropertyValueSpecification\",\"valueRequired\":true,\"valueName\":\"search_term_string\"}}],\"inLanguage\":\"es\"}]}<\/script>\n<!-- \/ Yoast SEO Premium plugin. -->","yoast_head_json":{"title":"Reserve la fecha: sesi\u00f3n 2011 del Consejo de la CCA","description":"El evento, a celebrarse en Montreal, Quebec, incluir\u00e1 un foro p\u00fablico Montreal, a 16 de marzo de 2011.\u00a0La Comisi\u00f3n para la Cooperaci\u00f3n Ambiental (CCA) de","robots":{"index":"index","follow":"follow","max-snippet":"max-snippet:-1","max-image-preview":"max-image-preview:large","max-video-preview":"max-video-preview:-1"},"canonical":"https:\/\/www.cec.org\/es\/novedades\/reserve-la-fecha-sesion-2011-del-consejo-de-la-cca\/","og_locale":"es_ES","og_type":"article","og_title":"Reserve la fecha: sesi\u00f3n 2011 del Consejo de la CCA","og_description":"El evento, a celebrarse en Montreal, Quebec, incluir\u00e1 un foro p\u00fablico Montreal, a 16 de marzo de 2011.\u00a0La Comisi\u00f3n para la Cooperaci\u00f3n Ambiental (CCA) de","og_url":"https:\/\/www.cec.org\/es\/novedades\/reserve-la-fecha-sesion-2011-del-consejo-de-la-cca\/","og_site_name":"Comisi\u00f3n para la Cooperaci\u00f3n Ambiental","article_publisher":"https:\/\/www.facebook.com\/CECconnect","article_modified_time":"2026-01-24T18:53:10+00:00","og_image":[{"width":1200,"height":630,"url":"https:\/\/www.cec.org\/wp-content\/uploads\/cec-cover2023.webp","type":"image\/webp"}],"twitter_card":"summary_large_image","twitter_site":"@CECweb","schema":{"@context":"https:\/\/schema.org","@graph":[{"@type":"WebPage","@id":"https:\/\/www.cec.org\/es\/novedades\/reserve-la-fecha-sesion-2011-del-consejo-de-la-cca\/","url":"https:\/\/www.cec.org\/es\/novedades\/reserve-la-fecha-sesion-2011-del-consejo-de-la-cca\/","name":"Reserve la fecha: sesi\u00f3n 2011 del Consejo de la CCA","isPartOf":{"@id":"https:\/\/www.cec.org\/es\/#website"},"datePublished":"2011-03-16T04:00:00+00:00","dateModified":"2026-01-24T18:53:10+00:00","description":"El evento, a celebrarse en Montreal, Quebec, incluir\u00e1 un foro p\u00fablico Montreal, a 16 de marzo de 2011.\u00a0La Comisi\u00f3n para la Cooperaci\u00f3n Ambiental (CCA) de","breadcrumb":{"@id":"https:\/\/www.cec.org\/es\/novedades\/reserve-la-fecha-sesion-2011-del-consejo-de-la-cca\/#breadcrumb"},"inLanguage":"es","potentialAction":[{"@type":"ReadAction","target":["https:\/\/www.cec.org\/es\/novedades\/reserve-la-fecha-sesion-2011-del-consejo-de-la-cca\/"]}]},{"@type":"BreadcrumbList","@id":"https:\/\/www.cec.org\/es\/novedades\/reserve-la-fecha-sesion-2011-del-consejo-de-la-cca\/#breadcrumb","itemListElement":[{"@type":"ListItem","position":1,"name":"Inicio","item":"https:\/\/www.cec.org\/es\/"},{"@type":"ListItem","position":2,"name":"Novedades","item":"https:\/\/www.cec.org\/es\/novedades\/"},{"@type":"ListItem","position":3,"name":"Reserve la fecha: sesi\u00f3n 2011 del Consejo de la CCA"}]},{"@type":"WebSite","@id":"https:\/\/www.cec.org\/es\/#website","url":"https:\/\/www.cec.org\/es\/","name":"Commission for Environmental Cooperation","description":"Three countries working together to protect our shared environment","alternateName":"CEC - CCA -CCE","potentialAction":[{"@type":"SearchAction","target":{"@type":"EntryPoint","urlTemplate":"https:\/\/www.cec.org\/es\/?s={search_term_string}"},"query-input":{"@type":"PropertyValueSpecification","valueRequired":true,"valueName":"search_term_string"}}],"inLanguage":"es"}]}},"_links":{"self":[{"href":"https:\/\/www.cec.org\/es\/wp-json\/wp\/v2\/news\/30063","targetHints":{"allow":["GET"]}}],"collection":[{"href":"https:\/\/www.cec.org\/es\/wp-json\/wp\/v2\/news"}],"about":[{"href":"https:\/\/www.cec.org\/es\/wp-json\/wp\/v2\/types\/news"}],"wp:attachment":[{"href":"https:\/\/www.cec.org\/es\/wp-json\/wp\/v2\/media?parent=30063"}],"curies":[{"name":"wp","href":"https:\/\/api.w.org\/{rel}","templated":true}]}}